{"id":582758,"date":"2024-12-14T14:09:10","date_gmt":"2024-12-14T18:09:10","guid":{"rendered":"https:\/\/diariodominicano.com\/?p=582758"},"modified":"2024-12-14T14:11:33","modified_gmt":"2024-12-14T18:11:33","slug":"rusia-reduce-su-presencia-en-siria-pero-no-deja-el-pais-fuentes","status":"publish","type":"post","link":"https:\/\/diariodominicano.com\/?p=582758","title":{"rendered":"Rusia reduce su presencia en Siria, pero no deja el pa\u00eds: fuentes"},"content":{"rendered":"\n<p>ARCHIVO &#8211; Un helic\u00f3ptero de ataque militar Kamov Ka-52 Alligator de la Fuerza A\u00e9rea rusa es fotografiado junto a otros camiones y veh\u00edculos en la base a\u00e9rea rusa del aeropuerto de Qamishli, en el noreste de Siria, el 12 de diciembre de 2024. AFP<\/p>\n\n\n\n<p>diciembre 14, 2024<\/p>\n\n\n\n<ul class=\"wp-block-list\">\n<li><a href=\"https:\/\/www.vozdeamerica.com\/author\/reuters\/riv_i\">Reuters<\/a><\/li>\n<\/ul>\n\n\n\n<ul class=\"wp-block-list\">\n<li><a href=\"https:\/\/facebook.com\/sharer.php?u=https%3a%2f%2fwww.vozdeamerica.com%2fa%2frusia-presencia-siria-pais-fuentes%2f7901394.html\" target=\"_blank\" rel=\"noreferrer noopener\"><\/a><\/li>\n\n\n\n<li><a href=\"https:\/\/twitter.com\/share?url=https%3a%2f%2fwww.vozdeamerica.com%2fa%2frusia-presencia-siria-pais-fuentes%2f7901394.html&amp;text=Rusia+reduce+su+presencia+en+Siria%2c+pero+no+deja+el+pa%c3%ads%3a+fuentes\" target=\"_blank\" rel=\"noreferrer noopener\"><\/a><\/li>\n\n\n\n<li><\/li>\n\n\n\n<li><a href=\"mailto:?body=https%3a%2f%2fwww.vozdeamerica.com%2fa%2frusia-presencia-siria-pais-fuentes%2f7901394.html&amp;subject=Rusia%20reduce%20su%20presencia%20en%20Siria,%20pero%20no%20deja%20el%20pa%C3%ADs:%20fuentes\"><\/a><\/li>\n<\/ul>\n\n\n\n<p><a href=\"https:\/\/www.vozdeamerica.com\/a\/rusia-presencia-siria-pais-fuentes\/7901394.html#comments\">&nbsp;Vea comentarios<\/a><\/p>\n\n\n\n<p>Tras la ca\u00edda de Bashar al-Assad, Rusia comenz\u00f3 a retirar las fuerzas enviadas a Siria para apoyar al derrocado presidente, aunque mantendr\u00e1 sus principales bases en Hmeimim y Tart\u00fas, esenciales para su influencia en el Mediterr\u00e1neo, informaron fuentes sirias.<\/p>\n\n\n\n<p>TART\u00daS, SIRIA \u2014&nbsp;<\/p>\n\n\n\n<p>Rusia est\u00e1 retirando a sus militares de las l\u00edneas del frente en el norte de Siria y de los puestos en las monta\u00f1as alauitas, pero no abandonar\u00e1 sus dos principales bases en el pa\u00eds tras la ca\u00edda del presidente Bashar al-Assad, dijeron a Reuters cuatro funcionarios sirios.<\/p>\n\n\n\n<p>El derrocamiento de al-Assad, que junto con su difunto padre, el expresidente Hafez al-Assad, hab\u00eda forjado una estrecha alianza con Mosc\u00fa, ha puesto en entredicho el futuro de las bases rusas: la base a\u00e9rea de Hmeimim en Latakia y las instalaciones navales de Tart\u00fas.<\/p>\n\n\n\n<p>Im\u00e1genes de sat\u00e9lite del viernes muestran lo que parec\u00edan ser al menos dos Antonov AN-124, entre los aviones de carga m\u00e1s grandes del mundo, en la base de Hmeimim con sus conos de nariz abiertos, aparentemente prepar\u00e1ndose para cargar.<\/p>\n\n\n\n<p><video poster=\"https:\/\/gdb.voanews.com\/f064c5e4-74d2-49e9-a627-83c4639ad687_tv_w650_r1.jpg\" src=\"blob:https:\/\/www.vozdeamerica.com\/28f2fdb4-18a8-439d-b2f5-bac522b202e8\" height=\"381\" width=\"676\"><\/video><\/p>\n\n\n\n<h5 class=\"wp-block-heading\"><a href=\"https:\/\/www.vozdeamerica.com\/a\/7900834.html\" target=\"_blank\" rel=\"noreferrer noopener\">J\u00fabilo en el primer viernes de rezo en Siria tras el derrocamiento de Assad<\/a><\/h5>\n\n\n\n<ul class=\"wp-block-list\">\n<li><a href=\"https:\/\/facebook.com\/sharer.php?u=https%3a%2f%2fwww.vozdeamerica.com%2fa%2f7900834.html\" target=\"_blank\" rel=\"noreferrer noopener\">Comparta en Facebook<\/a><\/li>\n\n\n\n<li><a href=\"https:\/\/twitter.com\/share?url=https%3a%2f%2fwww.vozdeamerica.com%2fa%2f7900834.html&amp;text=J%c3%babilo+en+el+primer+viernes+de+rezo+en+Siria+tras+el+derrocamiento+de+Assad\" target=\"_blank\" rel=\"noreferrer noopener\">Comparta en Twitter<\/a><\/li>\n<\/ul>\n\n\n\n<hr class=\"wp-block-separator has-alpha-channel-opacity\"\/>\n\n\n\n<p><a href=\"https:\/\/www.vozdeamerica.com\/embed\/player\/Article\/7900834.html?type=video&amp;FullScreenMode=True\" target=\"_blank\" rel=\"noreferrer noopener\"><\/a><\/p>\n\n\n\n<p>&nbsp;Descargar&nbsp;<\/p>\n\n\n\n<p>Al menos un avi\u00f3n de carga sali\u00f3 el s\u00e1bado con destino a Libia, dijo un funcionario de seguridad sirio apostado fuera de las instalaciones.<\/p>\n\n\n\n<p>Fuentes militares y de seguridad sirias en contacto con los rusos dijeron a Reuters que Mosc\u00fa estaba retirando sus fuerzas de las l\u00edneas del frente y retirando algunos equipos pesados y oficiales sirios de alto rango.<\/p>\n\n\n\n<p>Pero las fuentes, que hablaron bajo condici\u00f3n de anonimato debido a lo delicado de la situaci\u00f3n, dijeron que Rusia no estaba retirando sus dos bases principales y actualmente no ten\u00eda intenci\u00f3n de hacerlo.<\/p>\n\n\n\n<p>Algunos equipos est\u00e1n siendo enviados de vuelta a Mosc\u00fa, al igual que oficiales de muy alto rango del Ej\u00e9rcito de al-Assad, pero el objetivo en esta etapa es reagruparse y redesplegarse seg\u00fan lo dicten los acontecimientos sobre el terreno, dijo a Reuters un oficial de alto rango del Ej\u00e9rcito sirio en contacto con los militares rusos.<\/p>\n\n\n\n<figure class=\"wp-block-image\"><img decoding=\"async\" src=\"https:\/\/gdb.voanews.com\/68ed8db9-10b2-4894-b7f5-9ae00d693369_w250_r1.jpg\" alt=\"Israel afianza su presencia militar en Siria para destruir las capacidades militares del antiguo ej\u00e9rcito de Bashar Al Assad\" title=\"Israel afianza su presencia militar en Siria para destruir las capacidades militares del antiguo ej\u00e9rcito de Bashar Al Assad\"\/><\/figure>\n\n\n\n<h5 class=\"wp-block-heading\"><a href=\"https:\/\/www.vozdeamerica.com\/a\/7900066.html\" target=\"_blank\" rel=\"noreferrer noopener\">Israel afianza su presencia militar en Siria para destruir las capacidades militares del antiguo ej\u00e9rcito de Bashar Al Assad<\/a><\/h5>\n\n\n\n<p><small>Por&nbsp;<a href=\"https:\/\/www.vozdeamerica.com\/\" target=\"_blank\" rel=\"noreferrer noopener\">Voz de Am\u00e9rica<\/a><\/small><\/p>\n\n\n\n<p>\u00a0<\/p>\n\n\n\n<ul class=\"wp-block-list\">\n<li><a href=\"https:\/\/facebook.com\/sharer.php?u=https%3a%2f%2fwww.vozdeamerica.com%2fa%2f7900066.html\" target=\"_blank\" rel=\"noreferrer noopener\">Comparta en Facebook<\/a><\/li>\n\n\n\n<li><a href=\"https:\/\/twitter.com\/share?url=https%3a%2f%2fwww.vozdeamerica.com%2fa%2f7900066.html&amp;text=Israel+afianza+su+presencia+militar+en+Siria+para+destruir+las+capacidades+militares+del+antiguo+ej%c3%a9rcito+de+Bashar+Al+Assad\" target=\"_blank\" rel=\"noreferrer noopener\">Comparta en Twitter<\/a><\/li>\n<\/ul>\n\n\n\n<hr class=\"wp-block-separator has-alpha-channel-opacity\"\/>\n\n\n\n<p>&nbsp;Descargar&nbsp;&nbsp;Pop-out player<\/p>\n\n\n\n<p>Un alto cargo rebelde cercano al nuevo Gobierno interino dijo a Reuters que la cuesti\u00f3n de la presencia militar rusa en Siria y los acuerdos pasados entre el Gobierno de al-Assad y Mosc\u00fa no estaban en discusi\u00f3n.<\/p>\n\n\n\n<p>\u00abEs un asunto para futuras conversaciones y el pueblo sirio tendr\u00e1 la \u00faltima palabra\u00bb, dijo el funcionario, a\u00f1adiendo que Mosc\u00fa hab\u00eda establecido canales de comunicaci\u00f3n.<\/p>\n\n\n\n<p>\u00abNuestras fuerzas tambi\u00e9n est\u00e1n ahora muy cerca de las bases rusas en Latakia\u00bb, a\u00f1adi\u00f3 sin dar m\u00e1s detalles.<\/p>\n\n\n\n<p>El Kremlin ha dicho que Rusia est\u00e1 en conversaciones con los nuevos gobernantes de Siria sobre las bases. El Ministerio de Defensa ruso no respondi\u00f3 a una petici\u00f3n de comentarios sobre la informaci\u00f3n de Reuters.<\/p>\n\n\n\n<p>Una fuente rusa que habl\u00f3 bajo condici\u00f3n de anonimato dijo que las conversaciones con los nuevos gobernantes de Siria estaban en curso y que Rusia no se estaba retirando de sus bases.<\/p>\n\n\n\n<p><a href=\"https:\/\/www.vozdeamerica.com\/a\/mientras-se-abren-las-puertas-carceles-siria-decenas-de-miles-siguen-desaparecidos\/7900003.html\"><\/a><\/p>\n\n\n\n<p><a href=\"https:\/\/www.vozdeamerica.com\/a\/mientras-se-abren-las-puertas-carceles-siria-decenas-de-miles-siguen-desaparecidos\/7900003.html\">Tambi\u00e9n lea<\/a><\/p>\n\n\n\n<h4 class=\"wp-block-heading\"><a href=\"https:\/\/www.vozdeamerica.com\/a\/mientras-se-abren-las-puertas-carceles-siria-decenas-de-miles-siguen-desaparecidos\/7900003.html\">Mientras se abren las puertas de las c\u00e1rceles de Siria, decenas de miles siguen desaparecidos<\/a><\/h4>\n\n\n\n<p>Reuters no pudo averiguar de inmediato c\u00f3mo ve\u00eda el l\u00edder rebelde sirio Ahmad al-Sharaa -m\u00e1s conocido como Abu Mohammed al-Golani- el futuro a largo plazo de las bases rusas.<\/p>\n\n\n\n<p>El presidente ruso, Vlad\u00edmir Putin, cuya intervenci\u00f3n en 2015 en la guerra civil siria ayud\u00f3 a apuntalar a al-Assad cuando Occidente ped\u00eda su derrocamiento, le concedi\u00f3 el asilo en Rusia despu\u00e9s de que Mosc\u00fa le ayud\u00f3 a huir el domingo.<\/p>\n\n\n\n<h3 class=\"wp-block-heading\">Los antecedentes<\/h3>\n\n\n\n<p>Mosc\u00fa ha apoyado a Siria desde principios de la Guerra Fr\u00eda, y hab\u00eda reconocido su independencia en 1944, cuando Damasco quiso deshacerse del dominio colonial franc\u00e9s. Occidente consider\u00f3 durante mucho tiempo a Siria un sat\u00e9lite sovi\u00e9tico.<\/p>\n\n\n\n<p>Las bases sirias son parte integrante de la presencia militar rusa en el mundo: la base naval de Tart\u00fas es el \u00fanico centro ruso de reparaci\u00f3n y reabastecimiento en el Mediterr\u00e1neo, y Hmeimim es un importante punto de escala para actividades militares y mercenarias en \u00c1frica.<\/p>\n\n\n\n<p>Rusia tambi\u00e9n tiene puestos de espionaje en Siria que funcionaban junto a estaciones de se\u00f1ales sirias, seg\u00fan fuentes militares sirias y de inteligencia occidentales.<\/p>\n\n\n\n<p>Las instalaciones de Tart\u00fas datan de 1971, y despu\u00e9s de que Rusia intervino en la guerra civil para ayudar a al-Assad, Mosc\u00fa obtuvo en 2017 un contrato de arrendamiento gratuito por 49 a\u00f1os.<\/p>\n\n\n\n<p><video poster=\"https:\/\/gdb.voanews.com\/793aa996-59f0-46f5-8404-1d8f6d3ce97b_tv_w650_r1.jpg\" src=\"blob:https:\/\/www.vozdeamerica.com\/68f6742f-c17a-4acb-9767-b323e7f9cf53\" height=\"381\" width=\"676\"><\/video><\/p>\n\n\n\n<h5 class=\"wp-block-heading\"><a href=\"https:\/\/www.vozdeamerica.com\/a\/7899461.html\" target=\"_blank\" rel=\"noreferrer noopener\">La VOA lleg\u00f3 a las bases militares de al-Assad destruidas por Israel<\/a><\/h5>\n\n\n\n<ul class=\"wp-block-list\">\n<li><a href=\"https:\/\/facebook.com\/sharer.php?u=https%3a%2f%2fwww.vozdeamerica.com%2fa%2f7899461.html\" target=\"_blank\" rel=\"noreferrer noopener\">Comparta en Facebook<\/a><\/li>\n\n\n\n<li><a href=\"https:\/\/twitter.com\/share?url=https%3a%2f%2fwww.vozdeamerica.com%2fa%2f7899461.html&amp;text=La+VOA+lleg%c3%b3+a+las+bases+militares+de+al-Assad+destruidas+por+Israel+\" target=\"_blank\" rel=\"noreferrer noopener\">Comparta en Twitter<\/a><\/li>\n<\/ul>\n\n\n\n<hr class=\"wp-block-separator has-alpha-channel-opacity\"\/>\n\n\n\n<p><a href=\"https:\/\/www.vozdeamerica.com\/embed\/player\/Article\/7899461.html?type=video&amp;FullScreenMode=True\" target=\"_blank\" rel=\"noreferrer noopener\"><\/a><\/p>\n\n\n\n<p>&nbsp;Descargar&nbsp;<\/p>\n\n\n\n<p>Yoruk Isik, un analista geopol\u00edtico con sede en Estambul que dirige el Bosphorus Observer, dijo que Rusia probablemente estaba enviando aviones de carga fuera de Siria a trav\u00e9s del C\u00e1ucaso, y luego a la base a\u00e9rea de Al Khadim en Libia.<\/p>\n\n\n\n<p>En la carretera que une la base a\u00e9rea de Hmeimim con la de Tart\u00fas, se pod\u00eda ver una caravana de veh\u00edculos de combate de infanter\u00eda y veh\u00edculos log\u00edsticos rusos dirigi\u00e9ndose hacia la base a\u00e9rea, seg\u00fan un periodista de Reuters.<\/p>\n\n\n\n<p>La caravana se hab\u00eda detenido debido a una aver\u00eda en uno de sus veh\u00edculos, con soldados parados junto a los veh\u00edculos y trabajando para reparar el problema.<\/p>\n\n\n\n<p>\u00abYa sea el gobierno ruso, el iran\u00ed o el anterior el que nos oprim\u00eda y nos negaba nuestros derechos (&#8230;) no queremos ninguna intervenci\u00f3n de Rusia, Ir\u00e1n o cualquier otra intervenci\u00f3n extranjera\u00bb, dijo a Reuters Ali Halloum, natural de Latakia y residente en Yabla.<\/p>\n\n\n\n<p>En Hmeimim, Reuters vio a soldados rusos paseando por la base con normalidad y aviones en los hangares.<\/p>\n\n\n\n<p>Las im\u00e1genes por sat\u00e9lite tomadas el 9 de diciembre por Planet Labs mostraban al menos tres buques de la flota rusa del Mediterr\u00e1neo -dos fragatas de misiles guiados y un petrolero- atracados a unos 13 km al noroeste de Tart\u00fas.<\/p>\n","protected":false},"excerpt":{"rendered":"<p>ARCHIVO &#8211; Un helic\u00f3ptero de ataque militar Kamov Ka-52 Alligator de la Fuerza A\u00e9rea rusa es fotografiado junto a otros camiones y veh\u00edculos en la base a\u00e9rea rusa del aeropuerto de Qamishli, en el noreste de Siria, el 12 de diciembre de 2024. AFP diciembre 14, 2024 &nbsp;Vea comentarios Tras la ca\u00edda de Bashar al-Assad, [&hellip;]<\/p>\n","protected":false},"author":28,"featured_media":582759,"comment_status":"closed","ping_status":"closed","sticky":true,"template":"","format":"standard","meta":{"footnotes":""},"categories":[23],"tags":[],"class_list":["post-582758","post","type-post","status-publish","format-standard","has-post-thumbnail","hentry","category-internacional"],"_links":{"self":[{"href":"https:\/\/diariodominicano.com\/index.php?rest_route=\/wp\/v2\/posts\/582758","targetHints":{"allow":["GET"]}}],"collection":[{"href":"https:\/\/diariodominicano.com\/index.php?rest_route=\/wp\/v2\/posts"}],"about":[{"href":"https:\/\/diariodominicano.com\/index.php?rest_route=\/wp\/v2\/types\/post"}],"author":[{"embeddable":true,"href":"https:\/\/diariodominicano.com\/index.php?rest_route=\/wp\/v2\/users\/28"}],"replies":[{"embeddable":true,"href":"https:\/\/diariodominicano.com\/index.php?rest_route=%2Fwp%2Fv2%2Fcomments&post=582758"}],"version-history":[{"count":2,"href":"https:\/\/diariodominicano.com\/index.php?rest_route=\/wp\/v2\/posts\/582758\/revisions"}],"predecessor-version":[{"id":582762,"href":"https:\/\/diariodominicano.com\/index.php?rest_route=\/wp\/v2\/posts\/582758\/revisions\/582762"}],"wp:featuredmedia":[{"embeddable":true,"href":"https:\/\/diariodominicano.com\/index.php?rest_route=\/wp\/v2\/media\/582759"}],"wp:attachment":[{"href":"https:\/\/diariodominicano.com\/index.php?rest_route=%2Fwp%2Fv2%2Fmedia&parent=582758"}],"wp:term":[{"taxonomy":"category","embeddable":true,"href":"https:\/\/diariodominicano.com\/index.php?rest_route=%2Fwp%2Fv2%2Fcategories&post=582758"},{"taxonomy":"post_tag","embeddable":true,"href":"https:\/\/diariodominicano.com\/index.php?rest_route=%2Fwp%2Fv2%2Ftags&post=582758"}],"curies":[{"name":"wp","href":"https:\/\/api.w.org\/{rel}","templated":true}]}}