{"id":582744,"date":"2024-12-14T03:07:47","date_gmt":"2024-12-14T07:07:47","guid":{"rendered":"https:\/\/diariodominicano.com\/?p=582744"},"modified":"2024-12-14T03:10:26","modified_gmt":"2024-12-14T07:10:26","slug":"presidente-abinader-comparte-un-almuerzo-navideno-con-comunitarios-clubes-y-juntas-de-vecinos-del-distrito-nacional","status":"publish","type":"post","link":"https:\/\/diariodominicano.com\/?p=582744","title":{"rendered":"Presidente Abinader comparte \u00a0almuerzo navide\u00f1o\u00a0con comunitarios, clubes y juntas de vecinos del\u00a0Distrito Nacional"},"content":{"rendered":"\n<p>Reafirma compromiso con la calidad de vida de los dominicanos y anuncia planes innovadores para pr\u00f3ximo a\u00f1o.<\/p>\n\n\n\n<p>13 de Diciembre 2024 <\/p>\n\n\n\n<p>Santo Domingo, RD.-\u00a0<strong>El presidente Luis Abinader<\/strong>\u00a0comparti\u00f3 el viernes un\u00a0<strong>almuerzo navide\u00f1o<\/strong>\u00a0con comunitarios, clubes y juntas de vecinos del\u00a0<strong>Distrito Nacional<\/strong>, como parte del programa \u201c<strong>La Navidad del Cambio Sigue\u201d<\/strong>\u00a0que lleva a cabo el Gobierno.<\/p>\n\n\n\n<p>Durante el acto, realizado en el&nbsp;<strong>Club Deportivo San Carlos<\/strong>, el mandatario reafirm\u00f3 su compromiso con la&nbsp;<strong>calidad de vida de los dominicanos<\/strong>&nbsp;y anunci\u00f3&nbsp;<strong>planes innovadores<\/strong>&nbsp;para el pr\u00f3ximo a\u00f1o.<\/p>\n\n\n\n<p>Resalt\u00f3 el compromiso de su gobierno con el desarrollo de las comunidades del&nbsp;<strong>Distrito Nacional y el Gran Santo Domingo,<\/strong>&nbsp;anunciando que, con un enfoque renovado hacia&nbsp;<strong>la soluci\u00f3n de problemas locales<\/strong>&nbsp;junto con los ayuntamientos y las instituciones, trabajar\u00e1n para atender las necesidades que realmente&nbsp;<strong>marcan una diferencia<\/strong>&nbsp;en la vida de la gente.<\/p>\n\n\n\n<p><em>\u201cMis objetivos son continuar mejorando la calidad de vida de los dominicanos. Tambi\u00e9n les puedo decir que venimos con planes muy innovadores a partir del pr\u00f3ximo a\u00f1o, planes de llevar el Gobierno a los sectores, llevar el Gobierno a los barrios, no solamente encargarnos de las grandes obras, sino de las micro\u201d,&nbsp;<\/em>insisti\u00f3 Abinader.<\/p>\n\n\n\n<p>El jefe de Estado reiter\u00f3 que su principal objetivo es seguir fortaleciendo un Gobierno que sea motivo de&nbsp;<strong>orgullo para todos los dominicanos,<\/strong>&nbsp;destacando que esta labor responde al compromiso asumido en las elecciones. Tambi\u00e9n alent\u00f3 a los presentes a compartir y reflexionar sobre los logros alcanzados, mientras se preparan para los&nbsp;<strong>desaf\u00edos del pr\u00f3ximo a\u00f1o.<\/strong><\/p>\n\n\n\n<p><em>\u201cSomos una gran familia de servidores, una gran familia de funcionarios, todos juntos demos gracias a Dios por lo que hemos hecho y a pedirle todav\u00eda por lo mucho que nos queda por hacer\u201d,&nbsp;<\/em>concluy\u00f3 el gobernante.<\/p>\n\n\n\n<p><strong>Mandatario participa en inauguraci\u00f3n de Multiplaza Charles de Gaulle del Grupo Ramos<\/strong><\/p>\n\n\n\n<p>M\u00e1s temprano, el presidente Abinader particip\u00f3 en la&nbsp;<strong>inauguraci\u00f3n de la tercera<\/strong>&nbsp;Multiplaza Charles de Gaulle del Grupo Ramos en&nbsp;<strong>Santo Domingo Este.<\/strong><\/p>\n\n\n\n<p>Este nuevo establecimiento comercial tuvo una inversi\u00f3n superior a los&nbsp;<strong>RD 360,000,000&nbsp;<\/strong>y aportar\u00e1&nbsp;<strong>m\u00e1s de 430 empleos<\/strong>, tanto directos como indirectos, desde la fase de construcci\u00f3n hasta el momento, apoyando as\u00ed la econom\u00eda local.<\/p>\n\n\n\n<p>Adem\u00e1s, cuenta con&nbsp;<strong>32 locales comerciales<\/strong>&nbsp;y 934 espacios de estacionamiento. Tambi\u00e9n el proyecto incluye \u00e1reas verdes y espacios inclusivos, garantizando comodidad y seguridad para todos los visitantes.<\/p>\n\n\n\n<p>Estuvieron presentes, la alcaldesa del DN,\u00a0<strong>Carolina Mej\u00eda<\/strong>; el director de la Caasd,\u00a0<strong>Felipe Suberv\u00ed<\/strong>; el presidente de la Comisi\u00f3n Presidencial de Apoyo al Desarrollo Barrial (CPADB),\u00a0<strong>Rolfi Rojas<\/strong>, y el diputado del DN,\u00a0<strong>Vicente S\u00e1nchez.<\/strong><\/p>\n\n\n\n<p>Con informaci\u00f3n de la Presidencia de la Rep\u00fablica Dominicana.<\/p>\n\n\n\n<p>#Abinader\u2003\u2003\u2003\u2003\u2003 #Comparte almuerzo navide\u00f1o<\/p>\n","protected":false},"excerpt":{"rendered":"<p>Reafirma compromiso con la calidad de vida de los dominicanos y anuncia planes innovadores para pr\u00f3ximo a\u00f1o. 13 de Diciembre 2024 Santo Domingo, RD.-\u00a0El presidente Luis Abinader\u00a0comparti\u00f3 el viernes un\u00a0almuerzo navide\u00f1o\u00a0con comunitarios, clubes y juntas de vecinos del\u00a0Distrito Nacional, como parte del programa \u201cLa Navidad del Cambio Sigue\u201d\u00a0que lleva a cabo el Gobierno. Durante el [&hellip;]<\/p>\n","protected":false},"author":28,"featured_media":582745,"comment_status":"closed","ping_status":"closed","sticky":true,"template":"","format":"standard","meta":{"footnotes":""},"categories":[20,27],"tags":[],"class_list":["post-582744","post","type-post","status-publish","format-standard","has-post-thumbnail","hentry","category-dominicana-hoy","category-portada"],"_links":{"self":[{"href":"https:\/\/diariodominicano.com\/index.php?rest_route=\/wp\/v2\/posts\/582744","targetHints":{"allow":["GET"]}}],"collection":[{"href":"https:\/\/diariodominicano.com\/index.php?rest_route=\/wp\/v2\/posts"}],"about":[{"href":"https:\/\/diariodominicano.com\/index.php?rest_route=\/wp\/v2\/types\/post"}],"author":[{"embeddable":true,"href":"https:\/\/diariodominicano.com\/index.php?rest_route=\/wp\/v2\/users\/28"}],"replies":[{"embeddable":true,"href":"https:\/\/diariodominicano.com\/index.php?rest_route=%2Fwp%2Fv2%2Fcomments&post=582744"}],"version-history":[{"count":2,"href":"https:\/\/diariodominicano.com\/index.php?rest_route=\/wp\/v2\/posts\/582744\/revisions"}],"predecessor-version":[{"id":582748,"href":"https:\/\/diariodominicano.com\/index.php?rest_route=\/wp\/v2\/posts\/582744\/revisions\/582748"}],"wp:featuredmedia":[{"embeddable":true,"href":"https:\/\/diariodominicano.com\/index.php?rest_route=\/wp\/v2\/media\/582745"}],"wp:attachment":[{"href":"https:\/\/diariodominicano.com\/index.php?rest_route=%2Fwp%2Fv2%2Fmedia&parent=582744"}],"wp:term":[{"taxonomy":"category","embeddable":true,"href":"https:\/\/diariodominicano.com\/index.php?rest_route=%2Fwp%2Fv2%2Fcategories&post=582744"},{"taxonomy":"post_tag","embeddable":true,"href":"https:\/\/diariodominicano.com\/index.php?rest_route=%2Fwp%2Fv2%2Ftags&post=582744"}],"curies":[{"name":"wp","href":"https:\/\/api.w.org\/{rel}","templated":true}]}}