{"id":582737,"date":"2024-12-14T02:56:21","date_gmt":"2024-12-14T06:56:21","guid":{"rendered":"https:\/\/diariodominicano.com\/?p=582737"},"modified":"2024-12-14T03:03:05","modified_gmt":"2024-12-14T07:03:05","slug":"presidente-abinader-encabeza-graduacion-de-29-cadetes-de-la-fuerza-aerea-investidos-en-ciencias-aeronauticas","status":"publish","type":"post","link":"https:\/\/diariodominicano.com\/?p=582737","title":{"rendered":"Presidente Abinader encabeza graduaci\u00f3n de 29 cadetes de la Fuerza A\u00e9rea"},"content":{"rendered":"\n<p>Investidos en Ciencias Aeron\u00e1uticas<\/p>\n\n\n\n<p>13 de Diciembre 2024 | <\/p>\n\n\n\n<figure class=\"wp-block-image\"><img decoding=\"async\" src=\"https:\/\/platform-cdn.sharethis.com\/img\/sharethis.svg\" alt=\"sharethis sharing button\"\/><\/figure>\n\n\n\n<p>Santo Domingo, RD.-&nbsp;<strong>El presidente Luis Abinader<\/strong>&nbsp;encabez\u00f3\u2002el viernes la ceremonia de graduaci\u00f3n de&nbsp;<strong>29 cadetes<\/strong>&nbsp;de la&nbsp;<strong>Fuerza A\u00e9rea de Rep\u00fablica Dominicana<\/strong>, en la XXIII&nbsp;<strong>promoci\u00f3n \u201cGeneral de Brigada Piloto (R) Antonio \u00c1lvarez Albizu, FAD\u201d,&nbsp;<\/strong>de la Academia A\u00e9rea \u201cGeneral de Brigada Piloto Frank Andr\u00e9s F\u00e9liz Miranda, FARD\u201d.<\/p>\n\n\n\n<p>La promoci\u00f3n de los cadetes que se invistieron en&nbsp;<strong>Ciencias Aeron\u00e1uticas<\/strong>&nbsp;estuvo conformada por&nbsp;<strong>19 hombres y 10 mujeres.<\/strong>&nbsp;Entre ellos, se encuentran dos cadetes extranjeros (uno de&nbsp;<strong>Guatemala<\/strong>&nbsp;y otro de&nbsp;<strong>Nicaragua<\/strong>), as\u00ed como un cadete dominicano que se gradu\u00f3 en la&nbsp;<strong>Rep\u00fablica del Per\u00fa.<\/strong><\/p>\n\n\n\n<p>A su llegada, el jefe de Estado, como autoridad suprema de las Fuerzas Armadas y la Polic\u00eda Nacional, recibi\u00f3 los&nbsp;<strong>honores militares de estilo<\/strong>&nbsp;realizados por un comando de cadetes compuesto por&nbsp;<strong>dos escuadrones y una guardia de banderas.<\/strong><\/p>\n\n\n\n<p>En el Discurso de Orden, el director de la Academia A\u00e9rea \u201cGeneral de Brigada Piloto Frank Andr\u00e9s F\u00e9liz Miranda, FARD\u201d,&nbsp;<strong>coronel piloto Francisco Antonio De Los Santos \u00c1lvarez,<\/strong>&nbsp;agradeci\u00f3 al presidente Abinader por su compromiso con el&nbsp;<strong>desarrollo de las Fuerzas Armadas<\/strong>, impulsando iniciativas que fortalecen la&nbsp;<strong>formaci\u00f3n y capacidad operativa<\/strong>&nbsp;de quienes est\u00e1n llamados a&nbsp;<strong>proteger la naci\u00f3n.<\/strong><\/p>\n\n\n\n<figure class=\"wp-block-image\"><img decoding=\"async\" src=\"https:\/\/presidencia.gob.do\/sites\/default\/files\/inline-images\/58655516-8436-48b6-a590-6cfe071def6d_0.jpeg\" alt=\"\"\/><\/figure>\n\n\n\n<p>Durante la ceremonia se otorgaron reconocimientos a los cadetes destacados en diversas \u00e1reas militares, como&nbsp;<strong>Esp\u00edritu Militar, Concepto del Deber, Buena Conducta y Aplicaci\u00f3n<\/strong>. Entre los m\u00e9ritos acad\u00e9micos sobresalieron los cadetes&nbsp;<strong>Nayvis Johnson Abreu<\/strong>, FARD, quien logr\u00f3 el mejor \u00edndice acad\u00e9mico, y&nbsp;<strong>Ana Yolanda Cordones Hern\u00e1ndez<\/strong>, FARD, quien obtuvo el segundo mejor \u00edndice acad\u00e9mico.<\/p>\n\n\n\n<p>Tras la imposici\u00f3n de insignias de grado, la lectura de la orden general de ascenso y la resoluci\u00f3n de la Unade que acreditaron a los graduandos como licenciados en&nbsp;<strong>Ciencias Aeron\u00e1uticas<\/strong>, el presidente Abinader tom\u00f3 el&nbsp;<strong>juramento de honor<\/strong>&nbsp;a los nuevos oficiales y entreg\u00f3 los sables de mando. Acto seguido, se colocaron las alas correspondientes a cada especialidad y las madres de los graduandos entregaron los anillos de graduaci\u00f3n.<\/p>\n\n\n\n<p>En compa\u00f1\u00eda del mandatario estuvieron los ministros, de Defensa,&nbsp;<strong>teniente general&nbsp;Carlos Antonio Fern\u00e1ndez Onofre<\/strong>, y de Educaci\u00f3n Superior Ciencia y Tecnolog\u00eda,&nbsp;<strong>Franklin Garc\u00eda Ferm\u00edn;<\/strong>&nbsp;los viceministros de Defensa, para Asuntos Militares,&nbsp;<strong>mayor general Miguel \u00c1ngel Rubio B\u00e1ez<\/strong>; para Asuntos Navales y Costeros,&nbsp;<strong>vicealmirante Ram\u00f3n Gustavo Betances Hern\u00e1ndez<\/strong>; para Asuntos A\u00e9reos y Espaciales,&nbsp;<strong>mayor general, t\u00e9cnico de aviaci\u00f3n, Carlos Febrillet Rodr\u00edguez,<\/strong>&nbsp;y el inspector general de las Fuerzas Armadas,&nbsp;<strong>mayor general Delio Buenaventura Col\u00f3n.<\/strong><\/p>\n\n\n\n<p>Tambi\u00e9n, los comandantes generales, de la Fuerza A\u00e9rea,\u00a0<strong>mayor general piloto Floreal Su\u00e1rez Mart\u00ednez<\/strong>; del Ej\u00e9rcito,\u00a0<strong>mayor general\u00a0Jorge Iv\u00e1n Camino P\u00e9rez<\/strong>; de la Armada de Rep\u00fablica Dominicana,\u00a0<strong>vicealmirante\u00a0Agust\u00edn Alberto Morillo Rodr\u00edguez<\/strong>; el director de la Polic\u00eda Nacional,\u00a0<strong>mayor general\u00a0Ram\u00f3n Antonio Guzm\u00e1n Peralta.<\/strong><\/p>\n\n\n\n<p>Con informaci\u00f3n de la Presidencia de la Rep\u00fablica dominicana.<\/p>\n\n\n\n<p>#Presidente Luis Abinader\u2003\u2003\u2003#Graduaci\u00f3n de 29 cadetes\u2002#Fuerza A\u00e9rea<\/p>\n","protected":false},"excerpt":{"rendered":"<p>Investidos en Ciencias Aeron\u00e1uticas 13 de Diciembre 2024 | Santo Domingo, RD.-&nbsp;El presidente Luis Abinader&nbsp;encabez\u00f3\u2002el viernes la ceremonia de graduaci\u00f3n de&nbsp;29 cadetes&nbsp;de la&nbsp;Fuerza A\u00e9rea de Rep\u00fablica Dominicana, en la XXIII&nbsp;promoci\u00f3n \u201cGeneral de Brigada Piloto (R) Antonio \u00c1lvarez Albizu, FAD\u201d,&nbsp;de la Academia A\u00e9rea \u201cGeneral de Brigada Piloto Frank Andr\u00e9s F\u00e9liz Miranda, FARD\u201d. La promoci\u00f3n de los [&hellip;]<\/p>\n","protected":false},"author":28,"featured_media":582738,"comment_status":"closed","ping_status":"closed","sticky":true,"template":"","format":"standard","meta":{"footnotes":""},"categories":[36,20,27],"tags":[],"class_list":["post-582737","post","type-post","status-publish","format-standard","has-post-thumbnail","hentry","category-hombresmujeresycosas","category-dominicana-hoy","category-portada"],"_links":{"self":[{"href":"https:\/\/diariodominicano.com\/index.php?rest_route=\/wp\/v2\/posts\/582737","targetHints":{"allow":["GET"]}}],"collection":[{"href":"https:\/\/diariodominicano.com\/index.php?rest_route=\/wp\/v2\/posts"}],"about":[{"href":"https:\/\/diariodominicano.com\/index.php?rest_route=\/wp\/v2\/types\/post"}],"author":[{"embeddable":true,"href":"https:\/\/diariodominicano.com\/index.php?rest_route=\/wp\/v2\/users\/28"}],"replies":[{"embeddable":true,"href":"https:\/\/diariodominicano.com\/index.php?rest_route=%2Fwp%2Fv2%2Fcomments&post=582737"}],"version-history":[{"count":4,"href":"https:\/\/diariodominicano.com\/index.php?rest_route=\/wp\/v2\/posts\/582737\/revisions"}],"predecessor-version":[{"id":582743,"href":"https:\/\/diariodominicano.com\/index.php?rest_route=\/wp\/v2\/posts\/582737\/revisions\/582743"}],"wp:featuredmedia":[{"embeddable":true,"href":"https:\/\/diariodominicano.com\/index.php?rest_route=\/wp\/v2\/media\/582738"}],"wp:attachment":[{"href":"https:\/\/diariodominicano.com\/index.php?rest_route=%2Fwp%2Fv2%2Fmedia&parent=582737"}],"wp:term":[{"taxonomy":"category","embeddable":true,"href":"https:\/\/diariodominicano.com\/index.php?rest_route=%2Fwp%2Fv2%2Fcategories&post=582737"},{"taxonomy":"post_tag","embeddable":true,"href":"https:\/\/diariodominicano.com\/index.php?rest_route=%2Fwp%2Fv2%2Ftags&post=582737"}],"curies":[{"name":"wp","href":"https:\/\/api.w.org\/{rel}","templated":true}]}}