{"id":582724,"date":"2024-12-14T02:43:49","date_gmt":"2024-12-14T06:43:49","guid":{"rendered":"https:\/\/diariodominicano.com\/?p=582724"},"modified":"2024-12-14T02:43:53","modified_gmt":"2024-12-14T06:43:53","slug":"alba-tcp-celebra-en-caracas-xxiv-cumbre-de-jefes-de-estado-y-gobierno","status":"publish","type":"post","link":"https:\/\/diariodominicano.com\/?p=582724","title":{"rendered":"ALBA-TCP celebra en Caracas XXIV Cumbre de Jefes de Estado y Gobierno"},"content":{"rendered":"\n<p>Caracas, 14 dic (Prensa Latina) La Alianza Bolivariana para los Pueblos de Nuestra Am\u00e9rica-Tratado de Comercio de los Pueblos (ALBA-TCP) celebrar\u00e1 hoy en Carcas la XXIV Cumbre de Jefes de Estado y de Gobierno.<\/p>\n\n\n\n<ul class=\"wp-block-list\">\n<li><a href=\"https:\/\/www.prensa-latina.cu\/2024\/12\/14\/\"><time>diciembre 14, 2024 | 00:03<\/time><\/a><\/li>\n<\/ul>\n\n\n\n<ul class=\"wp-block-list\">\n<li><a href=\"https:\/\/www.prensa-latina.cu\/2024\/12\/14\/alba-tcp-celebra-en-caracas-xxiv-cumbre-de-jefes-de-estado-y-gobierno\/#\"><\/a><\/li>\n\n\n\n<li><a href=\"https:\/\/www.prensa-latina.cu\/2024\/12\/14\/alba-tcp-celebra-en-caracas-xxiv-cumbre-de-jefes-de-estado-y-gobierno\/#\"><\/a><\/li>\n\n\n\n<li><a href=\"https:\/\/www.prensa-latina.cu\/2024\/12\/14\/alba-tcp-celebra-en-caracas-xxiv-cumbre-de-jefes-de-estado-y-gobierno\/#\"><\/a><\/li>\n\n\n\n<li><a href=\"https:\/\/www.prensa-latina.cu\/2024\/12\/14\/alba-tcp-celebra-en-caracas-xxiv-cumbre-de-jefes-de-estado-y-gobierno\/#\"><\/a><\/li>\n<\/ul>\n\n\n\n<p>Este encuentro cimero tendr\u00e1 relevancia al conmemorar los 20 a\u00f1os del nacimiento del bloque de integraci\u00f3n latinoamericano y caribe\u00f1o, de la mano de los comandantes Hugo Ch\u00e1vez (1954-2013) y Fidel Castro (1926-2016), quienes firmaron el 14 de diciembre de 2004 el acuerdo fundacional.<\/p>\n\n\n\n<p>Est\u00e1 previsto que la reuni\u00f3n tenga lugar en el Centro de Convenciones Parque Sim\u00f3n Bol\u00edvar, La Carlota, en Caracas, y participar\u00e1n como invitados especiales representantes de Honduras y Palestina.<\/p>\n\n\n\n<p>Los gobernantes latinoamericanos y caribe\u00f1os acordaron en la XXIII Cumbre de la Alianza de abril pasado invitar de manera especial a ese Estado \u00e1rabe.<\/p>\n\n\n\n<p>Tambi\u00e9n refrendaron por unanimidad un comunicado especial sobre la situaci\u00f3n de Palestina, donde demandaron una soluci\u00f3n justa y duradera con la creaci\u00f3n de dos Estados, con Jerusal\u00e9n Oriental como su capital, y se garantice el derecho al retorno de los refugiados.<\/p>\n\n\n\n<p>Las delegaciones asistentes a la reuni\u00f3n sostuvieron la v\u00edspera un encuentro en la Casa Amarilla de la Canciller\u00eda, con el objetivo de redactar un documento para perfilar las l\u00edneas de acci\u00f3n a desarrollar y alcanzar los objetivos de la Agenda Estrat\u00e9gica ALBA 2030.<\/p>\n\n\n\n<p>Asimismo, c\u00f3mo enfrentar los desaf\u00edos pol\u00edticos, geopol\u00edticos y econ\u00f3micos del periodo 2025-2030, inform\u00f3 el Ministerio para las Relaciones Exteriores.<\/p>\n\n\n\n<p>Esta Agenda Estrat\u00e9gica propuso acciones de alto impacto a corto, mediano y largo plazos, en lo econ\u00f3mico; social; pol\u00edtico; cultural y comunicacional.<\/p>\n\n\n\n<p>El canciller venezolano, Yv\u00e1n Gil, adelant\u00f3 ayer que las propuestas le ser\u00e1n entregadas al presidente Nicol\u00e1s Maduro en el encuentro y a\u00f1adi\u00f3 que estas buscan posicionar a la Alianza Bolivariana como \u201cun actor geopol\u00edtico poderoso\u00bb.<\/p>\n\n\n\n<p>Gil explic\u00f3 que con estas l\u00edneas de acci\u00f3n, los Jefes de Estado y de Gobierno podr\u00e1n definir un rumbo claro para el 2025, en el que a nivel regional \u201cenfrentaremos un momento de incertidumbre pol\u00edtica y el objetivo es prepararnos para dar mayor seguridad a nuestros pueblos\u201d.<\/p>\n\n\n\n<p>El secretario ejecutivo del ALBA-TCP, Jorge Arreaza, manifest\u00f3 que este s\u00e1bado diremos al mundo que 20 a\u00f1os despu\u00e9s ratificamos y reafirmamos cada uno de los principios solidarios de cooperaci\u00f3n, colaboraci\u00f3n y complementaci\u00f3n de este mecanismo integrador.<\/p>\n\n\n\n<p>Anoche el presidente cubano, Miguel D\u00edaz-Canel, y el primer ministro de San Vicente y las Granadinas, Ralph Gonsalves, arribaron a Venezuela y fueron recibidos por el titular del Exterior bolivariano.<\/p>\n\n\n\n<p>La Alianza est\u00e1 integrada por Venezuela, Cuba, Bolivia, Nicaragua, Dominica, Antigua y Barbuda, San Vicente y las Granadinas, San Crist\u00f3bal y Nieves, Granada y Santa Luc\u00eda, y tiene como invitados especiales a Siria, Hait\u00ed y Surinam.<\/p>\n\n\n\n<p>npg\/jcd<\/p>\n\n\n\n<ul class=\"wp-block-list\">\n<li>#<a href=\"https:\/\/www.prensa-latina.cu\/etiqueta\/albatcp\/\">albatcp<\/a>\u00a0#<a href=\"https:\/\/www.prensa-latina.cu\/etiqueta\/venezuela\/\">Venezuela<\/a>\u00a0#<a href=\"https:\/\/www.prensa-latina.cu\/etiqueta\/xxiv-cumbre\/\">XXIV Cumbre<\/a><\/li>\n<\/ul>\n","protected":false},"excerpt":{"rendered":"<p>Caracas, 14 dic (Prensa Latina) La Alianza Bolivariana para los Pueblos de Nuestra Am\u00e9rica-Tratado de Comercio de los Pueblos (ALBA-TCP) celebrar\u00e1 hoy en Carcas la XXIV Cumbre de Jefes de Estado y de Gobierno. Este encuentro cimero tendr\u00e1 relevancia al conmemorar los 20 a\u00f1os del nacimiento del bloque de integraci\u00f3n latinoamericano y caribe\u00f1o, de la [&hellip;]<\/p>\n","protected":false},"author":28,"featured_media":582725,"comment_status":"closed","ping_status":"closed","sticky":true,"template":"","format":"standard","meta":{"footnotes":""},"categories":[23],"tags":[],"class_list":["post-582724","post","type-post","status-publish","format-standard","has-post-thumbnail","hentry","category-internacional"],"_links":{"self":[{"href":"https:\/\/diariodominicano.com\/index.php?rest_route=\/wp\/v2\/posts\/582724","targetHints":{"allow":["GET"]}}],"collection":[{"href":"https:\/\/diariodominicano.com\/index.php?rest_route=\/wp\/v2\/posts"}],"about":[{"href":"https:\/\/diariodominicano.com\/index.php?rest_route=\/wp\/v2\/types\/post"}],"author":[{"embeddable":true,"href":"https:\/\/diariodominicano.com\/index.php?rest_route=\/wp\/v2\/users\/28"}],"replies":[{"embeddable":true,"href":"https:\/\/diariodominicano.com\/index.php?rest_route=%2Fwp%2Fv2%2Fcomments&post=582724"}],"version-history":[{"count":1,"href":"https:\/\/diariodominicano.com\/index.php?rest_route=\/wp\/v2\/posts\/582724\/revisions"}],"predecessor-version":[{"id":582726,"href":"https:\/\/diariodominicano.com\/index.php?rest_route=\/wp\/v2\/posts\/582724\/revisions\/582726"}],"wp:featuredmedia":[{"embeddable":true,"href":"https:\/\/diariodominicano.com\/index.php?rest_route=\/wp\/v2\/media\/582725"}],"wp:attachment":[{"href":"https:\/\/diariodominicano.com\/index.php?rest_route=%2Fwp%2Fv2%2Fmedia&parent=582724"}],"wp:term":[{"taxonomy":"category","embeddable":true,"href":"https:\/\/diariodominicano.com\/index.php?rest_route=%2Fwp%2Fv2%2Fcategories&post=582724"},{"taxonomy":"post_tag","embeddable":true,"href":"https:\/\/diariodominicano.com\/index.php?rest_route=%2Fwp%2Fv2%2Ftags&post=582724"}],"curies":[{"name":"wp","href":"https:\/\/api.w.org\/{rel}","templated":true}]}}