{"id":582674,"date":"2024-12-14T01:15:44","date_gmt":"2024-12-14T05:15:44","guid":{"rendered":"https:\/\/diariodominicano.com\/?p=582674"},"modified":"2024-12-14T01:20:42","modified_gmt":"2024-12-14T05:20:42","slug":"banco-promerica-destaca-sus-logros-de-2024-y-proyecta-un-2025-lleno-de-oportunidades-durante-desayuno-ejecutivo-empresarial","status":"publish","type":"post","link":"https:\/\/diariodominicano.com\/?p=582674","title":{"rendered":"Banco Promerica destaca sus logros de 2024 y proyecta un 2025 lleno de oportunidades durante Desayuno Ejecutivo Empresarial"},"content":{"rendered":"\n<p>\u202f\u00a0Richard-Ros-Nelson-de-los-Santos-Carlos-Julio-Camilo-y-Hampton-Castillo.<\/p>\n\n\n\n<p><strong>Santo Domingo \u2013<\/strong>\u00a0Banco Promerica celebr\u00f3 su Desayuno Ejecutivo Empresarial 2024, un evento que reuni\u00f3 a miembros del Consejo de Administraci\u00f3n, clientes, aliados estrat\u00e9gicos, figuras del sector empresarial del pa\u00eds, as\u00ed como ejecutivos del Banco. Este encuentro se convirti\u00f3 en un espacio para reflexionar sobre los logros alcanzados durante el a\u00f1o y las perspectivas econ\u00f3micas de cara al 2025.\u202f\u00a0<\/p>\n\n\n\n<figure class=\"wp-block-image size-large\"><img loading=\"lazy\" decoding=\"async\" width=\"1024\" height=\"683\" src=\"https:\/\/diariodominicano.com\/wp-content\/uploads\/2024\/12\/FOTO-2-Principal-Jesus-Gil-Marielyn-Portorreal-Carlos-Julio-Camilo-Alina-Victorio-Claudia-Cueli-1-1-1024x683.jpg\" alt=\"\" class=\"wp-image-582677\" srcset=\"https:\/\/diariodominicano.com\/wp-content\/uploads\/2024\/12\/FOTO-2-Principal-Jesus-Gil-Marielyn-Portorreal-Carlos-Julio-Camilo-Alina-Victorio-Claudia-Cueli-1-1-1024x683.jpg 1024w, https:\/\/diariodominicano.com\/wp-content\/uploads\/2024\/12\/FOTO-2-Principal-Jesus-Gil-Marielyn-Portorreal-Carlos-Julio-Camilo-Alina-Victorio-Claudia-Cueli-1-1-300x200.jpg 300w, https:\/\/diariodominicano.com\/wp-content\/uploads\/2024\/12\/FOTO-2-Principal-Jesus-Gil-Marielyn-Portorreal-Carlos-Julio-Camilo-Alina-Victorio-Claudia-Cueli-1-1-768x512.jpg 768w, https:\/\/diariodominicano.com\/wp-content\/uploads\/2024\/12\/FOTO-2-Principal-Jesus-Gil-Marielyn-Portorreal-Carlos-Julio-Camilo-Alina-Victorio-Claudia-Cueli-1-1-1536x1024.jpg 1536w, https:\/\/diariodominicano.com\/wp-content\/uploads\/2024\/12\/FOTO-2-Principal-Jesus-Gil-Marielyn-Portorreal-Carlos-Julio-Camilo-Alina-Victorio-Claudia-Cueli-1-1-2048x1365.jpg 2048w, https:\/\/diariodominicano.com\/wp-content\/uploads\/2024\/12\/FOTO-2-Principal-Jesus-Gil-Marielyn-Portorreal-Carlos-Julio-Camilo-Alina-Victorio-Claudia-Cueli-1-1-816x544.jpg 816w\" sizes=\"auto, (max-width: 1024px) 100vw, 1024px\" \/><\/figure>\n\n\n\n<p> Jesus Gil, Marielyn Portorreal, Carlos Julio Camilo, Alina Victorio, Claudia Cueli <\/p>\n\n\n\n<p>\u202f&nbsp;<\/p>\n\n\n\n<p>El evento fue encabezado por el se\u00f1or Carlos Julio Camilo, presidente ejecutivo de Banco Promerica, quien destac\u00f3 los principales hitos de la entidad durante 2024, as\u00ed como los retos y oportunidades que proyecta para el pr\u00f3ximo a\u00f1o. En su intervenci\u00f3n, el Sr. Camilo reafirm\u00f3 el compromiso del banco de seguir siendo un socio financiero de confianza, cercano e innovador.\u202f&nbsp;<\/p>\n\n\n\n<p>\u202f&nbsp;<\/p>\n\n\n\n<figure class=\"wp-block-image size-large\"><img loading=\"lazy\" decoding=\"async\" width=\"1024\" height=\"688\" src=\"https:\/\/diariodominicano.com\/wp-content\/uploads\/2024\/12\/FOTO-3-Jose-Armenteros-Ernesto-Cuello-Carlos-Julio-Camilo-Pablo-Cuello--1024x688.jpg\" alt=\"\" class=\"wp-image-582680\" srcset=\"https:\/\/diariodominicano.com\/wp-content\/uploads\/2024\/12\/FOTO-3-Jose-Armenteros-Ernesto-Cuello-Carlos-Julio-Camilo-Pablo-Cuello--1024x688.jpg 1024w, https:\/\/diariodominicano.com\/wp-content\/uploads\/2024\/12\/FOTO-3-Jose-Armenteros-Ernesto-Cuello-Carlos-Julio-Camilo-Pablo-Cuello--300x202.jpg 300w, https:\/\/diariodominicano.com\/wp-content\/uploads\/2024\/12\/FOTO-3-Jose-Armenteros-Ernesto-Cuello-Carlos-Julio-Camilo-Pablo-Cuello--768x516.jpg 768w, https:\/\/diariodominicano.com\/wp-content\/uploads\/2024\/12\/FOTO-3-Jose-Armenteros-Ernesto-Cuello-Carlos-Julio-Camilo-Pablo-Cuello--1536x1033.jpg 1536w, https:\/\/diariodominicano.com\/wp-content\/uploads\/2024\/12\/FOTO-3-Jose-Armenteros-Ernesto-Cuello-Carlos-Julio-Camilo-Pablo-Cuello--2048x1377.jpg 2048w, https:\/\/diariodominicano.com\/wp-content\/uploads\/2024\/12\/FOTO-3-Jose-Armenteros-Ernesto-Cuello-Carlos-Julio-Camilo-Pablo-Cuello--816x549.jpg 816w\" sizes=\"auto, (max-width: 1024px) 100vw, 1024px\" \/><\/figure>\n\n\n\n<p>Jos\u00e9 Armenteros, Ernesto Cuello, Carlos Julio Camilo, Pablo Cuello ()<\/p>\n\n\n\n<p>\u201cHemos alcanzado logros hist\u00f3ricos este a\u00f1o, como superar el bill\u00f3n de d\u00f3lares en activos, ser el banco de mayor crecimiento al cierre de octubre 2024 con un 25% de incremento en la cartera total de cr\u00e9dito y un crecimiento anual compuesto de 34% en los \u00faltimos 5 a\u00f1os, tambi\u00e9n manteniendo el liderazgo en crecimiento en este rubro. En ese mismo orden, hemos recibido\u202ftres mejoras en nuestra calificaci\u00f3n de riesgo en los \u00faltimos tres a\u00f1os. Estos resultados no solo nos llenan de orgullo, sino que tambi\u00e9n nos motivan a seguir apoyando a nuestros clientes con productos y servicios de vanguardia\u201d, expres\u00f3 el Sr. Camilo.\u202f\u00a0<\/p>\n\n\n\n<figure class=\"wp-block-image size-large\"><img loading=\"lazy\" decoding=\"async\" width=\"1024\" height=\"697\" src=\"https:\/\/diariodominicano.com\/wp-content\/uploads\/2024\/12\/FOTO-6-Monica-Mieses-Fernando-Armenteros-Claudia-Cueli-Jesus-Gil--1024x697.jpg\" alt=\"\" class=\"wp-image-582683\" srcset=\"https:\/\/diariodominicano.com\/wp-content\/uploads\/2024\/12\/FOTO-6-Monica-Mieses-Fernando-Armenteros-Claudia-Cueli-Jesus-Gil--1024x697.jpg 1024w, https:\/\/diariodominicano.com\/wp-content\/uploads\/2024\/12\/FOTO-6-Monica-Mieses-Fernando-Armenteros-Claudia-Cueli-Jesus-Gil--300x204.jpg 300w, https:\/\/diariodominicano.com\/wp-content\/uploads\/2024\/12\/FOTO-6-Monica-Mieses-Fernando-Armenteros-Claudia-Cueli-Jesus-Gil--768x523.jpg 768w, https:\/\/diariodominicano.com\/wp-content\/uploads\/2024\/12\/FOTO-6-Monica-Mieses-Fernando-Armenteros-Claudia-Cueli-Jesus-Gil--1536x1045.jpg 1536w, https:\/\/diariodominicano.com\/wp-content\/uploads\/2024\/12\/FOTO-6-Monica-Mieses-Fernando-Armenteros-Claudia-Cueli-Jesus-Gil--2048x1394.jpg 2048w, https:\/\/diariodominicano.com\/wp-content\/uploads\/2024\/12\/FOTO-6-Monica-Mieses-Fernando-Armenteros-Claudia-Cueli-Jesus-Gil--816x555.jpg 816w\" sizes=\"auto, (max-width: 1024px) 100vw, 1024px\" \/><\/figure>\n\n\n\n<p>\u202f\u00a0Monica Mieses, Fernando Armenteros, Claudia Cueli, Jesus Gil <\/p>\n\n\n\n<p>En su discurso, el presidente ejecutivo de Banco Promerica tambi\u00e9n resalt\u00f3 la apertura de nuevas sucursales en puntos estrat\u00e9gicos del pa\u00eds, como San Francisco de Macor\u00eds, y la consolidaci\u00f3n de sus centros de atenci\u00f3n y Oficinas Corporativas en Santo Domingo y Santiago. Asimismo, se destac\u00f3 la transformaci\u00f3n digital de la entidad, que incluy\u00f3 la mejora de su banca digital y la incorporaci\u00f3n de innovaciones en medios de pago, como el lanzamiento de Apple Pay en la Rep\u00fablica Dominicana.\u202f&nbsp;<\/p>\n\n\n\n<p>\u202f&nbsp;<\/p>\n\n\n\n<p>El evento cont\u00f3 con la participaci\u00f3n especial de Ra\u00fal Ovalle, destacado economista y socio-director de la firma Analytica, quien present\u00f3 la conferencia titulada: \u201cPerspectivas de una econom\u00eda sin reforma: Desaf\u00edos globales, monetarios y fiscales de 2025\u201d.\u202f&nbsp;<\/p>\n\n\n\n<p>\u202f&nbsp;<\/p>\n\n\n\n<p>Ovalle analiz\u00f3 las principales variables econ\u00f3micas que influir\u00e1n en el desempe\u00f1o de la econom\u00eda dominicana, entre ellas, el comportamiento de las tasas de inter\u00e9s, la estabilidad fiscal y el impacto de los cambios en la econom\u00eda global. Su intervenci\u00f3n gener\u00f3 un alto nivel de interacci\u00f3n por parte de los asistentes, quienes tuvieron la oportunidad de participar en un panel de preguntas y respuestas para profundizar en algunos t\u00f3picos. \u202f&nbsp;<\/p>\n\n\n\n<p>\u202f&nbsp;<\/p>\n\n\n\n<p>Durante el encuentro, la entidad reafirm\u00f3 su compromiso de mantener una relaci\u00f3n cercana y transparente con sus clientes y aliados estrat\u00e9gicos, enfatizando en que Banco Promerica est\u00e1 preparado para traer m\u00e1s innovaciones, agilidad en todos sus procesos y un enfoque centrado en el cliente.\u202f&nbsp;<\/p>\n\n\n\n<p>El evento concluy\u00f3 con un mensaje de agradecimiento y compromiso por parte del Sr. Carlos Julio Camilo,\u202fquien resalt\u00f3 la importancia de la unidad y la proactividad para enfrentar los desaf\u00edos econ\u00f3micos del 2025. \u201cNuestra misi\u00f3n es continuar creciendo juntos, superando los retos y alcanzando nuevas metas con la pasi\u00f3n y entrega que nos caracteriza. Queremos seguir siendo su socio financiero de confianza y su principal aliado en cada paso de su camino hacia el \u00e9xito\u201d, concluy\u00f3.\u202f\u00a0<\/p>\n\n\n\n<p>Leidy P\u00e9rez<\/p>\n\n\n\n<p>Leidy P\u00e9rez (De tus contactos de Google)<\/p>\n\n\n\n<p><a target=\"_blank\" href=\"mailto:medios@afcomunicacion.com\" rel=\"noreferrer noopener\">medios@afcomunicacion.com<\/a><\/p>\n\n\n\n<p><\/p>\n","protected":false},"excerpt":{"rendered":"<p>\u202f\u00a0Richard-Ros-Nelson-de-los-Santos-Carlos-Julio-Camilo-y-Hampton-Castillo. Santo Domingo \u2013\u00a0Banco Promerica celebr\u00f3 su Desayuno Ejecutivo Empresarial 2024, un evento que reuni\u00f3 a miembros del Consejo de Administraci\u00f3n, clientes, aliados estrat\u00e9gicos, figuras del sector empresarial del pa\u00eds, as\u00ed como ejecutivos del Banco. Este encuentro se convirti\u00f3 en un espacio para reflexionar sobre los logros alcanzados durante el a\u00f1o y las perspectivas econ\u00f3micas [&hellip;]<\/p>\n","protected":false},"author":28,"featured_media":582675,"comment_status":"closed","ping_status":"closed","sticky":true,"template":"","format":"standard","meta":{"footnotes":""},"categories":[18],"tags":[],"class_list":["post-582674","post","type-post","status-publish","format-standard","has-post-thumbnail","hentry","category-economia"],"_links":{"self":[{"href":"https:\/\/diariodominicano.com\/index.php?rest_route=\/wp\/v2\/posts\/582674","targetHints":{"allow":["GET"]}}],"collection":[{"href":"https:\/\/diariodominicano.com\/index.php?rest_route=\/wp\/v2\/posts"}],"about":[{"href":"https:\/\/diariodominicano.com\/index.php?rest_route=\/wp\/v2\/types\/post"}],"author":[{"embeddable":true,"href":"https:\/\/diariodominicano.com\/index.php?rest_route=\/wp\/v2\/users\/28"}],"replies":[{"embeddable":true,"href":"https:\/\/diariodominicano.com\/index.php?rest_route=%2Fwp%2Fv2%2Fcomments&post=582674"}],"version-history":[{"count":4,"href":"https:\/\/diariodominicano.com\/index.php?rest_route=\/wp\/v2\/posts\/582674\/revisions"}],"predecessor-version":[{"id":582684,"href":"https:\/\/diariodominicano.com\/index.php?rest_route=\/wp\/v2\/posts\/582674\/revisions\/582684"}],"wp:featuredmedia":[{"embeddable":true,"href":"https:\/\/diariodominicano.com\/index.php?rest_route=\/wp\/v2\/media\/582675"}],"wp:attachment":[{"href":"https:\/\/diariodominicano.com\/index.php?rest_route=%2Fwp%2Fv2%2Fmedia&parent=582674"}],"wp:term":[{"taxonomy":"category","embeddable":true,"href":"https:\/\/diariodominicano.com\/index.php?rest_route=%2Fwp%2Fv2%2Fcategories&post=582674"},{"taxonomy":"post_tag","embeddable":true,"href":"https:\/\/diariodominicano.com\/index.php?rest_route=%2Fwp%2Fv2%2Ftags&post=582674"}],"curies":[{"name":"wp","href":"https:\/\/api.w.org\/{rel}","templated":true}]}}