{"id":582563,"date":"2024-12-13T15:50:02","date_gmt":"2024-12-13T19:50:02","guid":{"rendered":"https:\/\/diariodominicano.com\/?p=582563"},"modified":"2024-12-13T18:39:52","modified_gmt":"2024-12-13T22:39:52","slug":"lula-deja-terapia-intensiva-y-comienza-a-caminar-para-recuperacion-tras-operacion","status":"publish","type":"post","link":"https:\/\/diariodominicano.com\/?p=582563","title":{"rendered":"Lula deja terapia intensiva y comienza a caminar para recuperaci\u00f3n tras operaci\u00f3n"},"content":{"rendered":"\n<p>diariodominicano.com<\/p>\n\n\n\n<p>SAO PAULO, 13 dic (Xinhua) &#8212; El presidente de Brasil, Luiz In\u00e1cio Lula da Silva, hospitalizado desde el pasado martes tras someterse a una cirug\u00eda para drenar un hematoma intracraneal, dej\u00f3 hoy viernes la Unidad de Terapia Intensiva (UTI) como parte de su proceso de recuperaci\u00f3n, y se espera que reciba el alta la pr\u00f3xima semana, informe sus m\u00e9dicos. <\/p>\n\n\n\n<p>El mandatario, de 79 a\u00f1os, fue trasladado a la unidad de terapia intermedia, donde ya comenz\u00f3 a caminar como parte de su rehabilitaci\u00f3n, de acuerdo con el bolet\u00edn emitido por el Hospital Sirio-Liban\u00e9s de Sao Paulo. <\/p>\n\n\n\n<p>La parte m\u00e9dica detalla que Lula da Silva \u00abcontin\u00faa l\u00facido y orientado, se aliment\u00f3 con normalidad y realiz\u00f3 una caminata por los pasillos\u00bb del centro m\u00e9dico. Rui Costa, jefe de gabinete, inform\u00f3 en redes sociales que mantuvo una conversaci\u00f3n telef\u00f3nica con el presidente para abordar asuntos de Gobierno, lo que demuestra su estado de \u00e1nimo estable. Roberto Kalil, m\u00e9dico encargado de la salud del presidente, dijo que la previsi\u00f3n es que tenga el alta la pr\u00f3xima semana. <\/p>\n\n\n\n<p>El l\u00edder fundador del Partido de los Trabajadores (PT) fue operado de urgencia la madrugada del martes debido a un hematoma intracraneal ocasionado por un golpe en la nuca sufrida el 19 de octubre en la residencia oficial del Palacio de la Alvorada. El jueves se le practic\u00f3 una segunda intervenci\u00f3n quir\u00fargica para drenar la regi\u00f3n afectada y prevenir futuros sangrados.<\/p>\n","protected":false},"excerpt":{"rendered":"<p>diariodominicano.com SAO PAULO, 13 dic (Xinhua) &#8212; El presidente de Brasil, Luiz In\u00e1cio Lula da Silva, hospitalizado desde el pasado martes tras someterse a una cirug\u00eda para drenar un hematoma intracraneal, dej\u00f3 hoy viernes la Unidad de Terapia Intensiva (UTI) como parte de su proceso de recuperaci\u00f3n, y se espera que reciba el alta la [&hellip;]<\/p>\n","protected":false},"author":5,"featured_media":582564,"comment_status":"closed","ping_status":"closed","sticky":true,"template":"","format":"standard","meta":{"footnotes":""},"categories":[23,27],"tags":[],"class_list":["post-582563","post","type-post","status-publish","format-standard","has-post-thumbnail","hentry","category-internacional","category-portada"],"_links":{"self":[{"href":"https:\/\/diariodominicano.com\/index.php?rest_route=\/wp\/v2\/posts\/582563","targetHints":{"allow":["GET"]}}],"collection":[{"href":"https:\/\/diariodominicano.com\/index.php?rest_route=\/wp\/v2\/posts"}],"about":[{"href":"https:\/\/diariodominicano.com\/index.php?rest_route=\/wp\/v2\/types\/post"}],"author":[{"embeddable":true,"href":"https:\/\/diariodominicano.com\/index.php?rest_route=\/wp\/v2\/users\/5"}],"replies":[{"embeddable":true,"href":"https:\/\/diariodominicano.com\/index.php?rest_route=%2Fwp%2Fv2%2Fcomments&post=582563"}],"version-history":[{"count":2,"href":"https:\/\/diariodominicano.com\/index.php?rest_route=\/wp\/v2\/posts\/582563\/revisions"}],"predecessor-version":[{"id":582601,"href":"https:\/\/diariodominicano.com\/index.php?rest_route=\/wp\/v2\/posts\/582563\/revisions\/582601"}],"wp:featuredmedia":[{"embeddable":true,"href":"https:\/\/diariodominicano.com\/index.php?rest_route=\/wp\/v2\/media\/582564"}],"wp:attachment":[{"href":"https:\/\/diariodominicano.com\/index.php?rest_route=%2Fwp%2Fv2%2Fmedia&parent=582563"}],"wp:term":[{"taxonomy":"category","embeddable":true,"href":"https:\/\/diariodominicano.com\/index.php?rest_route=%2Fwp%2Fv2%2Fcategories&post=582563"},{"taxonomy":"post_tag","embeddable":true,"href":"https:\/\/diariodominicano.com\/index.php?rest_route=%2Fwp%2Fv2%2Ftags&post=582563"}],"curies":[{"name":"wp","href":"https:\/\/api.w.org\/{rel}","templated":true}]}}