{"id":582559,"date":"2024-12-13T15:39:40","date_gmt":"2024-12-13T19:39:40","guid":{"rendered":"https:\/\/diariodominicano.com\/?p=582559"},"modified":"2024-12-13T18:47:42","modified_gmt":"2024-12-13T22:47:42","slug":"danilo-medina-el-trabajo-politico-se-hace-en-el-territorio-en-los-municipios-distritos-municipales-secciones-y-parajes-del-pais","status":"publish","type":"post","link":"https:\/\/diariodominicano.com\/?p=582559","title":{"rendered":"Danilo Medina:\u00a0\u201cEl trabajo pol\u00edtico se hace en el territorio, en los municipios, distritos municipales, secciones y parajes del pa\u00eds\u201d"},"content":{"rendered":"\n<p>diariodominicano.com<\/p>\n\n\n\n<p>Santo Domingo, R. D., 13 de diciembre, 2024.-\u2002En iguales t\u00e9rminos que respondi\u00f3 a los periodistas al salir de una asamblea de dirigentes del&nbsp;<strong>Partido de la Liberaci\u00f3n Dominicana en Bonao, el ex presidente Danilo Medina, presidente del PLD<\/strong>, habl\u00f3 en ese encuentro haciendo notar la frialdad en la actual temporada de navidad atribuido a que la gente no tiene con qu\u00e9 comparar.<\/p>\n\n\n\n<p>\u201cSon unas navidades fr\u00edas, se nota por la disminuci\u00f3n en el ritmo de las actividades porque la gente no tiene con que comprar\u201d, dijo el Presidente del PLD en la parte final de su intervenci\u00f3n al concluir la asamblea de dirigentes del PLD en la provincia Monse\u00f1or Nouel. &nbsp;&nbsp;<\/p>\n\n\n\n<p>Explic\u00f3 que las limitaciones econ\u00f3micas, junto al deterioro de los servicios en la actual gesti\u00f3n de Gobierno es lo que ha motivado que la poblaci\u00f3n haya vuelto la mirada hacia el PLD, en cuyos gobiernos se disfrut\u00f3 de bienestar y estabilidad econ\u00f3mica.<\/p>\n\n\n\n<p>Dijo que el pueblo dominicano ha ido perdiendo su capacidad para adquirir bienes y servicios, por la enorme inflaci\u00f3n en el gobierno del PRM. Todo est\u00e1 caro. \u201cTampoco hay empleos suficientes. No hay trabajo\u201d, dijo ante una gran concurrencia de representantes de los dirigentes de los municipios y distritos municipales de la provincia Monse\u00f1or Nouel.<\/p>\n\n\n\n<p>En este encuentro el Presidente del PLD exhort\u00f3 a los asistentes a realizar el trabajo en las comunidades, integr\u00e1ndose con la poblaci\u00f3n, haciendo entender que el PLD se solidariza con el dolor de la gente.<\/p>\n\n\n\n<p>\u201cEl trabajo pol\u00edtico se hace en el territorio, en los municipios, distritos municipales, secciones y parajes del pa\u00eds. Si el Partido no se mueve localmente de nada vale que lo hagan sus dirigentes nacionales\u201d, expuso como introducci\u00f3n a su exposici\u00f3n que la fundament\u00f3 en las ideas y sugerencias de seis miembros del PLD que pidieron la palabra respondiendo al esquema creado para estos encuentros interactivos.<\/p>\n\n\n\n<p>Exhort\u00f3 a los miembros y dirigentes que en sus visitas a las comunidades inviten a los ciudadanos a hacer las comparaciones de las gestiones de Gobierno. \u201cEs insuperable el nivel de obras y acciones realizadas en los Gobiernos del PLD. Nadie hab\u00eda hecho tanto por el pa\u00eds como el PLD. Es lo que nos hace estar orgullosos de pertenecer a sus filas\u201d, dijo el ex mandatario coronando los asistentes esas palabras con un cerrado aplauso.<\/p>\n\n\n\n<p>&nbsp;La asamblea de los dirigentes del PLD de la provincia Monse\u00f1or Nouel se desarroll\u00f3 con un sal\u00f3n repleto de los integrantes de las direcciones de los Comit\u00e9s Municipales, de Distritos Municipales, de la Direcci\u00f3n Provincial, Presidentes de Comit\u00e9s Intermedios de Bonao y otros.<\/p>\n\n\n\n<p>La l\u00ednea frontal de la asamblea estuvo compuesta por Danilo Medina, Presidente del PLD Johnny Pujols secretario general y los dirigentes de la provincia F\u00e9lix Nova, Presidente Provincial, Carlos Veras, Presidente Municipal, Luis Armando Asunci\u00f3n, Enlace. Nicol\u00e1s Restituyo, vicepresidente provincial, Fiordaliza Pichardo, ex candidata a la alcald\u00eda, Reinaldo Pichardo Director de Juan Adri\u00e1n.<\/p>\n\n\n\n<p>En el encuentro participaron los miembros del Comit\u00e9 Pol\u00edtico, Maribel Acosta, Sim\u00f3n Lizardo, Roberto Rodr\u00edguez Marchena, Robert de la Cruz, Margarita Pimentel, El\u00edas Cornelio, H\u00e9ctor Olivo, Aura Toribio y Thelma Eusebio.<\/p>\n\n\n\n<p>Monse\u00f1or Fausto Ram\u00f3n Mej\u00eda Vallejo, bendijo la actividad con mensaje reflexivo a favor de la unidad y la solidaridad, intervinieron de Carlos Veras y F\u00e9lix Nova.<\/p>\n\n\n\n<p><strong>Johnny Pujols, Secretario General<\/strong>, explic\u00f3 la metodolog\u00eda de la asamblea con la que se persigue movilizar al Partido y aplicar las recomendaciones del reci\u00e9n finalizado X Congreso Ordinario Reinaldo Pared P\u00e9rez.<\/p>\n\n\n\n<p>Explic\u00f3 que, en esta nueva etapa de refundaci\u00f3n del Partido, se hace necesario una evaluaci\u00f3n sincera de la situaci\u00f3n partidaria para orientar las tareas asignadas.<\/p>\n\n\n\n<p>En los turnos libres, seis de los dirigentes participantes intervinieron presentando ideas y recomendaciones para el activismo partidario, denunciado la situaci\u00f3n de penuria del pueblo dominicano, argumentos que sirvieron de base a la intervenci\u00f3n del Presidente Danilo Medina, con la que concluy\u00f3 la actividad.<\/p>\n\n\n\n<p><strong>SECRETARIA DE COMUNICACIONES <\/strong><\/p>\n\n\n\n<p><strong>13 DE DICIEMBRE, 2024.-<\/strong><\/p>\n","protected":false},"excerpt":{"rendered":"<p>diariodominicano.com Santo Domingo, R. D., 13 de diciembre, 2024.-\u2002En iguales t\u00e9rminos que respondi\u00f3 a los periodistas al salir de una asamblea de dirigentes del&nbsp;Partido de la Liberaci\u00f3n Dominicana en Bonao, el ex presidente Danilo Medina, presidente del PLD, habl\u00f3 en ese encuentro haciendo notar la frialdad en la actual temporada de navidad atribuido a que [&hellip;]<\/p>\n","protected":false},"author":5,"featured_media":582561,"comment_status":"closed","ping_status":"closed","sticky":true,"template":"","format":"standard","meta":{"footnotes":""},"categories":[20,22,27],"tags":[],"class_list":["post-582559","post","type-post","status-publish","format-standard","has-post-thumbnail","hentry","category-dominicana-hoy","category-politica","category-portada"],"_links":{"self":[{"href":"https:\/\/diariodominicano.com\/index.php?rest_route=\/wp\/v2\/posts\/582559","targetHints":{"allow":["GET"]}}],"collection":[{"href":"https:\/\/diariodominicano.com\/index.php?rest_route=\/wp\/v2\/posts"}],"about":[{"href":"https:\/\/diariodominicano.com\/index.php?rest_route=\/wp\/v2\/types\/post"}],"author":[{"embeddable":true,"href":"https:\/\/diariodominicano.com\/index.php?rest_route=\/wp\/v2\/users\/5"}],"replies":[{"embeddable":true,"href":"https:\/\/diariodominicano.com\/index.php?rest_route=%2Fwp%2Fv2%2Fcomments&post=582559"}],"version-history":[{"count":2,"href":"https:\/\/diariodominicano.com\/index.php?rest_route=\/wp\/v2\/posts\/582559\/revisions"}],"predecessor-version":[{"id":582602,"href":"https:\/\/diariodominicano.com\/index.php?rest_route=\/wp\/v2\/posts\/582559\/revisions\/582602"}],"wp:featuredmedia":[{"embeddable":true,"href":"https:\/\/diariodominicano.com\/index.php?rest_route=\/wp\/v2\/media\/582561"}],"wp:attachment":[{"href":"https:\/\/diariodominicano.com\/index.php?rest_route=%2Fwp%2Fv2%2Fmedia&parent=582559"}],"wp:term":[{"taxonomy":"category","embeddable":true,"href":"https:\/\/diariodominicano.com\/index.php?rest_route=%2Fwp%2Fv2%2Fcategories&post=582559"},{"taxonomy":"post_tag","embeddable":true,"href":"https:\/\/diariodominicano.com\/index.php?rest_route=%2Fwp%2Fv2%2Ftags&post=582559"}],"curies":[{"name":"wp","href":"https:\/\/api.w.org\/{rel}","templated":true}]}}