{"id":582553,"date":"2024-12-13T15:23:01","date_gmt":"2024-12-13T19:23:01","guid":{"rendered":"https:\/\/diariodominicano.com\/?p=582553"},"modified":"2024-12-13T15:23:10","modified_gmt":"2024-12-13T19:23:10","slug":"huelga-general-en-italia-causa-interrupciones-en-el-transporte","status":"publish","type":"post","link":"https:\/\/diariodominicano.com\/?p=582553","title":{"rendered":"Huelga general en Italia causa interrupciones en el transporte"},"content":{"rendered":"\n<p>diariodominicano.com<\/p>\n\n\n\n<p>ROMA, 13 dic (Xinhua) &#8212; Una huelga general nacional realizada hoy en Italia gener\u00f3 caos en el transporte de las grandes ciudades, incluidas Roma y Mil\u00e1n. La huelga de 24 horas fue convocada por el sindicato USB debido a los crecientes costos de vida y los bajos salarios. La concentraci\u00f3n principal se registr\u00f3 en el centro hist\u00f3rico de Roma y dos de las tres l\u00edneas de metro de la capital quedaron cerradas. Las l\u00edneas de metro y de autobuses en Mil\u00e1n, Tur\u00edn y N\u00e1poles tambi\u00e9n estaban cerradas, indic\u00f3 la agencia noticiosa Ansa, as\u00ed como la l\u00ednea ferroviaria Vesuviana en N\u00e1poles. Algunos trenes regionales y de larga distancia operados por la compa\u00f1\u00eda estatal de ferrocarriles Trenitalia y por la compa\u00f1\u00eda privada Italo tambi\u00e9n resultaron afectados. Los transportadores que brindan conexi\u00f3n a las islas italianas participaron en la huelga, pero no las aerol\u00edneas, las cuales planearon una protesta por separado para el 15 de diciembre. Los conductores de taxis tambi\u00e9n convocaron hoy una huelga de 12 horas, lo que provoc\u00f3 problemas para los trabajadores y pasajeros en las grandes ciudades. La huelga fue realizada a pesar de los intentos del Ministerio de Transporte e Infraestructura para limitar su alcance. El jueves, un tribunal administrativo rechaz\u00f3 una orden de cesaci\u00f3n emitida por el ministro de Transporte, Matteo Salvini, que hab\u00eda reducido el horario de la huelga a apenas cuatro horas. El tribunal consider\u00f3 que la orden ministerial era inconstitucional y permiti\u00f3 al USB seguir adelante.<\/p>\n","protected":false},"excerpt":{"rendered":"<p>diariodominicano.com ROMA, 13 dic (Xinhua) &#8212; Una huelga general nacional realizada hoy en Italia gener\u00f3 caos en el transporte de las grandes ciudades, incluidas Roma y Mil\u00e1n. La huelga de 24 horas fue convocada por el sindicato USB debido a los crecientes costos de vida y los bajos salarios. La concentraci\u00f3n principal se registr\u00f3 en [&hellip;]<\/p>\n","protected":false},"author":5,"featured_media":582554,"comment_status":"closed","ping_status":"closed","sticky":true,"template":"","format":"standard","meta":{"footnotes":""},"categories":[23,27],"tags":[],"class_list":["post-582553","post","type-post","status-publish","format-standard","has-post-thumbnail","hentry","category-internacional","category-portada"],"_links":{"self":[{"href":"https:\/\/diariodominicano.com\/index.php?rest_route=\/wp\/v2\/posts\/582553","targetHints":{"allow":["GET"]}}],"collection":[{"href":"https:\/\/diariodominicano.com\/index.php?rest_route=\/wp\/v2\/posts"}],"about":[{"href":"https:\/\/diariodominicano.com\/index.php?rest_route=\/wp\/v2\/types\/post"}],"author":[{"embeddable":true,"href":"https:\/\/diariodominicano.com\/index.php?rest_route=\/wp\/v2\/users\/5"}],"replies":[{"embeddable":true,"href":"https:\/\/diariodominicano.com\/index.php?rest_route=%2Fwp%2Fv2%2Fcomments&post=582553"}],"version-history":[{"count":1,"href":"https:\/\/diariodominicano.com\/index.php?rest_route=\/wp\/v2\/posts\/582553\/revisions"}],"predecessor-version":[{"id":582556,"href":"https:\/\/diariodominicano.com\/index.php?rest_route=\/wp\/v2\/posts\/582553\/revisions\/582556"}],"wp:featuredmedia":[{"embeddable":true,"href":"https:\/\/diariodominicano.com\/index.php?rest_route=\/wp\/v2\/media\/582554"}],"wp:attachment":[{"href":"https:\/\/diariodominicano.com\/index.php?rest_route=%2Fwp%2Fv2%2Fmedia&parent=582553"}],"wp:term":[{"taxonomy":"category","embeddable":true,"href":"https:\/\/diariodominicano.com\/index.php?rest_route=%2Fwp%2Fv2%2Fcategories&post=582553"},{"taxonomy":"post_tag","embeddable":true,"href":"https:\/\/diariodominicano.com\/index.php?rest_route=%2Fwp%2Fv2%2Ftags&post=582553"}],"curies":[{"name":"wp","href":"https:\/\/api.w.org\/{rel}","templated":true}]}}