{"id":582474,"date":"2024-12-13T10:03:58","date_gmt":"2024-12-13T14:03:58","guid":{"rendered":"https:\/\/diariodominicano.com\/?p=582474"},"modified":"2024-12-13T10:04:26","modified_gmt":"2024-12-13T14:04:26","slug":"escuelas-vocacionales-del-ministerio-de-defensa-graduan-44144-nuevos-tecnicos","status":"publish","type":"post","link":"https:\/\/diariodominicano.com\/?p=582474","title":{"rendered":"Escuelas Vocacionales del Ministerio de Defensa grad\u00faan 44,144 nuevos t\u00e9cnicos"},"content":{"rendered":"\n<p>diariodominicano.com<\/p>\n\n\n\n<p>Santo Domingo, R. D.,\u200213 de diciembre, 2024.- \u00a0<strong>El Ministerio de Defensa (MIDE)<\/strong>\u00a0a trav\u00e9s de la Direcci\u00f3n General de las Escuelas Vocacionales de las Fuerzas Armadas y de la Polic\u00eda Nacional\u00a0<strong>(Digev)<\/strong>\u00a0cerr\u00f3 con \u00e9xito este jueves su programa de\u00a0<strong>graduaci\u00f3n correspondiente al periodo acad\u00e9mico 2024<\/strong>, en donde fue investido un total de\u00a0<strong>44,114 nuevos t\u00e9cnicos y auxiliares<\/strong>\u00a0en m\u00e1s de 105 acciones formativas, en los 31 centros formativos que operan en el pa\u00eds.<\/p>\n\n\n\n<p>La actividad fue encabezada por el mayor general&nbsp;<strong>Miguel \u00c1ngel Rubio B\u00e1ez<\/strong>, ERD., viceministro de Defensa para Asuntos Militares, en representaci\u00f3n del teniente general&nbsp;<strong>Carlos Antonio Fern\u00e1ndez Onofre<\/strong>, ERD, ministro de Defensa, y el anfitri\u00f3n, coronel&nbsp;<strong>Jos\u00e9 Ram\u00f3n Reyes Su\u00e1rez<\/strong>, FARD, director general de la Digev, quien inform\u00f3 que con las referidas graduaciones en esa instituci\u00f3n se ha logrado formar y graduar a&nbsp;<strong>467,683 nuevos t\u00e9cnicos, desde su fundaci\u00f3n en 1966.&nbsp;<\/strong><\/p>\n\n\n\n<p>El cierre de la graduaci\u00f3n 2024 de la entidad concluy\u00f3 con la celebraci\u00f3n de un&nbsp;<strong>acto de investidura de los estudiantes de las escuelas vocacionales de la regi\u00f3n metropolitana,<\/strong>&nbsp;llevado a cabo en el sal\u00f3n Independencia del Ministerio de Defensa, en el Distrito Nacional, en donde se graduaron&nbsp; 1,150 nuevos t\u00e9cnicos y auxiliares en diversos oficios t\u00e9cnicos.<\/p>\n\n\n\n<p>Los egresados completaron su formaci\u00f3n en Enfermer\u00eda, Inform\u00e1tica, Ingl\u00e9s, Oratoria, Creole, Locuci\u00f3n, Contabilidad, Ventas, Cosmetolog\u00eda, Belleza, Refrigeraci\u00f3n Automotriz, Hoteler\u00eda y Turismo, Auxiliar en Farmacia, Conducci\u00f3n de Veh\u00edculos Pesados, Dise\u00f1o Gr\u00e1fico, Tapicer\u00eda y Electricidad Residencial, entre otras especialidades.<\/p>\n\n\n\n<p>En su discurso de orden, el coronel Reyes Su\u00e1rez afirm\u00f3 que los t\u00e9cnicos egresados de esos centros formativos contribuir\u00e1n, con las habilidades y conocimientos adquiridos, al&nbsp;<strong>desarrollo socioecon\u00f3mico<\/strong>&nbsp;de las diferentes zonas donde funcionan las&nbsp;<strong>Escuelas Vocacionales<\/strong>, as\u00ed como al&nbsp;<strong>bienestar de sus familias<\/strong>.<\/p>\n\n\n\n<p><em>\u00abLa finalidad de estos programas formativos t\u00e9cnico-profesionales dirigidos a militares, polic\u00edas y ciudadanos en general, es preparar mano de obra calificada para satisfacer las necesidades productivas nacionales, y as\u00ed contribuir al desarrollo econ\u00f3mico y social de la Rep\u00fablica Dominicana \u00ab<\/em>, resalt\u00f3.<\/p>\n\n\n\n<p><em>\u201cEste acto nacional se suma a las seis ceremonias anteriormente realizadas, tales como en Barahona, La Romana, La Vega, San Crist\u00f3bal, Nagua y el centro penitenciario de La Victoria, como un reflejo del alcance y la trascendencia de nuestra labor educativa\u201d,&nbsp;<\/em>destac\u00f3 el director de la Digev.<\/p>\n\n\n\n<p><em>\u201cGracias a estas jornadas, hemos demostrado que la educaci\u00f3n a estos niveles constituye un pilar esencial para el desarrollo de nuestra naci\u00f3n\u201d.<\/em><\/p>\n\n\n\n<p>Indic\u00f3 que miles de t\u00e9cnicos fueron graduados a trav\u00e9s del Instituto Nacional de Formaci\u00f3n T\u00e9cnico Profesional\u00a0<strong>(Infotep)<\/strong>, Direcci\u00f3n General de Proyectos Estrat\u00e9gicos y Especiales de la Presidencia\u00a0<strong>(Propeep)<\/strong>\u00a0y su programa\u00a0<strong>Dominicana Digna<\/strong>, el\u00a0<strong>Gabinete de Coordinaci\u00f3n de Pol\u00edticas Sociales<\/strong>\u00a0y su programa\u00a0<strong>Oportunidad 14\/24<\/strong>, as\u00ed como tambi\u00e9n el programa<strong>\u00a0Sup\u00e9rate<\/strong>.<\/p>\n\n\n\n<p>Los centros de formaci\u00f3n de donde proceden los graduados est\u00e1n ubicados en Santo Domingo Este, La Ci\u00e9naga, San Crist\u00f3bal, San Pedro de Macor\u00eds, San Jos\u00e9 de Ocoa, Ban\u00ed, San Francisco de Macor\u00eds, Pimentel, Castillo, Nagua, Miches, Moca, Jarabacoa, La Vega, La Romana, el Distrito Nacional, Barahona, Duverg\u00e9, El\u00edas Pi\u00f1a y Neiba, entre otros.<\/p>\n\n\n\n<p>Reyes Su\u00e1rez exalt\u00f3 la&nbsp;<strong>gran visi\u00f3n y liderazgo del presidente Luis Abinader<\/strong>, que fortalece el sistema educativo a nivel t\u00e9cnico en nuestro pa\u00eds.<\/p>\n\n\n\n<p>De igual manera, el coronel Reyes Su\u00e1rez agradeci\u00f3 al ministro de Defensa, teniente general Carlos Antonio Fern\u00e1ndez Onofre, ERD, por su\u00a0<strong>apoyo constante<\/strong>\u00a0a los programas que van en beneficio de todos los estudiantes de la Digev.<\/p>\n\n\n\n<p>Fuente: Direcci\u00f3n de Estrategia y Comunicaci\u00f3n<\/p>\n\n\n\n<p>Ministerio Administrativo de la Presidencia de la Rep\u00fablica Dominicana<\/p>\n","protected":false},"excerpt":{"rendered":"<p>diariodominicano.com Santo Domingo, R. D.,\u200213 de diciembre, 2024.- \u00a0El Ministerio de Defensa (MIDE)\u00a0a trav\u00e9s de la Direcci\u00f3n General de las Escuelas Vocacionales de las Fuerzas Armadas y de la Polic\u00eda Nacional\u00a0(Digev)\u00a0cerr\u00f3 con \u00e9xito este jueves su programa de\u00a0graduaci\u00f3n correspondiente al periodo acad\u00e9mico 2024, en donde fue investido un total de\u00a044,114 nuevos t\u00e9cnicos y auxiliares\u00a0en m\u00e1s [&hellip;]<\/p>\n","protected":false},"author":5,"featured_media":582475,"comment_status":"closed","ping_status":"closed","sticky":true,"template":"","format":"standard","meta":{"footnotes":""},"categories":[20,27],"tags":[],"class_list":["post-582474","post","type-post","status-publish","format-standard","has-post-thumbnail","hentry","category-dominicana-hoy","category-portada"],"_links":{"self":[{"href":"https:\/\/diariodominicano.com\/index.php?rest_route=\/wp\/v2\/posts\/582474","targetHints":{"allow":["GET"]}}],"collection":[{"href":"https:\/\/diariodominicano.com\/index.php?rest_route=\/wp\/v2\/posts"}],"about":[{"href":"https:\/\/diariodominicano.com\/index.php?rest_route=\/wp\/v2\/types\/post"}],"author":[{"embeddable":true,"href":"https:\/\/diariodominicano.com\/index.php?rest_route=\/wp\/v2\/users\/5"}],"replies":[{"embeddable":true,"href":"https:\/\/diariodominicano.com\/index.php?rest_route=%2Fwp%2Fv2%2Fcomments&post=582474"}],"version-history":[{"count":2,"href":"https:\/\/diariodominicano.com\/index.php?rest_route=\/wp\/v2\/posts\/582474\/revisions"}],"predecessor-version":[{"id":582478,"href":"https:\/\/diariodominicano.com\/index.php?rest_route=\/wp\/v2\/posts\/582474\/revisions\/582478"}],"wp:featuredmedia":[{"embeddable":true,"href":"https:\/\/diariodominicano.com\/index.php?rest_route=\/wp\/v2\/media\/582475"}],"wp:attachment":[{"href":"https:\/\/diariodominicano.com\/index.php?rest_route=%2Fwp%2Fv2%2Fmedia&parent=582474"}],"wp:term":[{"taxonomy":"category","embeddable":true,"href":"https:\/\/diariodominicano.com\/index.php?rest_route=%2Fwp%2Fv2%2Fcategories&post=582474"},{"taxonomy":"post_tag","embeddable":true,"href":"https:\/\/diariodominicano.com\/index.php?rest_route=%2Fwp%2Fv2%2Ftags&post=582474"}],"curies":[{"name":"wp","href":"https:\/\/api.w.org\/{rel}","templated":true}]}}