{"id":582471,"date":"2024-12-13T09:44:44","date_gmt":"2024-12-13T13:44:44","guid":{"rendered":"https:\/\/diariodominicano.com\/?p=582471"},"modified":"2024-12-13T10:37:26","modified_gmt":"2024-12-13T14:37:26","slug":"el-ajo-nunca-imagino-que-pudiera-suponer-una-gran-amenaza-para-estados-unidos-afirma-cancilleria-china","status":"publish","type":"post","link":"https:\/\/diariodominicano.com\/?p=582471","title":{"rendered":"El ajo nunca imagin\u00f3 que pudiera suponer una gran amenaza para Estados Unidos, afirma canciller\u00eda china"},"content":{"rendered":"\n<p>diariodominicano.com<\/p>\n\n\n\n<p>BEIJING, 13 dic (Xinhua) &#8212; El portavoz del Ministerio de Relaciones Exteriores de China, Mao Ning, critic\u00f3 hoy viernes las afirmaciones de Estados Unidos de que el ajo chino supone una \u00abgran amenaza\u00bb para la seguridad alimentaria de Estados Unidos, se\u00f1alando que tales declaraciones han sido ridiculizadas por los internautas chinos. Seg\u00fan los informes, el senador estadounidense Rick Scott emiti\u00f3 recientemente una declaraci\u00f3n, en la que afirma que el ajo chino supone una \u00abgran amenaza\u00bb para la seguridad alimentaria de Estados Unidos y pide el inicio de una investigaci\u00f3n en virtud de la Secci\u00f3n 301. <\/p>\n\n\n\n<p>La  C\u00e1mara de Representantes del Congreso de Estados Unidos ha revisado y aprobado la \u00abLey de Autorizaci\u00f3n de Defensa Nacional para el A\u00f1o Fiscal 2025\u00bb, la cual tambi\u00e9n incluye disposiciones que obligan a los almacenes militares estadounidenses a prohibir la venta de ajo chino. \u00abEl ajo probablemente nunca imagin\u00f3 que podr\u00eda suponer una gran amenaza para Estados Unidos\u00bb, afirm\u00f3 Mao en la rueda de prensa en respuesta a una pregunta sobre este tema. La vocera se\u00f1al\u00f3 que hab\u00eda una tendencia creciente en Estados Unidos a etiquetar los productos chinos, desde drones y gr\u00faas hasta frigor\u00edficos y ajos, como \u00abriesgos para la seguridad nacional\u00bb, pero ninguna de las razones citadas por los pol\u00edticos estadounidenses puede resistir un escrutinio. Resulta evidente que tales acciones no son m\u00e1s que un pretexto para que Estados Unidos persiga el proteccionismo, abuso del poder estatal para reprimir y contener el desarrollo de China y presionar para desacoplar e interrumpir las cadenas industriales y de suministro, dijo Mao. \u00abExagerar el concepto de seguridad nacional y politizar y militarizar las cuestiones econ\u00f3micas, comerciales y tecnol\u00f3gicas no har\u00e1 sino exacerbar los riesgos para la seguridad de la cadena mundial de producci\u00f3n y suministro y, en \u00faltima instancia, perjudicar a las personas\u00bb, afirm\u00f3 el portavoz . Mao inst\u00f3 a ciertos pol\u00edticos estadounidenses a mostrar m\u00e1s racionalidad y sentido com\u00fan para evitar convertirse en hazmerre\u00edres.<\/p>\n","protected":false},"excerpt":{"rendered":"<p>diariodominicano.com BEIJING, 13 dic (Xinhua) &#8212; El portavoz del Ministerio de Relaciones Exteriores de China, Mao Ning, critic\u00f3 hoy viernes las afirmaciones de Estados Unidos de que el ajo chino supone una \u00abgran amenaza\u00bb para la seguridad alimentaria de Estados Unidos, se\u00f1alando que tales declaraciones han sido ridiculizadas por los internautas chinos. Seg\u00fan los informes, [&hellip;]<\/p>\n","protected":false},"author":5,"featured_media":582472,"comment_status":"closed","ping_status":"closed","sticky":true,"template":"","format":"standard","meta":{"footnotes":""},"categories":[23,27],"tags":[],"class_list":["post-582471","post","type-post","status-publish","format-standard","has-post-thumbnail","hentry","category-internacional","category-portada"],"_links":{"self":[{"href":"https:\/\/diariodominicano.com\/index.php?rest_route=\/wp\/v2\/posts\/582471","targetHints":{"allow":["GET"]}}],"collection":[{"href":"https:\/\/diariodominicano.com\/index.php?rest_route=\/wp\/v2\/posts"}],"about":[{"href":"https:\/\/diariodominicano.com\/index.php?rest_route=\/wp\/v2\/types\/post"}],"author":[{"embeddable":true,"href":"https:\/\/diariodominicano.com\/index.php?rest_route=\/wp\/v2\/users\/5"}],"replies":[{"embeddable":true,"href":"https:\/\/diariodominicano.com\/index.php?rest_route=%2Fwp%2Fv2%2Fcomments&post=582471"}],"version-history":[{"count":2,"href":"https:\/\/diariodominicano.com\/index.php?rest_route=\/wp\/v2\/posts\/582471\/revisions"}],"predecessor-version":[{"id":582492,"href":"https:\/\/diariodominicano.com\/index.php?rest_route=\/wp\/v2\/posts\/582471\/revisions\/582492"}],"wp:featuredmedia":[{"embeddable":true,"href":"https:\/\/diariodominicano.com\/index.php?rest_route=\/wp\/v2\/media\/582472"}],"wp:attachment":[{"href":"https:\/\/diariodominicano.com\/index.php?rest_route=%2Fwp%2Fv2%2Fmedia&parent=582471"}],"wp:term":[{"taxonomy":"category","embeddable":true,"href":"https:\/\/diariodominicano.com\/index.php?rest_route=%2Fwp%2Fv2%2Fcategories&post=582471"},{"taxonomy":"post_tag","embeddable":true,"href":"https:\/\/diariodominicano.com\/index.php?rest_route=%2Fwp%2Fv2%2Ftags&post=582471"}],"curies":[{"name":"wp","href":"https:\/\/api.w.org\/{rel}","templated":true}]}}