{"id":582467,"date":"2024-12-13T09:30:32","date_gmt":"2024-12-13T13:30:32","guid":{"rendered":"https:\/\/diariodominicano.com\/?p=582467"},"modified":"2024-12-13T09:36:27","modified_gmt":"2024-12-13T13:36:27","slug":"colegio-dominicano-de-periodistas-y-la-fundacion-cuaya-firman-acuerdo-para-capacitacion-de-periodistas","status":"publish","type":"post","link":"https:\/\/diariodominicano.com\/?p=582467","title":{"rendered":"Colegio Dominicano de Periodistas y la Fundaci\u00f3n Cuay\u00e1 firman acuerdo para capacitaci\u00f3n de periodistas"},"content":{"rendered":"\n<p>diariodominicano.com<\/p>\n\n\n\n<p><em>Santo Domingo, R. D., 13 de diciembre de 2024<\/em>.-\u2002En un acto de trascendencia para el desarrollo del periodismo en el Cibao Central, el <strong>Colegio Dominicano de Periodistas (CDP)<\/strong> y la <strong>Fundaci\u00f3n Cuay\u00e1 de Fantino<\/strong>, firmaron un acuerdo de colaboraci\u00f3n destinado a la capacitaci\u00f3n y profesionalizaci\u00f3n de periodistas y trabajadores de la prensa. Este acuerdo abarcar\u00e1 no solo a Fantino, sino tambi\u00e9n a las regiones de Cotu\u00ed, San Francisco de Macor\u00eds, Nagua, Salcedo, Moca, La Vega, Bonao y sus respectivos municipios.<\/p>\n\n\n\n<p>El objetivo principal del acuerdo es fortalecer los principios \u00e9ticos, las buenas pr\u00e1cticas y la formaci\u00f3n continua de los periodistas y trabajadores de la prensa, reconociendo su importancia como pilares del desarrollo social, cultural y econ\u00f3mico de sus comunidades.<\/p>\n\n\n\n<p>El presidente del CDP, <strong>Lic. Aurelio Henr\u00edquez<\/strong>, expres\u00f3 su entusiasmo por este importante acuerdo, destacando que esta alianza fortalecer\u00e1 la profesionalizaci\u00f3n del periodismo en el Cibao Central. Henr\u00edquez resalt\u00f3 que municipios como Fantino han sido cuna de grandes pensadores y plumas del periodismo dominicano, y que esta iniciativa busca mantener ese legado, adem\u00e1s de preparar a los profesionales de la comunicaci\u00f3n para los desaf\u00edos de la era digital y los nuevos enfoques tem\u00e1ticos.<\/p>\n\n\n\n<p>\u201cEl periodismo actual requiere de una constante evoluci\u00f3n, con especializaci\u00f3n en \u00e1reas estrat\u00e9gicas como medio ambiente, agricultura, turismo, senderismo y desarrollo social. Este acuerdo no solo beneficiar\u00e1 a Fantino, sino a toda la regi\u00f3n del Cibao Central, promoviendo un periodismo \u00e9tico y de calidad\u201d, afirm\u00f3 Henr\u00edquez.<\/p>\n\n\n\n<p>Asimismo, el presidente del CDP invit\u00f3 a los egresados de las escuelas de comunicaci\u00f3n, as\u00ed como a los trabajadores activos en los medios de televisi\u00f3n, radio, digitales e impresos, a integrarse a la matr\u00edcula del Colegio Dominicano de Periodistas, destacando que ser miembro otorga derechos y beneficios constitucionales importantes para el ejercicio profesional.<\/p>\n\n\n\n<p>Por su parte, el <strong>Lic. Javier Benz\u00e1n<\/strong>, presidente de la Fundaci\u00f3n Cuay\u00e1, manifest\u00f3 que esta instituci\u00f3n naci\u00f3 con el objetivo de contribuir al desarrollo de los habitantes de la regi\u00f3n, especialmente de los trabajadores de los medios de comunicaci\u00f3n. Benz\u00e1n destac\u00f3 el compromiso de la fundaci\u00f3n en proveer las herramientas necesarias para fortalecer el ejercicio period\u00edstico en Fantino y en toda la regi\u00f3n del Cibao Central.<\/p>\n\n\n\n<p>\u201cLa Fundaci\u00f3n Cuay\u00e1 ha trabajado incansablemente por a\u00f1os en la formaci\u00f3n de nuestros habitantes, y este acuerdo con el CDP nos permitir\u00e1 elevar el nivel profesional de periodistas y trabajadores de la prensa, fomentando valores \u00e9ticos y promoviendo la educaci\u00f3n continua\u201d, se\u00f1al\u00f3 Benz\u00e1n.<\/p>\n\n\n\n<p>La Fundaci\u00f3n Cuay\u00e1 se comprometi\u00f3 a gestionar la log\u00edstica y establecer canales de comunicaci\u00f3n para garantizar que periodistas y trabajadores de la prensa de Fantino, Cotu\u00ed, San Francisco de Macor\u00eds, Nagua, Salcedo, Moca, La Vega, Bonao y municipios aleda\u00f1os puedan participar en estos programas de capacitaci\u00f3n.<\/p>\n\n\n\n<p>Esta alianza representa un paso significativo hacia el fortalecimiento del periodismo local, con miras a contribuir al desarrollo social y econ\u00f3mico de toda la regi\u00f3n.<\/p>\n\n\n\n<p><strong>Carmen Luz Beato<\/strong><\/p>\n\n\n\n<p><\/p>\n\n\n\n<p><\/p>\n","protected":false},"excerpt":{"rendered":"<p>diariodominicano.com Santo Domingo, R. D., 13 de diciembre de 2024.-\u2002En un acto de trascendencia para el desarrollo del periodismo en el Cibao Central, el Colegio Dominicano de Periodistas (CDP) y la Fundaci\u00f3n Cuay\u00e1 de Fantino, firmaron un acuerdo de colaboraci\u00f3n destinado a la capacitaci\u00f3n y profesionalizaci\u00f3n de periodistas y trabajadores de la prensa. Este acuerdo [&hellip;]<\/p>\n","protected":false},"author":5,"featured_media":582468,"comment_status":"closed","ping_status":"closed","sticky":true,"template":"","format":"standard","meta":{"footnotes":""},"categories":[20,27],"tags":[],"class_list":["post-582467","post","type-post","status-publish","format-standard","has-post-thumbnail","hentry","category-dominicana-hoy","category-portada"],"_links":{"self":[{"href":"https:\/\/diariodominicano.com\/index.php?rest_route=\/wp\/v2\/posts\/582467","targetHints":{"allow":["GET"]}}],"collection":[{"href":"https:\/\/diariodominicano.com\/index.php?rest_route=\/wp\/v2\/posts"}],"about":[{"href":"https:\/\/diariodominicano.com\/index.php?rest_route=\/wp\/v2\/types\/post"}],"author":[{"embeddable":true,"href":"https:\/\/diariodominicano.com\/index.php?rest_route=\/wp\/v2\/users\/5"}],"replies":[{"embeddable":true,"href":"https:\/\/diariodominicano.com\/index.php?rest_route=%2Fwp%2Fv2%2Fcomments&post=582467"}],"version-history":[{"count":2,"href":"https:\/\/diariodominicano.com\/index.php?rest_route=\/wp\/v2\/posts\/582467\/revisions"}],"predecessor-version":[{"id":582470,"href":"https:\/\/diariodominicano.com\/index.php?rest_route=\/wp\/v2\/posts\/582467\/revisions\/582470"}],"wp:featuredmedia":[{"embeddable":true,"href":"https:\/\/diariodominicano.com\/index.php?rest_route=\/wp\/v2\/media\/582468"}],"wp:attachment":[{"href":"https:\/\/diariodominicano.com\/index.php?rest_route=%2Fwp%2Fv2%2Fmedia&parent=582467"}],"wp:term":[{"taxonomy":"category","embeddable":true,"href":"https:\/\/diariodominicano.com\/index.php?rest_route=%2Fwp%2Fv2%2Fcategories&post=582467"},{"taxonomy":"post_tag","embeddable":true,"href":"https:\/\/diariodominicano.com\/index.php?rest_route=%2Fwp%2Fv2%2Ftags&post=582467"}],"curies":[{"name":"wp","href":"https:\/\/api.w.org\/{rel}","templated":true}]}}