{"id":582465,"date":"2024-12-13T09:10:00","date_gmt":"2024-12-13T13:10:00","guid":{"rendered":"https:\/\/diariodominicano.com\/?p=582465"},"modified":"2024-12-13T09:10:07","modified_gmt":"2024-12-13T13:10:07","slug":"a-pleno-sol-los-derechos-humanos","status":"publish","type":"post","link":"https:\/\/diariodominicano.com\/?p=582465","title":{"rendered":"A Pleno Sol;  Los derechos humanos"},"content":{"rendered":"\n<p>diariodominicano.com<\/p>\n\n\n\n<p><strong>Por Manuel Hern\u00e1ndez Villeta<\/strong><\/p>\n\n\n\n<p>Santo Domingo, R. D.,\u200213 de diciembre, 2024.-\u2002El respeto a los derechos humanos constituye\u00a0\u00a0uno de los grandes anhelos de la humanidad. Se ve en la lejan\u00eda un mundo donde impere la justicia, y se ponga fin a la violencia para acallar voces que piden libertad y respeto a su integridad f\u00edsica.<\/p>\n\n\n\n<p>Am\u00e9rica Latina es tierra de contrariedades. Se habla de derechos humanos, cuando se viola el libre albedr\u00edo de millones de hombres y mujeres. Gobiernos demag\u00f3gicos y de mano dura, llevando dolor y luto a todo el continente.<\/p>\n\n\n\n<p>Todav\u00eda&nbsp;&nbsp;hay persecuciones por razones ideol\u00f3gicas o religiosas, hay pa\u00edses donde ni siquiera se permite el derecho a la libre expresi\u00f3n del pensamiento. Sin embargo, navega la esperanza de un mundo mejor.<\/p>\n\n\n\n<p>Cuando en el 1948 se dio&nbsp;&nbsp;&nbsp;conocer la Declaraci\u00f3n Universal de los&nbsp;&nbsp;Derechos Humanos se pens\u00f3 que&nbsp;&nbsp;llegaba a su fin la era de la barbarie, o que no ser\u00eda impuesta la fuerza y la muerte a los ciudadanos&nbsp;&nbsp;de&nbsp;&nbsp;naciones emergentes, en buscan de su libertad.<\/p>\n\n\n\n<p>Las mismas Naciones Unidas hoy lucen como un cuerpo sin vida, zarandeada por el accionar y las ordenes de las grandes potencias. Deja de ser una organizaci\u00f3n&nbsp;&nbsp;representativa de millones de personas que viven en el tercer mundo.<\/p>\n\n\n\n<p>Desde el 1948, fecha en que se firm\u00f3 la Declaraci\u00f3n, muchos pueblos tuvieron que utilizar la fuerza de las armas para conseguir su libertad. No se olvide que a fines del siglo 20 todav\u00eda&nbsp;&nbsp;se sent\u00eda&nbsp;&nbsp;el colonialismo en Africa y Asia.<\/p>\n\n\n\n<p>Bueno&nbsp;&nbsp;es&nbsp;&nbsp;mencionar la guerra de Vietnam, Cambodia Y Laos, y el proceso de liberaci\u00f3n nacional, en el Congo. La lucha por un mundo justo no se detiene un momento, aunque parezca fuera de ambiente&nbsp;&nbsp;&nbsp;el llamado&nbsp;&nbsp;&nbsp;de las Naciones Unidas.<\/p>\n\n\n\n<p>El ciudadano de hoy necesita que se respeten los derechos humanos en todo el sentido de la palabra.&nbsp;&nbsp;Que no sea&nbsp;&nbsp;&nbsp;letra muerta sus enunciados.<\/p>\n\n\n\n<p>En la Rep\u00fablica Dominicana hay pleno respeto de los derechos humanos, aunque en ocasiones ocurren hechos aislados de violaciones. Es deber y obligaci\u00f3n de todos mantenerse vigilantes para&nbsp;&nbsp;no volver a etapas&nbsp;&nbsp;donde se impon\u00eda&nbsp;&nbsp;la violencia institucional y la represi\u00f3n sin l\u00edmite.<\/p>\n\n\n\n<p>Al celebrarse un nuevo aniversario de la Declaraci\u00f3n Universal de los Derechos Humanos, el momento es propicio para recordar a los m\u00e1rtires y h\u00e9roes de las libertades que hoy tenemos.<\/p>\n\n\n\n<p>Hagamos nuestra la consideraci\u00f3n de la declaraci\u00f3n universal&nbsp;&nbsp;&nbsp;que reza que es&nbsp;&nbsp;esencial que los derechos humanos sean protegidos por un r\u00e9gimen de derecho, a fin de que el hombre no se vea compelido al supremo recurso de la rebeli\u00f3n contra la tiran\u00eda y la opresi\u00f3n.<\/p>\n","protected":false},"excerpt":{"rendered":"<p>diariodominicano.com Por Manuel Hern\u00e1ndez Villeta Santo Domingo, R. D.,\u200213 de diciembre, 2024.-\u2002El respeto a los derechos humanos constituye\u00a0\u00a0uno de los grandes anhelos de la humanidad. Se ve en la lejan\u00eda un mundo donde impere la justicia, y se ponga fin a la violencia para acallar voces que piden libertad y respeto a su integridad f\u00edsica. [&hellip;]<\/p>\n","protected":false},"author":5,"featured_media":441883,"comment_status":"closed","ping_status":"closed","sticky":true,"template":"","format":"standard","meta":{"footnotes":""},"categories":[19,16,27],"tags":[],"class_list":["post-582465","post","type-post","status-publish","format-standard","has-post-thumbnail","hentry","category-mi-voz","category-opiniones","category-portada"],"_links":{"self":[{"href":"https:\/\/diariodominicano.com\/index.php?rest_route=\/wp\/v2\/posts\/582465","targetHints":{"allow":["GET"]}}],"collection":[{"href":"https:\/\/diariodominicano.com\/index.php?rest_route=\/wp\/v2\/posts"}],"about":[{"href":"https:\/\/diariodominicano.com\/index.php?rest_route=\/wp\/v2\/types\/post"}],"author":[{"embeddable":true,"href":"https:\/\/diariodominicano.com\/index.php?rest_route=\/wp\/v2\/users\/5"}],"replies":[{"embeddable":true,"href":"https:\/\/diariodominicano.com\/index.php?rest_route=%2Fwp%2Fv2%2Fcomments&post=582465"}],"version-history":[{"count":1,"href":"https:\/\/diariodominicano.com\/index.php?rest_route=\/wp\/v2\/posts\/582465\/revisions"}],"predecessor-version":[{"id":582466,"href":"https:\/\/diariodominicano.com\/index.php?rest_route=\/wp\/v2\/posts\/582465\/revisions\/582466"}],"wp:featuredmedia":[{"embeddable":true,"href":"https:\/\/diariodominicano.com\/index.php?rest_route=\/wp\/v2\/media\/441883"}],"wp:attachment":[{"href":"https:\/\/diariodominicano.com\/index.php?rest_route=%2Fwp%2Fv2%2Fmedia&parent=582465"}],"wp:term":[{"taxonomy":"category","embeddable":true,"href":"https:\/\/diariodominicano.com\/index.php?rest_route=%2Fwp%2Fv2%2Fcategories&post=582465"},{"taxonomy":"post_tag","embeddable":true,"href":"https:\/\/diariodominicano.com\/index.php?rest_route=%2Fwp%2Fv2%2Ftags&post=582465"}],"curies":[{"name":"wp","href":"https:\/\/api.w.org\/{rel}","templated":true}]}}