{"id":582462,"date":"2024-12-13T08:43:07","date_gmt":"2024-12-13T12:43:07","guid":{"rendered":"https:\/\/diariodominicano.com\/?p=582462"},"modified":"2024-12-13T08:43:16","modified_gmt":"2024-12-13T12:43:16","slug":"macron-nomina-a-francois-bayrou-como-nuevo-primer-ministro-frances","status":"publish","type":"post","link":"https:\/\/diariodominicano.com\/?p=582462","title":{"rendered":"Macron nomina a Francois Bayrou como nuevo primer ministro franc\u00e9s"},"content":{"rendered":"\n<p>diariodominicano.com<\/p>\n\n\n\n<p>PAR\u00cdS, 13 dic (Xinhua) &#8212; El presidente de Francia, Emmanuel Macron, nomin\u00f3 a Francois Bayrou como nuevo primer ministro del pa\u00eds, anunci\u00f3 hoy viernes el El\u00edseo en un comunicado. \u00abEl presidente de la Rep\u00fablica ha nominado al se\u00f1or Francois Bayrou como primer ministro y le ha encomendado la formaci\u00f3n de un Gobierno\u00bb, dijo la oficina de Macron. Francois Bayrou, un aliado centrista de Macron, sucede a Michel Barnier, que fue cesado en un movimiento de censura. La Asamblea Nacional francesa vot\u00f3 el 4 de diciembre a favor de la moci\u00f3n de censura, obligando a Barnier a dimitir y provocando el colapso del Gobierno. El Gobierno de Barnier se convirti\u00f3 en el primero en caer por una moci\u00f3n de censura desde 1962.<\/p>\n","protected":false},"excerpt":{"rendered":"<p>diariodominicano.com PAR\u00cdS, 13 dic (Xinhua) &#8212; El presidente de Francia, Emmanuel Macron, nomin\u00f3 a Francois Bayrou como nuevo primer ministro del pa\u00eds, anunci\u00f3 hoy viernes el El\u00edseo en un comunicado. \u00abEl presidente de la Rep\u00fablica ha nominado al se\u00f1or Francois Bayrou como primer ministro y le ha encomendado la formaci\u00f3n de un Gobierno\u00bb, dijo la [&hellip;]<\/p>\n","protected":false},"author":5,"featured_media":582463,"comment_status":"closed","ping_status":"closed","sticky":true,"template":"","format":"standard","meta":{"footnotes":""},"categories":[23,27],"tags":[],"class_list":["post-582462","post","type-post","status-publish","format-standard","has-post-thumbnail","hentry","category-internacional","category-portada"],"_links":{"self":[{"href":"https:\/\/diariodominicano.com\/index.php?rest_route=\/wp\/v2\/posts\/582462","targetHints":{"allow":["GET"]}}],"collection":[{"href":"https:\/\/diariodominicano.com\/index.php?rest_route=\/wp\/v2\/posts"}],"about":[{"href":"https:\/\/diariodominicano.com\/index.php?rest_route=\/wp\/v2\/types\/post"}],"author":[{"embeddable":true,"href":"https:\/\/diariodominicano.com\/index.php?rest_route=\/wp\/v2\/users\/5"}],"replies":[{"embeddable":true,"href":"https:\/\/diariodominicano.com\/index.php?rest_route=%2Fwp%2Fv2%2Fcomments&post=582462"}],"version-history":[{"count":1,"href":"https:\/\/diariodominicano.com\/index.php?rest_route=\/wp\/v2\/posts\/582462\/revisions"}],"predecessor-version":[{"id":582464,"href":"https:\/\/diariodominicano.com\/index.php?rest_route=\/wp\/v2\/posts\/582462\/revisions\/582464"}],"wp:featuredmedia":[{"embeddable":true,"href":"https:\/\/diariodominicano.com\/index.php?rest_route=\/wp\/v2\/media\/582463"}],"wp:attachment":[{"href":"https:\/\/diariodominicano.com\/index.php?rest_route=%2Fwp%2Fv2%2Fmedia&parent=582462"}],"wp:term":[{"taxonomy":"category","embeddable":true,"href":"https:\/\/diariodominicano.com\/index.php?rest_route=%2Fwp%2Fv2%2Fcategories&post=582462"},{"taxonomy":"post_tag","embeddable":true,"href":"https:\/\/diariodominicano.com\/index.php?rest_route=%2Fwp%2Fv2%2Ftags&post=582462"}],"curies":[{"name":"wp","href":"https:\/\/api.w.org\/{rel}","templated":true}]}}