{"id":582383,"date":"2024-12-13T01:16:19","date_gmt":"2024-12-13T05:16:19","guid":{"rendered":"https:\/\/diariodominicano.com\/?p=582383"},"modified":"2024-12-13T01:16:23","modified_gmt":"2024-12-13T05:16:23","slug":"dia-nacional-de-kenia","status":"publish","type":"post","link":"https:\/\/diariodominicano.com\/?p=582383","title":{"rendered":"D\u00eda Nacional de Kenia"},"content":{"rendered":"\n<p>Antony J. Blinken, Secretario de Estado<\/p>\n\n\n\n<p>En nombre del Gobierno de los Estados Unidos y del pueblo estadounidense, env\u00edo mis mejores deseos al pueblo de Kenia en ocasi\u00f3n de su 61\u00ba D\u00eda de la Independencia.<\/p>\n\n\n\n<p>Hoy celebramos nuestro compromiso mutuo de liderar democracias que generen prosperidad, seguridad y oportunidades para nuestros pueblos. Fue un honor recibir a Kenia este verano en una visita de Estado, que brind\u00f3 una oportunidad sin precedentes para fortalecer nuestra duradera relaci\u00f3n de persona a persona. Elogio el liderazgo de Kenia en la promoci\u00f3n de soluciones clim\u00e1ticas compartidas, la colaboraci\u00f3n en materia de comercio e inversiones mutuamente beneficiosas para promover un futuro pr\u00f3spero e inclusivo, el impulso de la transformaci\u00f3n de la tecnolog\u00eda digital y la incansable atenci\u00f3n a algunos de los desaf\u00edos m\u00e1s dif\u00edciles del mundo en materia de paz y seguridad.<\/p>\n\n\n\n<p>Espero con ilusi\u00f3n los pr\u00f3ximos 60 a\u00f1os de nuestra asociaci\u00f3n y deseo a los kenianos un D\u00eda de Jamhuri verdaderamente feliz.<\/p>\n\n\n\n<p>U.S. Department of State<\/p>\n\n\n\n<p>U.S. Department of State ()<\/p>\n\n\n\n<p><a target=\"_blank\" href=\"mailto:usstatebpa@public.govdelivery.com\" rel=\"noreferrer noopener\">usstatebpa@public.govdelive<\/a><\/p>\n\n\n\n<p>12\/12\/2024 12:22 p. m. EST<\/p>\n","protected":false},"excerpt":{"rendered":"<p>Antony J. Blinken, Secretario de Estado En nombre del Gobierno de los Estados Unidos y del pueblo estadounidense, env\u00edo mis mejores deseos al pueblo de Kenia en ocasi\u00f3n de su 61\u00ba D\u00eda de la Independencia. Hoy celebramos nuestro compromiso mutuo de liderar democracias que generen prosperidad, seguridad y oportunidades para nuestros pueblos. Fue un honor [&hellip;]<\/p>\n","protected":false},"author":2,"featured_media":475022,"comment_status":"closed","ping_status":"closed","sticky":false,"template":"","format":"standard","meta":{"footnotes":""},"categories":[26,23],"tags":[],"class_list":["post-582383","post","type-post","status-publish","format-standard","has-post-thumbnail","hentry","category-efemerides","category-internacional"],"_links":{"self":[{"href":"https:\/\/diariodominicano.com\/index.php?rest_route=\/wp\/v2\/posts\/582383","targetHints":{"allow":["GET"]}}],"collection":[{"href":"https:\/\/diariodominicano.com\/index.php?rest_route=\/wp\/v2\/posts"}],"about":[{"href":"https:\/\/diariodominicano.com\/index.php?rest_route=\/wp\/v2\/types\/post"}],"author":[{"embeddable":true,"href":"https:\/\/diariodominicano.com\/index.php?rest_route=\/wp\/v2\/users\/2"}],"replies":[{"embeddable":true,"href":"https:\/\/diariodominicano.com\/index.php?rest_route=%2Fwp%2Fv2%2Fcomments&post=582383"}],"version-history":[{"count":1,"href":"https:\/\/diariodominicano.com\/index.php?rest_route=\/wp\/v2\/posts\/582383\/revisions"}],"predecessor-version":[{"id":582384,"href":"https:\/\/diariodominicano.com\/index.php?rest_route=\/wp\/v2\/posts\/582383\/revisions\/582384"}],"wp:featuredmedia":[{"embeddable":true,"href":"https:\/\/diariodominicano.com\/index.php?rest_route=\/wp\/v2\/media\/475022"}],"wp:attachment":[{"href":"https:\/\/diariodominicano.com\/index.php?rest_route=%2Fwp%2Fv2%2Fmedia&parent=582383"}],"wp:term":[{"taxonomy":"category","embeddable":true,"href":"https:\/\/diariodominicano.com\/index.php?rest_route=%2Fwp%2Fv2%2Fcategories&post=582383"},{"taxonomy":"post_tag","embeddable":true,"href":"https:\/\/diariodominicano.com\/index.php?rest_route=%2Fwp%2Fv2%2Ftags&post=582383"}],"curies":[{"name":"wp","href":"https:\/\/api.w.org\/{rel}","templated":true}]}}