{"id":582299,"date":"2024-12-13T02:57:58","date_gmt":"2024-12-13T06:57:58","guid":{"rendered":"https:\/\/diariodominicano.com\/?p=582299"},"modified":"2024-12-13T03:12:41","modified_gmt":"2024-12-13T07:12:41","slug":"banco-adopem-lanza-la-plataforma-digital-crece-con-adopem","status":"publish","type":"post","link":"https:\/\/diariodominicano.com\/?p=582299","title":{"rendered":"Banco Adopem lanza la Plataforma Digital\u00a0Crece con Adopem"},"content":{"rendered":"\n<p><em><strong>Rep\u00fablica Dominicana, 25 de noviembre 2024\u2013<\/strong><\/em><em>&nbsp;El Banco Adopem y el Banco Interamericano de Desarrollo (BID), a trav\u00e9s su laboratorio de innovaci\u00f3n BID LAB, presentaron oficialmente el portal \u201cCrececonadopem\u201d, en el marco del proyecto \u201c<\/em><strong>Comunidad Emprendedora Digital\u201d que busca impulsar la digitalizaci\u00f3n y el crecimiento de las mujeres emprendedoras en el pa\u00eds.<\/strong><strong><\/strong><\/p>\n\n\n\n<p><em>Mercedes Canalda de Beras-Goico, presidenta ejecutiva del Banco Adopem, entidad de la Fundaci\u00f3n Microfinanzas BBVA, explic\u00f3 que este proyecto reduce la brecha digital y crea oportunidades econ\u00f3micas para mujeres emprendedoras, con una plataforma educativa innovadora.<\/em><em><\/em><\/p>\n\n\n\n<figure class=\"wp-block-gallery has-nested-images columns-default is-cropped wp-block-gallery-1 is-layout-flex wp-block-gallery-is-layout-flex\">\n<figure class=\"wp-block-image size-large\"><img loading=\"lazy\" decoding=\"async\" width=\"819\" height=\"1024\" data-id=\"582431\" src=\"https:\/\/diariodominicano.com\/wp-content\/uploads\/2024\/12\/Eva-Carvajal-y-Hermes-Gonzalez-819x1024.jpeg\" alt=\"\" class=\"wp-image-582431\" srcset=\"https:\/\/diariodominicano.com\/wp-content\/uploads\/2024\/12\/Eva-Carvajal-y-Hermes-Gonzalez-819x1024.jpeg 819w, https:\/\/diariodominicano.com\/wp-content\/uploads\/2024\/12\/Eva-Carvajal-y-Hermes-Gonzalez-240x300.jpeg 240w, https:\/\/diariodominicano.com\/wp-content\/uploads\/2024\/12\/Eva-Carvajal-y-Hermes-Gonzalez-768x960.jpeg 768w, https:\/\/diariodominicano.com\/wp-content\/uploads\/2024\/12\/Eva-Carvajal-y-Hermes-Gonzalez-816x1020.jpeg 816w, https:\/\/diariodominicano.com\/wp-content\/uploads\/2024\/12\/Eva-Carvajal-y-Hermes-Gonzalez.jpeg 960w\" sizes=\"auto, (max-width: 819px) 100vw, 819px\" \/><figcaption class=\"wp-element-caption\">Eva Carvajal y Hermes Gonz\u00e1lez <\/figcaption><\/figure>\n<\/figure>\n\n\n\n<p><em>\u201cEsta plataforma no solo ofrece herramientas de formaci\u00f3n y acceso a financiamiento, sino que tambi\u00e9n fomenta una comunidad de apoyo y crecimiento dise\u00f1ada para contribuir al cierre de la brecha digital. Queremos asegurarnos de que nuestras empresarias tengan el acceso y los conocimientos necesarios para aprovechar el potencial transformador de la tecnolog\u00eda\u201d, expres\u00f3 Canalda de Beras-Goico.<\/em><\/p>\n\n\n\n<figure class=\"wp-block-gallery has-nested-images columns-default is-cropped wp-block-gallery-2 is-layout-flex wp-block-gallery-is-layout-flex\">\n<figure class=\"wp-block-image size-large\"><img loading=\"lazy\" decoding=\"async\" width=\"1024\" height=\"819\" data-id=\"582432\" src=\"https:\/\/diariodominicano.com\/wp-content\/uploads\/2024\/12\/Christian-del-Rosario-Marina-Ortiz-Mariano-Frontera-Karlem-Richardson-y-Jose-Alberto-Adam-1024x819.jpeg\" alt=\"\" class=\"wp-image-582432\" srcset=\"https:\/\/diariodominicano.com\/wp-content\/uploads\/2024\/12\/Christian-del-Rosario-Marina-Ortiz-Mariano-Frontera-Karlem-Richardson-y-Jose-Alberto-Adam-1024x819.jpeg 1024w, https:\/\/diariodominicano.com\/wp-content\/uploads\/2024\/12\/Christian-del-Rosario-Marina-Ortiz-Mariano-Frontera-Karlem-Richardson-y-Jose-Alberto-Adam-300x240.jpeg 300w, https:\/\/diariodominicano.com\/wp-content\/uploads\/2024\/12\/Christian-del-Rosario-Marina-Ortiz-Mariano-Frontera-Karlem-Richardson-y-Jose-Alberto-Adam-768x614.jpeg 768w, https:\/\/diariodominicano.com\/wp-content\/uploads\/2024\/12\/Christian-del-Rosario-Marina-Ortiz-Mariano-Frontera-Karlem-Richardson-y-Jose-Alberto-Adam-816x653.jpeg 816w, https:\/\/diariodominicano.com\/wp-content\/uploads\/2024\/12\/Christian-del-Rosario-Marina-Ortiz-Mariano-Frontera-Karlem-Richardson-y-Jose-Alberto-Adam.jpeg 1200w\" sizes=\"auto, (max-width: 1024px) 100vw, 1024px\" \/><figcaption class=\"wp-element-caption\">Christian del Rosario, Marina Ort\u00edz, Mariano Frontera, Karlem Richardson y Jos\u00e9 Alberto Adam <\/figcaption><\/figure>\n<\/figure>\n\n\n\n<p><em>Durante el lanzamiento, realizado en un hotel de Santo Domingo, Miguel Baruzze, jefe de operaciones del BID, destac\u00f3 el compromiso que tienen con impulsar la equidad de g\u00e9nero como un motor de desarrollo inclusivo.<\/em><em><\/em><\/p>\n\n\n\n<figure class=\"wp-block-gallery has-nested-images columns-default is-cropped wp-block-gallery-3 is-layout-flex wp-block-gallery-is-layout-flex\">\n<figure class=\"wp-block-image size-large\"><img loading=\"lazy\" decoding=\"async\" width=\"1024\" height=\"819\" data-id=\"582433\" src=\"https:\/\/diariodominicano.com\/wp-content\/uploads\/2024\/12\/Eliana-Silverio-Luciano-Colombara-Roberto-Gonzalez-e-Ines-Bautista-1024x819.jpeg\" alt=\"\" class=\"wp-image-582433\" srcset=\"https:\/\/diariodominicano.com\/wp-content\/uploads\/2024\/12\/Eliana-Silverio-Luciano-Colombara-Roberto-Gonzalez-e-Ines-Bautista-1024x819.jpeg 1024w, https:\/\/diariodominicano.com\/wp-content\/uploads\/2024\/12\/Eliana-Silverio-Luciano-Colombara-Roberto-Gonzalez-e-Ines-Bautista-300x240.jpeg 300w, https:\/\/diariodominicano.com\/wp-content\/uploads\/2024\/12\/Eliana-Silverio-Luciano-Colombara-Roberto-Gonzalez-e-Ines-Bautista-768x614.jpeg 768w, https:\/\/diariodominicano.com\/wp-content\/uploads\/2024\/12\/Eliana-Silverio-Luciano-Colombara-Roberto-Gonzalez-e-Ines-Bautista-816x653.jpeg 816w, https:\/\/diariodominicano.com\/wp-content\/uploads\/2024\/12\/Eliana-Silverio-Luciano-Colombara-Roberto-Gonzalez-e-Ines-Bautista.jpeg 1200w\" sizes=\"auto, (max-width: 1024px) 100vw, 1024px\" \/><figcaption class=\"wp-element-caption\">Eliana Silverio, Luciano Colombara, Roberto Gonz\u00e1lez e In\u00e9s Bautista <\/figcaption><\/figure>\n<\/figure>\n\n\n\n<p><em>El proyecto Comunidad Emprendedora Digital, cuenta con una inversi\u00f3n total de 800 mil d\u00f3lares (400 mil d\u00f3lares del BID Lab y 400 mil d\u00f3lares de Banco Adopem), y tiene como objetivo capacitar y digitalizar a 5,000 mujeres emprendedoras en tres a\u00f1os. De estas, en el seg\u00fando a\u00f1o del proyecto, se cuenta con m\u00e1s 3000 emprendedoras capacitadas y 2700 registradas en Crececonadopem.&nbsp;<\/em><em><\/em><\/p>\n\n\n\n<p><em>A trav\u00e9s de esta plataforma, las participantes ya est\u00e1n accediendo a m\u00e1s de 105 cursos especializados en tem\u00e1ticas fundamentales para el crecimiento de sus negocios: Nivelaci\u00f3n Digital, Educaci\u00f3n Financiera en el Emprendimiento, Marketing Digital, Fortalecimiento Empresarial, y Habilidades de Empoderamiento y Liderazgo.<\/em><em><\/em><\/p>\n\n\n\n<figure class=\"wp-block-gallery has-nested-images columns-default is-cropped wp-block-gallery-4 is-layout-flex wp-block-gallery-is-layout-flex\">\n<figure class=\"wp-block-image size-large\"><img loading=\"lazy\" decoding=\"async\" width=\"1024\" height=\"682\" data-id=\"582434\" src=\"https:\/\/diariodominicano.com\/wp-content\/uploads\/2024\/12\/Soraya-Asuncion-Tammy-Vasquez-y-Gerty-Valerio-1024x682.jpeg\" alt=\"\" class=\"wp-image-582434\" srcset=\"https:\/\/diariodominicano.com\/wp-content\/uploads\/2024\/12\/Soraya-Asuncion-Tammy-Vasquez-y-Gerty-Valerio-1024x682.jpeg 1024w, https:\/\/diariodominicano.com\/wp-content\/uploads\/2024\/12\/Soraya-Asuncion-Tammy-Vasquez-y-Gerty-Valerio-300x200.jpeg 300w, https:\/\/diariodominicano.com\/wp-content\/uploads\/2024\/12\/Soraya-Asuncion-Tammy-Vasquez-y-Gerty-Valerio-768x512.jpeg 768w, https:\/\/diariodominicano.com\/wp-content\/uploads\/2024\/12\/Soraya-Asuncion-Tammy-Vasquez-y-Gerty-Valerio-816x544.jpeg 816w, https:\/\/diariodominicano.com\/wp-content\/uploads\/2024\/12\/Soraya-Asuncion-Tammy-Vasquez-y-Gerty-Valerio.jpeg 1280w\" sizes=\"auto, (max-width: 1024px) 100vw, 1024px\" \/><figcaption class=\"wp-element-caption\">Soraya Asunci\u00f3n, Tammy V\u00e1squez y Gerty Valerio <\/figcaption><\/figure>\n<\/figure>\n\n\n\n<p><em>Su diferencia est\u00e1 en que fue dise\u00f1ado con la implementaci\u00f3n de un autodiagn\u00f3stico que permite personalizar la experiencia educativa de cada emprendedora y la creaci\u00f3n de rutas de aprendizaje espec\u00edficas que facilitar\u00e1n el acceso a contenidos adaptados a las necesidades individuales.&nbsp;<\/em><em><\/em><\/p>\n\n\n\n<figure class=\"wp-block-gallery has-nested-images columns-default is-cropped wp-block-gallery-5 is-layout-flex wp-block-gallery-is-layout-flex\">\n<figure class=\"wp-block-image size-large\"><img loading=\"lazy\" decoding=\"async\" width=\"819\" height=\"1024\" data-id=\"582437\" src=\"https:\/\/diariodominicano.com\/wp-content\/uploads\/2024\/12\/Mercedes-Canalda-819x1024.jpeg\" alt=\"\" class=\"wp-image-582437\" srcset=\"https:\/\/diariodominicano.com\/wp-content\/uploads\/2024\/12\/Mercedes-Canalda-819x1024.jpeg 819w, https:\/\/diariodominicano.com\/wp-content\/uploads\/2024\/12\/Mercedes-Canalda-240x300.jpeg 240w, https:\/\/diariodominicano.com\/wp-content\/uploads\/2024\/12\/Mercedes-Canalda-768x960.jpeg 768w, https:\/\/diariodominicano.com\/wp-content\/uploads\/2024\/12\/Mercedes-Canalda-816x1020.jpeg 816w, https:\/\/diariodominicano.com\/wp-content\/uploads\/2024\/12\/Mercedes-Canalda.jpeg 960w\" sizes=\"auto, (max-width: 819px) 100vw, 819px\" \/><figcaption class=\"wp-element-caption\">Mercedes Canalda <\/figcaption><\/figure>\n\n\n\n<figure class=\"wp-block-image size-large\"><img loading=\"lazy\" decoding=\"async\" width=\"819\" height=\"1024\" data-id=\"582438\" src=\"https:\/\/diariodominicano.com\/wp-content\/uploads\/2024\/12\/Miguel-Baruzze-819x1024.jpeg\" alt=\"\" class=\"wp-image-582438\" srcset=\"https:\/\/diariodominicano.com\/wp-content\/uploads\/2024\/12\/Miguel-Baruzze-819x1024.jpeg 819w, https:\/\/diariodominicano.com\/wp-content\/uploads\/2024\/12\/Miguel-Baruzze-240x300.jpeg 240w, https:\/\/diariodominicano.com\/wp-content\/uploads\/2024\/12\/Miguel-Baruzze-768x960.jpeg 768w, https:\/\/diariodominicano.com\/wp-content\/uploads\/2024\/12\/Miguel-Baruzze-816x1020.jpeg 816w, https:\/\/diariodominicano.com\/wp-content\/uploads\/2024\/12\/Miguel-Baruzze.jpeg 960w\" sizes=\"auto, (max-width: 819px) 100vw, 819px\" \/><figcaption class=\"wp-element-caption\">Miguel Baruzze <\/figcaption><\/figure>\n<\/figure>\n\n\n\n<p><em>Adem\u00e1s de los m\u00f3dulos de capacitaci\u00f3n, Crececonadopem incorpora un sistema de gamificaci\u00f3n que permite que a trav\u00e9s de las rutas de aprendizaje se mantengan motivadas y evitar la deserci\u00f3n.<\/em><em><\/em><\/p>\n\n\n\n<p><em>Asimismo, obtener reconocimiento de logros mediante insignias y videos motivacionales, lo cual permitir\u00e1 a las emprendedoras concluir su proceso de aprendizaje y recibir certificados por completar las rutas de aprendizaje que incluyen varios cursos. La plataforma tambi\u00e9n facilita el acceso a redes de colaboraci\u00f3n, donde las participantes podr\u00e1n intercambiar experiencias y buenas pr\u00e1cticas en el Foro Caf\u00e9, adem\u00e1s de contar con opciones de financiamiento dise\u00f1adas espec\u00edficamente para cubrir las necesidades de cada negocio.<\/em><em><\/em><\/p>\n\n\n\n<p><em>Con Crececonadopem, Banco Adopem reafirma su compromiso de liderar iniciativas de impacto social que mejoren la calidad de vida de miles de familias dominicanas y promuevan la inclusi\u00f3n digital en el pa\u00eds. La plataforma est\u00e1 disponible para cualquier mujer interesada en desarrollar sus habilidades y alcanzar nuevas metas empresariales, generando as\u00ed un cambio positivo y sostenible en sus comunidades de una forma 100% gratuita.<\/em><em><\/em><\/p>\n\n\n\n<p><em>Al lanzamiento asistieron altos directivos de la Banca, representantes de diversas instituciones y emprendedoras, quienes subrayaron el compromiso de la entidad con la sostenibilidad y el crecimiento de las micro y peque\u00f1as empresas.<\/em><em><\/em><\/p>\n\n\n\n<p><strong>Joel Vasquez<\/strong>\u00a0&lt;joel.vasquezramos@gmail.com> <\/p>\n","protected":false},"excerpt":{"rendered":"<p>Rep\u00fablica Dominicana, 25 de noviembre 2024\u2013&nbsp;El Banco Adopem y el Banco Interamericano de Desarrollo (BID), a trav\u00e9s su laboratorio de innovaci\u00f3n BID LAB, presentaron oficialmente el portal \u201cCrececonadopem\u201d, en el marco del proyecto \u201cComunidad Emprendedora Digital\u201d que busca impulsar la digitalizaci\u00f3n y el crecimiento de las mujeres emprendedoras en el pa\u00eds. Mercedes Canalda de Beras-Goico, [&hellip;]<\/p>\n","protected":false},"author":7,"featured_media":0,"comment_status":"closed","ping_status":"closed","sticky":false,"template":"","format":"standard","meta":{"footnotes":""},"categories":[18],"tags":[],"class_list":["post-582299","post","type-post","status-publish","format-standard","hentry","category-economia"],"_links":{"self":[{"href":"https:\/\/diariodominicano.com\/index.php?rest_route=\/wp\/v2\/posts\/582299","targetHints":{"allow":["GET"]}}],"collection":[{"href":"https:\/\/diariodominicano.com\/index.php?rest_route=\/wp\/v2\/posts"}],"about":[{"href":"https:\/\/diariodominicano.com\/index.php?rest_route=\/wp\/v2\/types\/post"}],"author":[{"embeddable":true,"href":"https:\/\/diariodominicano.com\/index.php?rest_route=\/wp\/v2\/users\/7"}],"replies":[{"embeddable":true,"href":"https:\/\/diariodominicano.com\/index.php?rest_route=%2Fwp%2Fv2%2Fcomments&post=582299"}],"version-history":[{"count":4,"href":"https:\/\/diariodominicano.com\/index.php?rest_route=\/wp\/v2\/posts\/582299\/revisions"}],"predecessor-version":[{"id":582455,"href":"https:\/\/diariodominicano.com\/index.php?rest_route=\/wp\/v2\/posts\/582299\/revisions\/582455"}],"wp:attachment":[{"href":"https:\/\/diariodominicano.com\/index.php?rest_route=%2Fwp%2Fv2%2Fmedia&parent=582299"}],"wp:term":[{"taxonomy":"category","embeddable":true,"href":"https:\/\/diariodominicano.com\/index.php?rest_route=%2Fwp%2Fv2%2Fcategories&post=582299"},{"taxonomy":"post_tag","embeddable":true,"href":"https:\/\/diariodominicano.com\/index.php?rest_route=%2Fwp%2Fv2%2Ftags&post=582299"}],"curies":[{"name":"wp","href":"https:\/\/api.w.org\/{rel}","templated":true}]}}