{"id":582298,"date":"2024-12-13T00:39:00","date_gmt":"2024-12-13T04:39:00","guid":{"rendered":"https:\/\/diariodominicano.com\/?p=582298"},"modified":"2024-12-13T00:39:02","modified_gmt":"2024-12-13T04:39:02","slug":"infotep-y-fundacion-popular-entrega-certificados-a-78-participantes-capacitados-en-loma-de-blanco","status":"publish","type":"post","link":"https:\/\/diariodominicano.com\/?p=582298","title":{"rendered":"INFOTEP y Fundaci\u00f3n Popular entrega certificados a 78 participantes capacitados en Loma de Blanco"},"content":{"rendered":"\n<p>\u00b7&nbsp;&nbsp;&nbsp;&nbsp;&nbsp;&nbsp;&nbsp;&nbsp;&nbsp;<em>La iniciativa en conjunto con Federaci\u00f3n Campesina Hacia el Progreso busca impulsar ecoturismo de la zona del Yuna<\/em><\/p>\n\n\n\n<p>Monse\u00f1or Nouel-&nbsp;&nbsp;El Instituto Nacional de Formaci\u00f3n T\u00e9cnico Profesional (INFOTEP), entreg\u00f3 certificados a 78 personas, que concluyeron su capacitaci\u00f3n en diferentes \u00e1reas ocupacionales en Loma de Blanco, provincia Monse\u00f1or Nouel.<\/p>\n\n\n\n<p>El programa formativo fue ejecutado en alianza con la Fundaci\u00f3n Popular y la Federaci\u00f3n Campesina Hacia el Progreso, en medio de la Cordillera Central donde se desarrollan los diferentes proyectos ecotur\u00edsticos.<\/p>\n\n\n\n<figure class=\"wp-block-gallery has-nested-images columns-default is-cropped wp-block-gallery-1 is-layout-flex wp-block-gallery-is-layout-flex\">\n<figure class=\"wp-block-image size-large\"><img loading=\"lazy\" decoding=\"async\" width=\"1024\" height=\"683\" data-id=\"582370\" src=\"https:\/\/diariodominicano.com\/wp-content\/uploads\/2024\/12\/Esteban-Polanco-presidente-de-la-Federacion-Campesina-Hacia-el-Progreso-3-1024x683.jpg\" alt=\"\" class=\"wp-image-582370\" srcset=\"https:\/\/diariodominicano.com\/wp-content\/uploads\/2024\/12\/Esteban-Polanco-presidente-de-la-Federacion-Campesina-Hacia-el-Progreso-3-1024x683.jpg 1024w, https:\/\/diariodominicano.com\/wp-content\/uploads\/2024\/12\/Esteban-Polanco-presidente-de-la-Federacion-Campesina-Hacia-el-Progreso-3-300x200.jpg 300w, https:\/\/diariodominicano.com\/wp-content\/uploads\/2024\/12\/Esteban-Polanco-presidente-de-la-Federacion-Campesina-Hacia-el-Progreso-3-768x512.jpg 768w, https:\/\/diariodominicano.com\/wp-content\/uploads\/2024\/12\/Esteban-Polanco-presidente-de-la-Federacion-Campesina-Hacia-el-Progreso-3-816x544.jpg 816w, https:\/\/diariodominicano.com\/wp-content\/uploads\/2024\/12\/Esteban-Polanco-presidente-de-la-Federacion-Campesina-Hacia-el-Progreso-3.jpg 1072w\" sizes=\"auto, (max-width: 1024px) 100vw, 1024px\" \/><\/figure>\n<\/figure>\n\n\n\n<p>El acto de entrega de certificados estuvo encabezado por el director de la Regional Cibao Sur del INFOTEP, Fernelys Berig\u00fcete, la gerente de Proyectos de la Fundaci\u00f3n Popular, Dabeida Agramonte, y el presidente de la Federaci\u00f3n Campesina Hacia el Progreso, Esteban Polanco.<\/p>\n\n\n\n<p>Fernelys Berig\u00fcete, al hablar en representaci\u00f3n del director general Rafael Santos Bad\u00eda, subray\u00f3 el impacto positivo de esta alianza en la comunidad.<\/p>\n\n\n\n<figure class=\"wp-block-gallery has-nested-images columns-default is-cropped wp-block-gallery-2 is-layout-flex wp-block-gallery-is-layout-flex\">\n<figure class=\"wp-block-image size-large\"><img loading=\"lazy\" decoding=\"async\" width=\"1024\" height=\"683\" data-id=\"582350\" src=\"https:\/\/diariodominicano.com\/wp-content\/uploads\/2024\/12\/Dabeida-Agramonte-gerente-de-Proyectos-de-la-Fundacion-Popular-1024x683.jpg\" alt=\"\" class=\"wp-image-582350\" srcset=\"https:\/\/diariodominicano.com\/wp-content\/uploads\/2024\/12\/Dabeida-Agramonte-gerente-de-Proyectos-de-la-Fundacion-Popular-1024x683.jpg 1024w, https:\/\/diariodominicano.com\/wp-content\/uploads\/2024\/12\/Dabeida-Agramonte-gerente-de-Proyectos-de-la-Fundacion-Popular-300x200.jpg 300w, https:\/\/diariodominicano.com\/wp-content\/uploads\/2024\/12\/Dabeida-Agramonte-gerente-de-Proyectos-de-la-Fundacion-Popular-768x512.jpg 768w, https:\/\/diariodominicano.com\/wp-content\/uploads\/2024\/12\/Dabeida-Agramonte-gerente-de-Proyectos-de-la-Fundacion-Popular-816x544.jpg 816w, https:\/\/diariodominicano.com\/wp-content\/uploads\/2024\/12\/Dabeida-Agramonte-gerente-de-Proyectos-de-la-Fundacion-Popular.jpg 1072w\" sizes=\"auto, (max-width: 1024px) 100vw, 1024px\" \/><\/figure>\n<\/figure>\n\n\n\n<p>\u00abEsperamos que este certificado les d\u00e9 la confianza y el impulso necesarios para alcanzar sus metas y objetivos. Cada uno de ustedes ha demostrado dedicaci\u00f3n y esfuerzo a lo largo de este proceso de formaci\u00f3n. Este no es solo un documento, sino un reconocimiento a su compromiso y un s\u00edmbolo de las puertas que se abren ante ustedes\u201d, dijo.<\/p>\n\n\n\n<p>Berig\u00fcete enfatiz\u00f3 que el \u00e9xito de cada egresado impactar\u00e1 positivamente en la regi\u00f3n, fomentando el crecimiento del ecoturismo y mejorando la calidad de vida en la comunidad del Yuna.<\/p>\n\n\n\n<figure class=\"wp-block-gallery has-nested-images columns-default is-cropped wp-block-gallery-3 is-layout-flex wp-block-gallery-is-layout-flex\">\n<figure class=\"wp-block-image size-large\"><img loading=\"lazy\" decoding=\"async\" width=\"1024\" height=\"683\" data-id=\"582364\" src=\"https:\/\/diariodominicano.com\/wp-content\/uploads\/2024\/12\/INFOTEP-y-Fundacion-Popular-entrega-certificados-a-78-participantes-capacitados-en-Loma-de-Blanco-2-1-1024x683.jpg\" alt=\"\" class=\"wp-image-582364\" srcset=\"https:\/\/diariodominicano.com\/wp-content\/uploads\/2024\/12\/INFOTEP-y-Fundacion-Popular-entrega-certificados-a-78-participantes-capacitados-en-Loma-de-Blanco-2-1-1024x683.jpg 1024w, https:\/\/diariodominicano.com\/wp-content\/uploads\/2024\/12\/INFOTEP-y-Fundacion-Popular-entrega-certificados-a-78-participantes-capacitados-en-Loma-de-Blanco-2-1-300x200.jpg 300w, https:\/\/diariodominicano.com\/wp-content\/uploads\/2024\/12\/INFOTEP-y-Fundacion-Popular-entrega-certificados-a-78-participantes-capacitados-en-Loma-de-Blanco-2-1-768x512.jpg 768w, https:\/\/diariodominicano.com\/wp-content\/uploads\/2024\/12\/INFOTEP-y-Fundacion-Popular-entrega-certificados-a-78-participantes-capacitados-en-Loma-de-Blanco-2-1-816x544.jpg 816w, https:\/\/diariodominicano.com\/wp-content\/uploads\/2024\/12\/INFOTEP-y-Fundacion-Popular-entrega-certificados-a-78-participantes-capacitados-en-Loma-de-Blanco-2-1.jpg 1404w\" sizes=\"auto, (max-width: 1024px) 100vw, 1024px\" \/><\/figure>\n<\/figure>\n\n\n\n<p>De su lado, Dabeida Agramonte destac\u00f3 que el acuerdo contribuye con el fortalecimiento de la formaci\u00f3n t\u00e9cnica en la comunidad del Yuna, especialmente en el \u00e1rea tur\u00edstica, permitiendo que los participantes adquieran destrezas pr\u00e1cticas que ya est\u00e1n siendo aplicadas en proyectos locales.<\/p>\n\n\n\n<p>Mientras que Esteban Polanco ponder\u00f3 los aportes del INFOTEP en la ejecuci\u00f3n del plan formativo y manifest\u00f3 que gracias al acuerdo se logr\u00f3 dar respuesta de forma digna a las familias campesinas que viven en la zona.<\/p>\n\n\n\n<figure class=\"wp-block-gallery has-nested-images columns-default is-cropped wp-block-gallery-4 is-layout-flex wp-block-gallery-is-layout-flex\">\n<figure class=\"wp-block-image size-large\"><img loading=\"lazy\" decoding=\"async\" width=\"1024\" height=\"683\" data-id=\"582363\" src=\"https:\/\/diariodominicano.com\/wp-content\/uploads\/2024\/12\/INFOTEP-y-Fundacion-Popular-entrega-certificados-a-78-participantes-capacitados-en-Loma-de-Blanco-1-1024x683.jpg\" alt=\"\" class=\"wp-image-582363\" srcset=\"https:\/\/diariodominicano.com\/wp-content\/uploads\/2024\/12\/INFOTEP-y-Fundacion-Popular-entrega-certificados-a-78-participantes-capacitados-en-Loma-de-Blanco-1-1024x683.jpg 1024w, https:\/\/diariodominicano.com\/wp-content\/uploads\/2024\/12\/INFOTEP-y-Fundacion-Popular-entrega-certificados-a-78-participantes-capacitados-en-Loma-de-Blanco-1-300x200.jpg 300w, https:\/\/diariodominicano.com\/wp-content\/uploads\/2024\/12\/INFOTEP-y-Fundacion-Popular-entrega-certificados-a-78-participantes-capacitados-en-Loma-de-Blanco-1-768x512.jpg 768w, https:\/\/diariodominicano.com\/wp-content\/uploads\/2024\/12\/INFOTEP-y-Fundacion-Popular-entrega-certificados-a-78-participantes-capacitados-en-Loma-de-Blanco-1-816x544.jpg 816w, https:\/\/diariodominicano.com\/wp-content\/uploads\/2024\/12\/INFOTEP-y-Fundacion-Popular-entrega-certificados-a-78-participantes-capacitados-en-Loma-de-Blanco-1.jpg 1072w\" sizes=\"auto, (max-width: 1024px) 100vw, 1024px\" \/><\/figure>\n<\/figure>\n\n\n\n<p><strong>Acciones formativas<\/strong><\/p>\n\n\n\n<p>Los egresados, 54 hombres y 24 mujeres, pertenecen en su gran mayor\u00eda al distrito municipal La Salvia en Los Quemados, fueron capacitados en t\u00e9cnicas de las 5s, primeros auxilios, mantenimiento el\u00e9ctrico, servicio al cliente, trabajo en equipo, seguridad e higiene, plomer\u00eda, manejo de conflictos, elaboraci\u00f3n de men\u00fa, ventas y negociaci\u00f3n, trabajo en equipo y herramientas para la creaci\u00f3n de informes digitales, OneDrive y Microsoft Teams.<\/p>\n","protected":false},"excerpt":{"rendered":"<p>\u00b7&nbsp;&nbsp;&nbsp;&nbsp;&nbsp;&nbsp;&nbsp;&nbsp;&nbsp;La iniciativa en conjunto con Federaci\u00f3n Campesina Hacia el Progreso busca impulsar ecoturismo de la zona del Yuna Monse\u00f1or Nouel-&nbsp;&nbsp;El Instituto Nacional de Formaci\u00f3n T\u00e9cnico Profesional (INFOTEP), entreg\u00f3 certificados a 78 personas, que concluyeron su capacitaci\u00f3n en diferentes \u00e1reas ocupacionales en Loma de Blanco, provincia Monse\u00f1or Nouel. El programa formativo fue ejecutado en alianza con [&hellip;]<\/p>\n","protected":false},"author":7,"featured_media":582351,"comment_status":"closed","ping_status":"closed","sticky":false,"template":"","format":"standard","meta":{"footnotes":""},"categories":[36],"tags":[223,94],"class_list":["post-582298","post","type-post","status-publish","format-standard","has-post-thumbnail","hentry","category-hombresmujeresycosas","tag-fundacion-popular","tag-infotep"],"_links":{"self":[{"href":"https:\/\/diariodominicano.com\/index.php?rest_route=\/wp\/v2\/posts\/582298","targetHints":{"allow":["GET"]}}],"collection":[{"href":"https:\/\/diariodominicano.com\/index.php?rest_route=\/wp\/v2\/posts"}],"about":[{"href":"https:\/\/diariodominicano.com\/index.php?rest_route=\/wp\/v2\/types\/post"}],"author":[{"embeddable":true,"href":"https:\/\/diariodominicano.com\/index.php?rest_route=\/wp\/v2\/users\/7"}],"replies":[{"embeddable":true,"href":"https:\/\/diariodominicano.com\/index.php?rest_route=%2Fwp%2Fv2%2Fcomments&post=582298"}],"version-history":[{"count":1,"href":"https:\/\/diariodominicano.com\/index.php?rest_route=\/wp\/v2\/posts\/582298\/revisions"}],"predecessor-version":[{"id":582376,"href":"https:\/\/diariodominicano.com\/index.php?rest_route=\/wp\/v2\/posts\/582298\/revisions\/582376"}],"wp:featuredmedia":[{"embeddable":true,"href":"https:\/\/diariodominicano.com\/index.php?rest_route=\/wp\/v2\/media\/582351"}],"wp:attachment":[{"href":"https:\/\/diariodominicano.com\/index.php?rest_route=%2Fwp%2Fv2%2Fmedia&parent=582298"}],"wp:term":[{"taxonomy":"category","embeddable":true,"href":"https:\/\/diariodominicano.com\/index.php?rest_route=%2Fwp%2Fv2%2Fcategories&post=582298"},{"taxonomy":"post_tag","embeddable":true,"href":"https:\/\/diariodominicano.com\/index.php?rest_route=%2Fwp%2Fv2%2Ftags&post=582298"}],"curies":[{"name":"wp","href":"https:\/\/api.w.org\/{rel}","templated":true}]}}