{"id":582258,"date":"2024-12-12T22:14:29","date_gmt":"2024-12-13T02:14:29","guid":{"rendered":"https:\/\/diariodominicano.com\/?p=582258"},"modified":"2024-12-12T23:48:34","modified_gmt":"2024-12-13T03:48:34","slug":"el-club-de-gestion-de-riesgos-de-la-republica-dominicana-cgrrd-organiza-evento-sobre-la-gestion-de-cobranzas","status":"publish","type":"post","link":"https:\/\/diariodominicano.com\/?p=582258","title":{"rendered":"El Club de Gesti\u00f3n de Riesgos de la Rep\u00fablica Dominicana (CGRRD) organiza evento sobre la Gesti\u00f3n de Cobranzas"},"content":{"rendered":"\n<p><strong><em>Expertos locales e internacionales conversaron sobre la gesti\u00f3n de cobranzas en las entidades de intermediaci\u00f3n financiera, as\u00ed como las perspectivas y retos globales que enfrentan las entidades con la digitalizaci\u00f3n y el tratamiento personalizado de los clientes para una efectiva mitigaci\u00f3n del riesgo de cr\u00e9dito<\/em><\/strong><em>.<\/em><\/p>\n\n\n\n<p><strong>Santo Domingo &#8211;&nbsp;<\/strong>El Club de Gesti\u00f3n de Riesgos de Rep\u00fablica Dominicana (CGRRD) celebr\u00f3 un desayuno para sus miembros e invitados especiales donde hablaron sobre la&nbsp;gesti\u00f3n de cobranzas.<\/p>\n\n\n\n<figure class=\"wp-block-gallery has-nested-images columns-default is-cropped wp-block-gallery-1 is-layout-flex wp-block-gallery-is-layout-flex\">\n<figure class=\"wp-block-image size-large\"><img loading=\"lazy\" decoding=\"async\" width=\"1024\" height=\"683\" data-id=\"582286\" src=\"https:\/\/diariodominicano.com\/wp-content\/uploads\/2024\/12\/Wendy-Sanchez-e-Ivan-Tejeda-1024x683.jpg\" alt=\"\" class=\"wp-image-582286\" srcset=\"https:\/\/diariodominicano.com\/wp-content\/uploads\/2024\/12\/Wendy-Sanchez-e-Ivan-Tejeda-1024x683.jpg 1024w, https:\/\/diariodominicano.com\/wp-content\/uploads\/2024\/12\/Wendy-Sanchez-e-Ivan-Tejeda-300x200.jpg 300w, https:\/\/diariodominicano.com\/wp-content\/uploads\/2024\/12\/Wendy-Sanchez-e-Ivan-Tejeda-768x512.jpg 768w, https:\/\/diariodominicano.com\/wp-content\/uploads\/2024\/12\/Wendy-Sanchez-e-Ivan-Tejeda-1536x1024.jpg 1536w, https:\/\/diariodominicano.com\/wp-content\/uploads\/2024\/12\/Wendy-Sanchez-e-Ivan-Tejeda-2048x1365.jpg 2048w, https:\/\/diariodominicano.com\/wp-content\/uploads\/2024\/12\/Wendy-Sanchez-e-Ivan-Tejeda-816x544.jpg 816w\" sizes=\"auto, (max-width: 1024px) 100vw, 1024px\" \/><figcaption class=\"wp-element-caption\">Wendy S\u00e1nchez e Iv\u00e1n Tejeda <\/figcaption><\/figure>\n\n\n\n<figure class=\"wp-block-image size-large\"><img loading=\"lazy\" decoding=\"async\" width=\"683\" height=\"1024\" data-id=\"582285\" src=\"https:\/\/diariodominicano.com\/wp-content\/uploads\/2024\/12\/Victor-Baldera-y-Loraine-Rodriguez-683x1024.jpg\" alt=\"\" class=\"wp-image-582285\" srcset=\"https:\/\/diariodominicano.com\/wp-content\/uploads\/2024\/12\/Victor-Baldera-y-Loraine-Rodriguez-683x1024.jpg 683w, https:\/\/diariodominicano.com\/wp-content\/uploads\/2024\/12\/Victor-Baldera-y-Loraine-Rodriguez-200x300.jpg 200w, https:\/\/diariodominicano.com\/wp-content\/uploads\/2024\/12\/Victor-Baldera-y-Loraine-Rodriguez-768x1152.jpg 768w, https:\/\/diariodominicano.com\/wp-content\/uploads\/2024\/12\/Victor-Baldera-y-Loraine-Rodriguez-1024x1536.jpg 1024w, https:\/\/diariodominicano.com\/wp-content\/uploads\/2024\/12\/Victor-Baldera-y-Loraine-Rodriguez-1365x2048.jpg 1365w, https:\/\/diariodominicano.com\/wp-content\/uploads\/2024\/12\/Victor-Baldera-y-Loraine-Rodriguez-816x1224.jpg 816w, https:\/\/diariodominicano.com\/wp-content\/uploads\/2024\/12\/Victor-Baldera-y-Loraine-Rodriguez-scaled.jpg 1707w\" sizes=\"auto, (max-width: 683px) 100vw, 683px\" \/><figcaption class=\"wp-element-caption\">V\u00edctor Baldera y Loraine Rodr\u00edguez <\/figcaption><\/figure>\n\n\n\n<figure class=\"wp-block-image size-large\"><img loading=\"lazy\" decoding=\"async\" width=\"1024\" height=\"683\" data-id=\"582284\" src=\"https:\/\/diariodominicano.com\/wp-content\/uploads\/2024\/12\/Rita-Perez-y-Patricia-Antoniolli-1024x683.jpg\" alt=\"\" class=\"wp-image-582284\" srcset=\"https:\/\/diariodominicano.com\/wp-content\/uploads\/2024\/12\/Rita-Perez-y-Patricia-Antoniolli-1024x683.jpg 1024w, https:\/\/diariodominicano.com\/wp-content\/uploads\/2024\/12\/Rita-Perez-y-Patricia-Antoniolli-300x200.jpg 300w, https:\/\/diariodominicano.com\/wp-content\/uploads\/2024\/12\/Rita-Perez-y-Patricia-Antoniolli-768x512.jpg 768w, https:\/\/diariodominicano.com\/wp-content\/uploads\/2024\/12\/Rita-Perez-y-Patricia-Antoniolli-1536x1024.jpg 1536w, https:\/\/diariodominicano.com\/wp-content\/uploads\/2024\/12\/Rita-Perez-y-Patricia-Antoniolli-2048x1365.jpg 2048w, https:\/\/diariodominicano.com\/wp-content\/uploads\/2024\/12\/Rita-Perez-y-Patricia-Antoniolli-816x544.jpg 816w\" sizes=\"auto, (max-width: 1024px) 100vw, 1024px\" \/><figcaption class=\"wp-element-caption\">Rita P\u00e9rez y Patricia Antoniolli <\/figcaption><\/figure>\n\n\n\n<figure class=\"wp-block-image size-large\"><img loading=\"lazy\" decoding=\"async\" width=\"1024\" height=\"683\" data-id=\"582283\" src=\"https:\/\/diariodominicano.com\/wp-content\/uploads\/2024\/12\/Ricardo-Ribeiro-Jonathan-Machecha-Ricardo-Mihalik-Fernando-Martinez-Cabra-Carlos-J.-Rijo-Montas-Jose-Odalis-Ortiz-Quilvio-Cabral-1024x683.jpg\" alt=\"\" class=\"wp-image-582283\" srcset=\"https:\/\/diariodominicano.com\/wp-content\/uploads\/2024\/12\/Ricardo-Ribeiro-Jonathan-Machecha-Ricardo-Mihalik-Fernando-Martinez-Cabra-Carlos-J.-Rijo-Montas-Jose-Odalis-Ortiz-Quilvio-Cabral-1024x683.jpg 1024w, https:\/\/diariodominicano.com\/wp-content\/uploads\/2024\/12\/Ricardo-Ribeiro-Jonathan-Machecha-Ricardo-Mihalik-Fernando-Martinez-Cabra-Carlos-J.-Rijo-Montas-Jose-Odalis-Ortiz-Quilvio-Cabral-300x200.jpg 300w, https:\/\/diariodominicano.com\/wp-content\/uploads\/2024\/12\/Ricardo-Ribeiro-Jonathan-Machecha-Ricardo-Mihalik-Fernando-Martinez-Cabra-Carlos-J.-Rijo-Montas-Jose-Odalis-Ortiz-Quilvio-Cabral-768x512.jpg 768w, https:\/\/diariodominicano.com\/wp-content\/uploads\/2024\/12\/Ricardo-Ribeiro-Jonathan-Machecha-Ricardo-Mihalik-Fernando-Martinez-Cabra-Carlos-J.-Rijo-Montas-Jose-Odalis-Ortiz-Quilvio-Cabral-1536x1024.jpg 1536w, https:\/\/diariodominicano.com\/wp-content\/uploads\/2024\/12\/Ricardo-Ribeiro-Jonathan-Machecha-Ricardo-Mihalik-Fernando-Martinez-Cabra-Carlos-J.-Rijo-Montas-Jose-Odalis-Ortiz-Quilvio-Cabral-2048x1365.jpg 2048w, https:\/\/diariodominicano.com\/wp-content\/uploads\/2024\/12\/Ricardo-Ribeiro-Jonathan-Machecha-Ricardo-Mihalik-Fernando-Martinez-Cabra-Carlos-J.-Rijo-Montas-Jose-Odalis-Ortiz-Quilvio-Cabral-816x544.jpg 816w\" sizes=\"auto, (max-width: 1024px) 100vw, 1024px\" \/><figcaption class=\"wp-element-caption\">Ricardo Ribeiro, Jonathan Machecha, Ricardo Mihalik, Fernando Mart\u00ednez Cabra, Carlos J. Rijo Montas, Jos\u00e9 Odalis Ortiz, Quilvio Cabral <\/figcaption><\/figure>\n<\/figure>\n\n\n\n<p>El evento, celebrado en el hotel JW Marriott de Santo Domingo, fue realizado con el acompa\u00f1amiento de su miembro protector Fair Isaac Company (FICO).<\/p>\n\n\n\n<figure class=\"wp-block-gallery has-nested-images columns-default is-cropped wp-block-gallery-2 is-layout-flex wp-block-gallery-is-layout-flex\">\n<figure class=\"wp-block-image size-large\"><img loading=\"lazy\" decoding=\"async\" width=\"683\" height=\"1024\" data-id=\"582282\" src=\"https:\/\/diariodominicano.com\/wp-content\/uploads\/2024\/12\/Manuel-Diaz-Laura-Dotel-y-Simon-Baez-683x1024.jpg\" alt=\"\" class=\"wp-image-582282\" srcset=\"https:\/\/diariodominicano.com\/wp-content\/uploads\/2024\/12\/Manuel-Diaz-Laura-Dotel-y-Simon-Baez-683x1024.jpg 683w, https:\/\/diariodominicano.com\/wp-content\/uploads\/2024\/12\/Manuel-Diaz-Laura-Dotel-y-Simon-Baez-200x300.jpg 200w, https:\/\/diariodominicano.com\/wp-content\/uploads\/2024\/12\/Manuel-Diaz-Laura-Dotel-y-Simon-Baez-768x1152.jpg 768w, https:\/\/diariodominicano.com\/wp-content\/uploads\/2024\/12\/Manuel-Diaz-Laura-Dotel-y-Simon-Baez-1024x1536.jpg 1024w, https:\/\/diariodominicano.com\/wp-content\/uploads\/2024\/12\/Manuel-Diaz-Laura-Dotel-y-Simon-Baez-1365x2048.jpg 1365w, https:\/\/diariodominicano.com\/wp-content\/uploads\/2024\/12\/Manuel-Diaz-Laura-Dotel-y-Simon-Baez-816x1224.jpg 816w, https:\/\/diariodominicano.com\/wp-content\/uploads\/2024\/12\/Manuel-Diaz-Laura-Dotel-y-Simon-Baez-scaled.jpg 1707w\" sizes=\"auto, (max-width: 683px) 100vw, 683px\" \/><figcaption class=\"wp-element-caption\">Manuel D\u00edaz, Laura Dotel y Sim\u00f3n B\u00e1ez <\/figcaption><\/figure>\n\n\n\n<figure class=\"wp-block-image size-large\"><img loading=\"lazy\" decoding=\"async\" width=\"683\" height=\"1024\" data-id=\"582281\" src=\"https:\/\/diariodominicano.com\/wp-content\/uploads\/2024\/12\/Jonathan-Machecha-Carolina-Teruell-y-Fernando-Martinez-683x1024.jpg\" alt=\"\" class=\"wp-image-582281\" srcset=\"https:\/\/diariodominicano.com\/wp-content\/uploads\/2024\/12\/Jonathan-Machecha-Carolina-Teruell-y-Fernando-Martinez-683x1024.jpg 683w, https:\/\/diariodominicano.com\/wp-content\/uploads\/2024\/12\/Jonathan-Machecha-Carolina-Teruell-y-Fernando-Martinez-200x300.jpg 200w, https:\/\/diariodominicano.com\/wp-content\/uploads\/2024\/12\/Jonathan-Machecha-Carolina-Teruell-y-Fernando-Martinez-768x1152.jpg 768w, https:\/\/diariodominicano.com\/wp-content\/uploads\/2024\/12\/Jonathan-Machecha-Carolina-Teruell-y-Fernando-Martinez-1024x1536.jpg 1024w, https:\/\/diariodominicano.com\/wp-content\/uploads\/2024\/12\/Jonathan-Machecha-Carolina-Teruell-y-Fernando-Martinez-1365x2048.jpg 1365w, https:\/\/diariodominicano.com\/wp-content\/uploads\/2024\/12\/Jonathan-Machecha-Carolina-Teruell-y-Fernando-Martinez-816x1224.jpg 816w, https:\/\/diariodominicano.com\/wp-content\/uploads\/2024\/12\/Jonathan-Machecha-Carolina-Teruell-y-Fernando-Martinez-scaled.jpg 1707w\" sizes=\"auto, (max-width: 683px) 100vw, 683px\" \/><figcaption class=\"wp-element-caption\">Jonathan Machecha, Carolina Teruell y Fernando Mart\u00ednez <\/figcaption><\/figure>\n\n\n\n<figure class=\"wp-block-image size-large\"><img loading=\"lazy\" decoding=\"async\" width=\"683\" height=\"1024\" data-id=\"582280\" src=\"https:\/\/diariodominicano.com\/wp-content\/uploads\/2024\/12\/Harally-Lopez-Carlos-Flores-y-Yuderka-Montero-683x1024.jpg\" alt=\"\" class=\"wp-image-582280\" srcset=\"https:\/\/diariodominicano.com\/wp-content\/uploads\/2024\/12\/Harally-Lopez-Carlos-Flores-y-Yuderka-Montero-683x1024.jpg 683w, https:\/\/diariodominicano.com\/wp-content\/uploads\/2024\/12\/Harally-Lopez-Carlos-Flores-y-Yuderka-Montero-200x300.jpg 200w, https:\/\/diariodominicano.com\/wp-content\/uploads\/2024\/12\/Harally-Lopez-Carlos-Flores-y-Yuderka-Montero-768x1152.jpg 768w, https:\/\/diariodominicano.com\/wp-content\/uploads\/2024\/12\/Harally-Lopez-Carlos-Flores-y-Yuderka-Montero-1024x1536.jpg 1024w, https:\/\/diariodominicano.com\/wp-content\/uploads\/2024\/12\/Harally-Lopez-Carlos-Flores-y-Yuderka-Montero-1365x2048.jpg 1365w, https:\/\/diariodominicano.com\/wp-content\/uploads\/2024\/12\/Harally-Lopez-Carlos-Flores-y-Yuderka-Montero-816x1224.jpg 816w, https:\/\/diariodominicano.com\/wp-content\/uploads\/2024\/12\/Harally-Lopez-Carlos-Flores-y-Yuderka-Montero-scaled.jpg 1707w\" sizes=\"auto, (max-width: 683px) 100vw, 683px\" \/><figcaption class=\"wp-element-caption\">Harally L\u00f3pez, Carlos Flores y Yuderka Montero <\/figcaption><\/figure>\n\n\n\n<figure class=\"wp-block-image size-large\"><img loading=\"lazy\" decoding=\"async\" width=\"1024\" height=\"683\" data-id=\"582279\" src=\"https:\/\/diariodominicano.com\/wp-content\/uploads\/2024\/12\/Dalma-Hernandez-Jose-Bautista-Aimee-Abbott-y-Manuel-Gonzalez-1024x683.jpg\" alt=\"\" class=\"wp-image-582279\" srcset=\"https:\/\/diariodominicano.com\/wp-content\/uploads\/2024\/12\/Dalma-Hernandez-Jose-Bautista-Aimee-Abbott-y-Manuel-Gonzalez-1024x683.jpg 1024w, https:\/\/diariodominicano.com\/wp-content\/uploads\/2024\/12\/Dalma-Hernandez-Jose-Bautista-Aimee-Abbott-y-Manuel-Gonzalez-300x200.jpg 300w, https:\/\/diariodominicano.com\/wp-content\/uploads\/2024\/12\/Dalma-Hernandez-Jose-Bautista-Aimee-Abbott-y-Manuel-Gonzalez-768x512.jpg 768w, https:\/\/diariodominicano.com\/wp-content\/uploads\/2024\/12\/Dalma-Hernandez-Jose-Bautista-Aimee-Abbott-y-Manuel-Gonzalez-1536x1024.jpg 1536w, https:\/\/diariodominicano.com\/wp-content\/uploads\/2024\/12\/Dalma-Hernandez-Jose-Bautista-Aimee-Abbott-y-Manuel-Gonzalez-2048x1365.jpg 2048w, https:\/\/diariodominicano.com\/wp-content\/uploads\/2024\/12\/Dalma-Hernandez-Jose-Bautista-Aimee-Abbott-y-Manuel-Gonzalez-816x544.jpg 816w\" sizes=\"auto, (max-width: 1024px) 100vw, 1024px\" \/><figcaption class=\"wp-element-caption\">Dalma Hern\u00e1ndez, Jos\u00e9 Bautista, Aimee Abbott y Manuel Gonz\u00e1lez <\/figcaption><\/figure>\n<\/figure>\n\n\n\n<p>Carlos J. Rijo Mont\u00e1s, presidente y fundador del CGRRD, tuvo a su cargo las palabras de bienvenida de un encuentro donde los expertos Fernando Mart\u00ednez y Ricardo Mihalik expusieron sobre las nuevas tendencias y los retos globales en la industria de servicios financieros.<\/p>\n\n\n\n<p>Adem\u00e1s, cont\u00f3 con un panel de expertos bajo el tema&nbsp;<strong>\u201cMitigaci\u00f3n del riesgo de cr\u00e9dito: Estrategias efectivas de cobranzas\u201d.&nbsp;<\/strong>Este panel estuvo compuesto por reconocidos profesionales de la industria local e internacional Quilvio Cabral, vicepresidente Senior de Riesgo de Cr\u00e9dito \u2013 Banco BHD; Jos\u00e9 Ortiz, vicepresidente de Normalizaci\u00f3n de Cr\u00e9ditos \u2013 Banco Popular Dominicano;&nbsp;Ricardo Mihalik, Principal\u2013 FICO;&nbsp;<a>Fernando Mart\u00ednez, Senior Principal Consultant \u2013 FICO<\/a>. Moderado por Carlos J. Rijo Mont\u00e1s, presidente del Club de Gesti\u00f3n de Riesgos de Rep\u00fablica Dominicana (CGRRD).<\/p>\n\n\n\n<figure class=\"wp-block-gallery has-nested-images columns-default is-cropped wp-block-gallery-3 is-layout-flex wp-block-gallery-is-layout-flex\">\n<figure class=\"wp-block-image size-large\"><img loading=\"lazy\" decoding=\"async\" width=\"683\" height=\"1024\" data-id=\"582278\" src=\"https:\/\/diariodominicano.com\/wp-content\/uploads\/2024\/12\/Daiyoler-Batista-Carolina-Teruell-y-Pablo-Pichardo-683x1024.jpg\" alt=\"\" class=\"wp-image-582278\" srcset=\"https:\/\/diariodominicano.com\/wp-content\/uploads\/2024\/12\/Daiyoler-Batista-Carolina-Teruell-y-Pablo-Pichardo-683x1024.jpg 683w, https:\/\/diariodominicano.com\/wp-content\/uploads\/2024\/12\/Daiyoler-Batista-Carolina-Teruell-y-Pablo-Pichardo-200x300.jpg 200w, https:\/\/diariodominicano.com\/wp-content\/uploads\/2024\/12\/Daiyoler-Batista-Carolina-Teruell-y-Pablo-Pichardo-768x1152.jpg 768w, https:\/\/diariodominicano.com\/wp-content\/uploads\/2024\/12\/Daiyoler-Batista-Carolina-Teruell-y-Pablo-Pichardo-1024x1536.jpg 1024w, https:\/\/diariodominicano.com\/wp-content\/uploads\/2024\/12\/Daiyoler-Batista-Carolina-Teruell-y-Pablo-Pichardo-1365x2048.jpg 1365w, https:\/\/diariodominicano.com\/wp-content\/uploads\/2024\/12\/Daiyoler-Batista-Carolina-Teruell-y-Pablo-Pichardo-816x1224.jpg 816w, https:\/\/diariodominicano.com\/wp-content\/uploads\/2024\/12\/Daiyoler-Batista-Carolina-Teruell-y-Pablo-Pichardo-scaled.jpg 1707w\" sizes=\"auto, (max-width: 683px) 100vw, 683px\" \/><figcaption class=\"wp-element-caption\">Daiyoler Batista, Carolina Teruell y Pablo Pichardo <\/figcaption><\/figure>\n\n\n\n<figure class=\"wp-block-image size-large\"><img loading=\"lazy\" decoding=\"async\" width=\"683\" height=\"1024\" data-id=\"582277\" src=\"https:\/\/diariodominicano.com\/wp-content\/uploads\/2024\/12\/Cibeles-Jimenez-Carlos-J.-Rijo-Montas-y-Denisse-Sanchez-683x1024.jpg\" alt=\"\" class=\"wp-image-582277\" srcset=\"https:\/\/diariodominicano.com\/wp-content\/uploads\/2024\/12\/Cibeles-Jimenez-Carlos-J.-Rijo-Montas-y-Denisse-Sanchez-683x1024.jpg 683w, https:\/\/diariodominicano.com\/wp-content\/uploads\/2024\/12\/Cibeles-Jimenez-Carlos-J.-Rijo-Montas-y-Denisse-Sanchez-200x300.jpg 200w, https:\/\/diariodominicano.com\/wp-content\/uploads\/2024\/12\/Cibeles-Jimenez-Carlos-J.-Rijo-Montas-y-Denisse-Sanchez-768x1152.jpg 768w, https:\/\/diariodominicano.com\/wp-content\/uploads\/2024\/12\/Cibeles-Jimenez-Carlos-J.-Rijo-Montas-y-Denisse-Sanchez-1024x1536.jpg 1024w, https:\/\/diariodominicano.com\/wp-content\/uploads\/2024\/12\/Cibeles-Jimenez-Carlos-J.-Rijo-Montas-y-Denisse-Sanchez-1365x2048.jpg 1365w, https:\/\/diariodominicano.com\/wp-content\/uploads\/2024\/12\/Cibeles-Jimenez-Carlos-J.-Rijo-Montas-y-Denisse-Sanchez-816x1224.jpg 816w, https:\/\/diariodominicano.com\/wp-content\/uploads\/2024\/12\/Cibeles-Jimenez-Carlos-J.-Rijo-Montas-y-Denisse-Sanchez-scaled.jpg 1707w\" sizes=\"auto, (max-width: 683px) 100vw, 683px\" \/><figcaption class=\"wp-element-caption\">Cibeles Jim\u00e9nez, Carlos J. Rijo Montas y Denisse S\u00e1nchez <\/figcaption><\/figure>\n\n\n\n<figure class=\"wp-block-image size-large\"><img loading=\"lazy\" decoding=\"async\" width=\"1008\" height=\"1024\" data-id=\"582276\" src=\"https:\/\/diariodominicano.com\/wp-content\/uploads\/2024\/12\/Cesar-Rijo-y-Helimana-Hernandez-1008x1024.jpg\" alt=\"\" class=\"wp-image-582276\" srcset=\"https:\/\/diariodominicano.com\/wp-content\/uploads\/2024\/12\/Cesar-Rijo-y-Helimana-Hernandez-1008x1024.jpg 1008w, https:\/\/diariodominicano.com\/wp-content\/uploads\/2024\/12\/Cesar-Rijo-y-Helimana-Hernandez-295x300.jpg 295w, https:\/\/diariodominicano.com\/wp-content\/uploads\/2024\/12\/Cesar-Rijo-y-Helimana-Hernandez-768x780.jpg 768w, https:\/\/diariodominicano.com\/wp-content\/uploads\/2024\/12\/Cesar-Rijo-y-Helimana-Hernandez-1512x1536.jpg 1512w, https:\/\/diariodominicano.com\/wp-content\/uploads\/2024\/12\/Cesar-Rijo-y-Helimana-Hernandez-88x88.jpg 88w, https:\/\/diariodominicano.com\/wp-content\/uploads\/2024\/12\/Cesar-Rijo-y-Helimana-Hernandez-816x829.jpg 816w, https:\/\/diariodominicano.com\/wp-content\/uploads\/2024\/12\/Cesar-Rijo-y-Helimana-Hernandez.jpg 1750w\" sizes=\"auto, (max-width: 1008px) 100vw, 1008px\" \/><figcaption class=\"wp-element-caption\">Cesar Rijo y Helimana Hern\u00e1ndez <\/figcaption><\/figure>\n<\/figure>\n\n\n\n<p>El Club de Gesti\u00f3n de Riesgos tiene por objetivo promover la cultura de riesgos y las mejores pr\u00e1cticas de la industria, impulsando la adopci\u00f3n de est\u00e1ndares internacionales mediante la investigaci\u00f3n, capacitaci\u00f3n especializada, debate de ideas e innovaci\u00f3n para elevar el nivel de madurez en la gesti\u00f3n.<\/p>\n\n\n\n<p>FICO es una compa\u00f1\u00eda global l\u00edder en software anal\u00edtico que ayuda a las empresas en m\u00e1s de 90 pa\u00edses a tomar mejores decisiones que impulsen a mayores niveles de crecimiento, rentabilidad y satisfacci\u00f3n del cliente. Ofrece software y herramientas utilizados en diferentes industrias para gestionar riesgos, evitar fraudes, optimizar operaciones y cumplir con las regulaciones de cada pa\u00eds donde se desarrollan.<\/p>\n","protected":false},"excerpt":{"rendered":"<p>Expertos locales e internacionales conversaron sobre la gesti\u00f3n de cobranzas en las entidades de intermediaci\u00f3n financiera, as\u00ed como las perspectivas y retos globales que enfrentan las entidades con la digitalizaci\u00f3n y el tratamiento personalizado de los clientes para una efectiva mitigaci\u00f3n del riesgo de cr\u00e9dito. Santo Domingo &#8211;&nbsp;El Club de Gesti\u00f3n de Riesgos de Rep\u00fablica [&hellip;]<\/p>\n","protected":false},"author":7,"featured_media":582287,"comment_status":"closed","ping_status":"closed","sticky":false,"template":"","format":"standard","meta":{"footnotes":""},"categories":[18],"tags":[1156,1155,1154],"class_list":["post-582258","post","type-post","status-publish","format-standard","has-post-thumbnail","hentry","category-economia","tag-cgrrd","tag-club-de-gestion-de-riesgos-de-la-republica-dominicana","tag-club-de-gestion-de-riesgos-de-la-republica-dominicana-cgrrd"],"_links":{"self":[{"href":"https:\/\/diariodominicano.com\/index.php?rest_route=\/wp\/v2\/posts\/582258","targetHints":{"allow":["GET"]}}],"collection":[{"href":"https:\/\/diariodominicano.com\/index.php?rest_route=\/wp\/v2\/posts"}],"about":[{"href":"https:\/\/diariodominicano.com\/index.php?rest_route=\/wp\/v2\/types\/post"}],"author":[{"embeddable":true,"href":"https:\/\/diariodominicano.com\/index.php?rest_route=\/wp\/v2\/users\/7"}],"replies":[{"embeddable":true,"href":"https:\/\/diariodominicano.com\/index.php?rest_route=%2Fwp%2Fv2%2Fcomments&post=582258"}],"version-history":[{"count":2,"href":"https:\/\/diariodominicano.com\/index.php?rest_route=\/wp\/v2\/posts\/582258\/revisions"}],"predecessor-version":[{"id":582311,"href":"https:\/\/diariodominicano.com\/index.php?rest_route=\/wp\/v2\/posts\/582258\/revisions\/582311"}],"wp:featuredmedia":[{"embeddable":true,"href":"https:\/\/diariodominicano.com\/index.php?rest_route=\/wp\/v2\/media\/582287"}],"wp:attachment":[{"href":"https:\/\/diariodominicano.com\/index.php?rest_route=%2Fwp%2Fv2%2Fmedia&parent=582258"}],"wp:term":[{"taxonomy":"category","embeddable":true,"href":"https:\/\/diariodominicano.com\/index.php?rest_route=%2Fwp%2Fv2%2Fcategories&post=582258"},{"taxonomy":"post_tag","embeddable":true,"href":"https:\/\/diariodominicano.com\/index.php?rest_route=%2Fwp%2Fv2%2Ftags&post=582258"}],"curies":[{"name":"wp","href":"https:\/\/api.w.org\/{rel}","templated":true}]}}