{"id":582135,"date":"2024-12-12T14:33:14","date_gmt":"2024-12-12T18:33:14","guid":{"rendered":"https:\/\/diariodominicano.com\/?p=582135"},"modified":"2024-12-12T15:40:52","modified_gmt":"2024-12-12T19:40:52","slug":"edeeste-recibe-a-comunitarios-de-hato-mayor-y-se-compromete-a-atender-sus-inquietudes","status":"publish","type":"post","link":"https:\/\/diariodominicano.com\/?p=582135","title":{"rendered":"EDEEste informa recibi\u00f3 a comunitarios de Hato Mayor y se compromete a atender sus inquietudes"},"content":{"rendered":"\n<p>Hato Mayor, Rep\u00fablica Dominicana. \u2013 La empresa distribuidora de electricidad EDEEste inform\u00f3 que recibi\u00f3 el jueves a representantes de la comunidad de Hato Mayor, quienes realizaron una marcha pac\u00edfica para expresar sus preocupaciones sobre los procesos de facturaci\u00f3n en la localidad.<\/p>\n\n\n\n<p>Durante el encuentro, los comunitarios presentaron sus inquietudes y casos espec\u00edficos relacionados con el servicio el\u00e9ctrico. La nueva administraci\u00f3n de EDEEste reafirm\u00f3 su compromiso con la transparencia y el buen servicio, asegurando que cada caso expuesto ser\u00e1 investigado de manera rigurosa y que se dar\u00e1 respuesta oportuna a la comunidad.<\/p>\n\n\n\n<figure class=\"wp-block-gallery has-nested-images columns-default is-cropped wp-block-gallery-1 is-layout-flex wp-block-gallery-is-layout-flex\">\n<figure class=\"wp-block-image size-large\"><img loading=\"lazy\" decoding=\"async\" width=\"1024\" height=\"576\" data-id=\"582153\" src=\"https:\/\/diariodominicano.com\/wp-content\/uploads\/2024\/12\/EDEEste-recibe-comunitarios-de-Hato-Mayor-y-se-compromete-atender-sus-inquietudes-1024x576.jpeg\" alt=\"\" class=\"wp-image-582153\" srcset=\"https:\/\/diariodominicano.com\/wp-content\/uploads\/2024\/12\/EDEEste-recibe-comunitarios-de-Hato-Mayor-y-se-compromete-atender-sus-inquietudes-1024x576.jpeg 1024w, https:\/\/diariodominicano.com\/wp-content\/uploads\/2024\/12\/EDEEste-recibe-comunitarios-de-Hato-Mayor-y-se-compromete-atender-sus-inquietudes-300x169.jpeg 300w, https:\/\/diariodominicano.com\/wp-content\/uploads\/2024\/12\/EDEEste-recibe-comunitarios-de-Hato-Mayor-y-se-compromete-atender-sus-inquietudes-768x432.jpeg 768w, https:\/\/diariodominicano.com\/wp-content\/uploads\/2024\/12\/EDEEste-recibe-comunitarios-de-Hato-Mayor-y-se-compromete-atender-sus-inquietudes-1536x864.jpeg 1536w, https:\/\/diariodominicano.com\/wp-content\/uploads\/2024\/12\/EDEEste-recibe-comunitarios-de-Hato-Mayor-y-se-compromete-atender-sus-inquietudes-816x459.jpeg 816w, https:\/\/diariodominicano.com\/wp-content\/uploads\/2024\/12\/EDEEste-recibe-comunitarios-de-Hato-Mayor-y-se-compromete-atender-sus-inquietudes.jpeg 1600w\" sizes=\"auto, (max-width: 1024px) 100vw, 1024px\" \/><\/figure>\n<\/figure>\n\n\n\n<p>\u201cEstamos comprometidos con escuchar a nuestros clientes y con ofrecer soluciones que respondan a sus necesidades. Cada inquietud ser\u00e1 atendida con seriedad, y nos aseguraremos de investigar cualquier situaci\u00f3n que amerite revisi\u00f3n,\u201d expres\u00f3 el se\u00f1or Jos\u00e9 Severino, gerente de Gesti\u00f3n Social, en representaci\u00f3n del gerente general de EDEEste.<\/p>\n\n\n\n<p>Como parte de su plan de acci\u00f3n, la empresa iniciar\u00e1 una investigaci\u00f3n exhaustiva para analizar los casos presentados y corregir cualquier posible anomal\u00eda en los procesos de facturaci\u00f3n o servicio. Este esfuerzo busca garantizar que los procedimientos sean justos y alineados con los est\u00e1ndares de calidad que la empresa promueve.<\/p>\n\n\n\n<figure class=\"wp-block-gallery has-nested-images columns-default is-cropped wp-block-gallery-2 is-layout-flex wp-block-gallery-is-layout-flex\">\n<figure class=\"wp-block-image size-large\"><img loading=\"lazy\" decoding=\"async\" width=\"1024\" height=\"576\" data-id=\"582154\" src=\"https:\/\/diariodominicano.com\/wp-content\/uploads\/2024\/12\/EDEEste-recibe-a-comunitarios-de-Hato-Mayor-y-se-compromete-atender-sus-inquietudes-1024x576.jpeg\" alt=\"\" class=\"wp-image-582154\" srcset=\"https:\/\/diariodominicano.com\/wp-content\/uploads\/2024\/12\/EDEEste-recibe-a-comunitarios-de-Hato-Mayor-y-se-compromete-atender-sus-inquietudes-1024x576.jpeg 1024w, https:\/\/diariodominicano.com\/wp-content\/uploads\/2024\/12\/EDEEste-recibe-a-comunitarios-de-Hato-Mayor-y-se-compromete-atender-sus-inquietudes-300x169.jpeg 300w, https:\/\/diariodominicano.com\/wp-content\/uploads\/2024\/12\/EDEEste-recibe-a-comunitarios-de-Hato-Mayor-y-se-compromete-atender-sus-inquietudes-768x432.jpeg 768w, https:\/\/diariodominicano.com\/wp-content\/uploads\/2024\/12\/EDEEste-recibe-a-comunitarios-de-Hato-Mayor-y-se-compromete-atender-sus-inquietudes-1536x864.jpeg 1536w, https:\/\/diariodominicano.com\/wp-content\/uploads\/2024\/12\/EDEEste-recibe-a-comunitarios-de-Hato-Mayor-y-se-compromete-atender-sus-inquietudes-816x459.jpeg 816w, https:\/\/diariodominicano.com\/wp-content\/uploads\/2024\/12\/EDEEste-recibe-a-comunitarios-de-Hato-Mayor-y-se-compromete-atender-sus-inquietudes.jpeg 1600w\" sizes=\"auto, (max-width: 1024px) 100vw, 1024px\" \/><\/figure>\n\n\n\n<figure class=\"wp-block-image size-large\"><img loading=\"lazy\" decoding=\"async\" width=\"1024\" height=\"576\" data-id=\"582153\" src=\"https:\/\/diariodominicano.com\/wp-content\/uploads\/2024\/12\/EDEEste-recibe-comunitarios-de-Hato-Mayor-y-se-compromete-atender-sus-inquietudes-1024x576.jpeg\" alt=\"\" class=\"wp-image-582153\" srcset=\"https:\/\/diariodominicano.com\/wp-content\/uploads\/2024\/12\/EDEEste-recibe-comunitarios-de-Hato-Mayor-y-se-compromete-atender-sus-inquietudes-1024x576.jpeg 1024w, https:\/\/diariodominicano.com\/wp-content\/uploads\/2024\/12\/EDEEste-recibe-comunitarios-de-Hato-Mayor-y-se-compromete-atender-sus-inquietudes-300x169.jpeg 300w, https:\/\/diariodominicano.com\/wp-content\/uploads\/2024\/12\/EDEEste-recibe-comunitarios-de-Hato-Mayor-y-se-compromete-atender-sus-inquietudes-768x432.jpeg 768w, https:\/\/diariodominicano.com\/wp-content\/uploads\/2024\/12\/EDEEste-recibe-comunitarios-de-Hato-Mayor-y-se-compromete-atender-sus-inquietudes-1536x864.jpeg 1536w, https:\/\/diariodominicano.com\/wp-content\/uploads\/2024\/12\/EDEEste-recibe-comunitarios-de-Hato-Mayor-y-se-compromete-atender-sus-inquietudes-816x459.jpeg 816w, https:\/\/diariodominicano.com\/wp-content\/uploads\/2024\/12\/EDEEste-recibe-comunitarios-de-Hato-Mayor-y-se-compromete-atender-sus-inquietudes.jpeg 1600w\" sizes=\"auto, (max-width: 1024px) 100vw, 1024px\" \/><\/figure>\n<\/figure>\n\n\n\n<p>EDEEste agradece la actitud pac\u00edfica y el esp\u00edritu colaborativo de la comunidad de Hato Mayor, reiterando su compromiso de trabajar en conjunto para fortalecer la relaci\u00f3n con sus clientes y contribuir al bienestar de la regi\u00f3n.<\/p>\n\n\n\n<p><strong>Repotenciaci\u00f3n Subestaci\u00f3n<\/strong><strong><\/strong><\/p>\n\n\n\n<p>El pasado mes de octubre, EDEEste realiz\u00f3 una importante mejora en la infraestructura el\u00e9ctrica de Hato Mayor con la repotenciaci\u00f3n de su subestaci\u00f3n mediante la instalaci\u00f3n de un nuevo transformador. Esta inversi\u00f3n ha significado una notable mejor\u00eda en la calidad del servicio el\u00e9ctrico, optimizando el suministro para hogares, negocios y comunidades de la zona.<\/p>\n\n\n\n<p>EDEEste garantiza seguir\u00e1 trabajando con determinaci\u00f3n para garantizar la satisfacci\u00f3n de sus clientes y mantener un servicio el\u00e9ctrico confiable y eficiente.<\/p>\n\n\n\n<p>Grupo EDEEste<\/p>\n\n\n\n<p>#EDEEste<\/p>\n","protected":false},"excerpt":{"rendered":"<p>Hato Mayor, Rep\u00fablica Dominicana. \u2013 La empresa distribuidora de electricidad EDEEste inform\u00f3 que recibi\u00f3 el jueves a representantes de la comunidad de Hato Mayor, quienes realizaron una marcha pac\u00edfica para expresar sus preocupaciones sobre los procesos de facturaci\u00f3n en la localidad. Durante el encuentro, los comunitarios presentaron sus inquietudes y casos espec\u00edficos relacionados con el [&hellip;]<\/p>\n","protected":false},"author":7,"featured_media":582152,"comment_status":"closed","ping_status":"closed","sticky":false,"template":"","format":"standard","meta":{"footnotes":""},"categories":[36,18],"tags":[751],"class_list":["post-582135","post","type-post","status-publish","format-standard","has-post-thumbnail","hentry","category-hombresmujeresycosas","category-economia","tag-edeeste"],"_links":{"self":[{"href":"https:\/\/diariodominicano.com\/index.php?rest_route=\/wp\/v2\/posts\/582135","targetHints":{"allow":["GET"]}}],"collection":[{"href":"https:\/\/diariodominicano.com\/index.php?rest_route=\/wp\/v2\/posts"}],"about":[{"href":"https:\/\/diariodominicano.com\/index.php?rest_route=\/wp\/v2\/types\/post"}],"author":[{"embeddable":true,"href":"https:\/\/diariodominicano.com\/index.php?rest_route=\/wp\/v2\/users\/7"}],"replies":[{"embeddable":true,"href":"https:\/\/diariodominicano.com\/index.php?rest_route=%2Fwp%2Fv2%2Fcomments&post=582135"}],"version-history":[{"count":3,"href":"https:\/\/diariodominicano.com\/index.php?rest_route=\/wp\/v2\/posts\/582135\/revisions"}],"predecessor-version":[{"id":582181,"href":"https:\/\/diariodominicano.com\/index.php?rest_route=\/wp\/v2\/posts\/582135\/revisions\/582181"}],"wp:featuredmedia":[{"embeddable":true,"href":"https:\/\/diariodominicano.com\/index.php?rest_route=\/wp\/v2\/media\/582152"}],"wp:attachment":[{"href":"https:\/\/diariodominicano.com\/index.php?rest_route=%2Fwp%2Fv2%2Fmedia&parent=582135"}],"wp:term":[{"taxonomy":"category","embeddable":true,"href":"https:\/\/diariodominicano.com\/index.php?rest_route=%2Fwp%2Fv2%2Fcategories&post=582135"},{"taxonomy":"post_tag","embeddable":true,"href":"https:\/\/diariodominicano.com\/index.php?rest_route=%2Fwp%2Fv2%2Ftags&post=582135"}],"curies":[{"name":"wp","href":"https:\/\/api.w.org\/{rel}","templated":true}]}}