{"id":582134,"date":"2024-12-12T14:10:21","date_gmt":"2024-12-12T18:10:21","guid":{"rendered":"https:\/\/diariodominicano.com\/?p=582134"},"modified":"2026-01-02T18:18:04","modified_gmt":"2026-01-02T22:18:04","slug":"alcaldia-sde-recibe-donacion-de-vehiculo-electrico-de-cenntro-electric-y-zero-emision-rd","status":"publish","type":"post","link":"https:\/\/diariodominicano.com\/?p=582134","title":{"rendered":"Alcaldia SDE recibe donaci\u00f3n de veh\u00edculo el\u00e9ctrico de Cenntro Electric y Zero Emisi\u00f3n RD"},"content":{"rendered":"\n<p>Santo Domingo Este.-En un significativo acto celebrado este mi\u00e9rcoles en la explanada frontal del Palacio Municipal de la Alcald\u00eda de SDE, el alcalde D\u00edo Astacio recibi\u00f3 la donaci\u00f3n de un veh\u00edculo el\u00e9ctrico Cenntro Teemak de parte de las empresas Zero Emisi\u00f3n RD y Cenntro El\u00e9ctric, un aporte trascendental para el desarrollo sostenible de la ciudad y un esfuerzo conjunto para convertir SDE en la primera ciudad libre de emisiones de di\u00f3xido de carbono en la Rep\u00fablica Dominicana para sus operaciones de aseo urbano.<\/p>\n\n\n\n<figure class=\"wp-block-gallery has-nested-images columns-default is-cropped wp-block-gallery-1 is-layout-flex wp-block-gallery-is-layout-flex\">\n<figure class=\"wp-block-image size-large\"><img loading=\"lazy\" decoding=\"async\" width=\"1024\" height=\"804\" data-id=\"582148\" src=\"https:\/\/diariodominicano.com\/wp-content\/uploads\/2024\/12\/Alcaldia-SDE-recibe-donacion-de-vehiculo-electrico-de-Cenntro-Electric-y-Zero-Emision-RD-2-1024x804.jpeg\" alt=\"\" class=\"wp-image-582148\" srcset=\"https:\/\/diariodominicano.com\/wp-content\/uploads\/2024\/12\/Alcaldia-SDE-recibe-donacion-de-vehiculo-electrico-de-Cenntro-Electric-y-Zero-Emision-RD-2-1024x804.jpeg 1024w, https:\/\/diariodominicano.com\/wp-content\/uploads\/2024\/12\/Alcaldia-SDE-recibe-donacion-de-vehiculo-electrico-de-Cenntro-Electric-y-Zero-Emision-RD-2-300x235.jpeg 300w, https:\/\/diariodominicano.com\/wp-content\/uploads\/2024\/12\/Alcaldia-SDE-recibe-donacion-de-vehiculo-electrico-de-Cenntro-Electric-y-Zero-Emision-RD-2-768x603.jpeg 768w, https:\/\/diariodominicano.com\/wp-content\/uploads\/2024\/12\/Alcaldia-SDE-recibe-donacion-de-vehiculo-electrico-de-Cenntro-Electric-y-Zero-Emision-RD-2-816x640.jpeg 816w, https:\/\/diariodominicano.com\/wp-content\/uploads\/2024\/12\/Alcaldia-SDE-recibe-donacion-de-vehiculo-electrico-de-Cenntro-Electric-y-Zero-Emision-RD-2.jpeg 1325w\" sizes=\"auto, (max-width: 1024px) 100vw, 1024px\" \/><\/figure>\n<\/figure>\n\n\n\n<p>El veh\u00edculo, dise\u00f1ado para servicios urbanos y de aseo en espacios reducidos y de dif\u00edcil acceso, simboliza el compromiso de las empresas y del gobierno municipal con la movilidad sostenible.<\/p>\n\n\n\n<p>El alcalde D\u00edo Astacio, recibi\u00f3 con entusiasmo la donaci\u00f3n y reafirm\u00f3 su compromiso con el desarrollo de iniciativas que beneficien a la comunidad y al medio ambiente. \u201cEsta colaboraci\u00f3n es un ejemplo de c\u00f3mo el sector privado puede contribuir significativamente al bienestar de nuestra ciudad. Este veh\u00edculo es un paso importante hacia nuestro objetivo de construir un Santo Domingo Este sostenible y libre de contaminaci\u00f3n\u201d .<\/p>\n\n\n\n<figure class=\"wp-block-gallery has-nested-images columns-default is-cropped wp-block-gallery-2 is-layout-flex wp-block-gallery-is-layout-flex\">\n<figure class=\"wp-block-image size-large\"><img loading=\"lazy\" decoding=\"async\" width=\"1024\" height=\"765\" data-id=\"582149\" src=\"https:\/\/diariodominicano.com\/wp-content\/uploads\/2024\/12\/Alcaldia-SDE-recibe-donacion-de-vehiculo-electrico-de-Cenntro-Electric-y-Zero-Emision-RD-1-1024x765.jpeg\" alt=\"\" class=\"wp-image-582149\" srcset=\"https:\/\/diariodominicano.com\/wp-content\/uploads\/2024\/12\/Alcaldia-SDE-recibe-donacion-de-vehiculo-electrico-de-Cenntro-Electric-y-Zero-Emision-RD-1-1024x765.jpeg 1024w, https:\/\/diariodominicano.com\/wp-content\/uploads\/2024\/12\/Alcaldia-SDE-recibe-donacion-de-vehiculo-electrico-de-Cenntro-Electric-y-Zero-Emision-RD-1-300x224.jpeg 300w, https:\/\/diariodominicano.com\/wp-content\/uploads\/2024\/12\/Alcaldia-SDE-recibe-donacion-de-vehiculo-electrico-de-Cenntro-Electric-y-Zero-Emision-RD-1-768x574.jpeg 768w, https:\/\/diariodominicano.com\/wp-content\/uploads\/2024\/12\/Alcaldia-SDE-recibe-donacion-de-vehiculo-electrico-de-Cenntro-Electric-y-Zero-Emision-RD-1-1536x1148.jpeg 1536w, https:\/\/diariodominicano.com\/wp-content\/uploads\/2024\/12\/Alcaldia-SDE-recibe-donacion-de-vehiculo-electrico-de-Cenntro-Electric-y-Zero-Emision-RD-1-816x610.jpeg 816w, https:\/\/diariodominicano.com\/wp-content\/uploads\/2024\/12\/Alcaldia-SDE-recibe-donacion-de-vehiculo-electrico-de-Cenntro-Electric-y-Zero-Emision-RD-1.jpeg 1563w\" sizes=\"auto, (max-width: 1024px) 100vw, 1024px\" \/><\/figure>\n<\/figure>\n\n\n\n<p>Por su parte, el Ing. Billy Rafael Romero, presidente de Cenntro Electric, detall\u00f3 las caracter\u00edsticas del veh\u00edculo donado, al precisar que \u201cel Cenntro Teemak es un veh\u00edculo vers\u00e1til que puede configurarse como camioneta o volteo. Con esta donaci\u00f3n, buscamos no solo fortalecer la infraestructura de servicios del municipio, sino tambi\u00e9n demostrar la amplia gama de opciones de movilidad 100 % el\u00e9ctrica disponibles en el pa\u00eds.\u201d<\/p>\n\n\n\n<figure class=\"wp-block-gallery has-nested-images columns-default is-cropped wp-block-gallery-3 is-layout-flex wp-block-gallery-is-layout-flex\">\n<figure class=\"wp-block-image size-large\"><img loading=\"lazy\" decoding=\"async\" width=\"1024\" height=\"708\" data-id=\"582147\" src=\"https:\/\/diariodominicano.com\/wp-content\/uploads\/2024\/12\/Alcaldia-SDE-recibe-donacion-de-vehiculo-electrico-Cenntro-Electric-y-Zero-Emision-RD-1-1024x708.jpeg\" alt=\"\" class=\"wp-image-582147\" srcset=\"https:\/\/diariodominicano.com\/wp-content\/uploads\/2024\/12\/Alcaldia-SDE-recibe-donacion-de-vehiculo-electrico-Cenntro-Electric-y-Zero-Emision-RD-1-1024x708.jpeg 1024w, https:\/\/diariodominicano.com\/wp-content\/uploads\/2024\/12\/Alcaldia-SDE-recibe-donacion-de-vehiculo-electrico-Cenntro-Electric-y-Zero-Emision-RD-1-300x207.jpeg 300w, https:\/\/diariodominicano.com\/wp-content\/uploads\/2024\/12\/Alcaldia-SDE-recibe-donacion-de-vehiculo-electrico-Cenntro-Electric-y-Zero-Emision-RD-1-768x531.jpeg 768w, https:\/\/diariodominicano.com\/wp-content\/uploads\/2024\/12\/Alcaldia-SDE-recibe-donacion-de-vehiculo-electrico-Cenntro-Electric-y-Zero-Emision-RD-1-1536x1062.jpeg 1536w, https:\/\/diariodominicano.com\/wp-content\/uploads\/2024\/12\/Alcaldia-SDE-recibe-donacion-de-vehiculo-electrico-Cenntro-Electric-y-Zero-Emision-RD-1-816x564.jpeg 816w, https:\/\/diariodominicano.com\/wp-content\/uploads\/2024\/12\/Alcaldia-SDE-recibe-donacion-de-vehiculo-electrico-Cenntro-Electric-y-Zero-Emision-RD-1.jpeg 1600w\" sizes=\"auto, (max-width: 1024px) 100vw, 1024px\" \/><\/figure>\n<\/figure>\n\n\n\n<p>Mientras que, Charles S\u00e1nchez, representante de Zero Emisi\u00f3n RD, destac\u00f3 que \u201cpara nosotros es un gran honor aportar a la labor de D\u00edo Astacio, un alcalde comprometido con Santo Domingo Este y dispuesto a levantar el municipio. Nos unimos a la meta de reducir las emisiones de carbono, promoviendo la movilidad sostenible.\u201d<\/p>\n\n\n\n<figure class=\"wp-block-gallery has-nested-images columns-default is-cropped wp-block-gallery-4 is-layout-flex wp-block-gallery-is-layout-flex\">\n<figure class=\"wp-block-image size-large\"><img loading=\"lazy\" decoding=\"async\" width=\"952\" height=\"1024\" data-id=\"582150\" src=\"https:\/\/diariodominicano.com\/wp-content\/uploads\/2024\/12\/Alcaldia-SDE-recibe-donacion-vehiculo-electrico-Cenntro-Electric-y-Zero-Emision-RD-1-952x1024.jpeg\" alt=\"\" class=\"wp-image-582150\" srcset=\"https:\/\/diariodominicano.com\/wp-content\/uploads\/2024\/12\/Alcaldia-SDE-recibe-donacion-vehiculo-electrico-Cenntro-Electric-y-Zero-Emision-RD-1-952x1024.jpeg 952w, https:\/\/diariodominicano.com\/wp-content\/uploads\/2024\/12\/Alcaldia-SDE-recibe-donacion-vehiculo-electrico-Cenntro-Electric-y-Zero-Emision-RD-1-279x300.jpeg 279w, https:\/\/diariodominicano.com\/wp-content\/uploads\/2024\/12\/Alcaldia-SDE-recibe-donacion-vehiculo-electrico-Cenntro-Electric-y-Zero-Emision-RD-1-768x826.jpeg 768w, https:\/\/diariodominicano.com\/wp-content\/uploads\/2024\/12\/Alcaldia-SDE-recibe-donacion-vehiculo-electrico-Cenntro-Electric-y-Zero-Emision-RD-1-1427x1536.jpeg 1427w, https:\/\/diariodominicano.com\/wp-content\/uploads\/2024\/12\/Alcaldia-SDE-recibe-donacion-vehiculo-electrico-Cenntro-Electric-y-Zero-Emision-RD-1-816x878.jpeg 816w, https:\/\/diariodominicano.com\/wp-content\/uploads\/2024\/12\/Alcaldia-SDE-recibe-donacion-vehiculo-electrico-Cenntro-Electric-y-Zero-Emision-RD-1.jpeg 1486w\" sizes=\"auto, (max-width: 952px) 100vw, 952px\" \/><\/figure>\n<\/figure>\n\n\n\n<p>La ceremonia, tambi\u00e9n cont\u00f3 con la asistencia de una delegaci\u00f3n de la alcald\u00eda y representantes de ambas empresas, consolidando el compromiso conjunto de impulsar la transici\u00f3n hacia un futuro m\u00e1s verde. Este esfuerzo marca el inicio de un ambicioso plan para posicionar a Santo Domingo Este como l\u00edder en movilidad sostenible en la regi\u00f3n.<\/p>\n\n\n\n<p>Aniana Guzm\u00e1n <\/p>\n","protected":false},"excerpt":{"rendered":"<p>Santo Domingo Este.-En un significativo acto celebrado este mi\u00e9rcoles en la explanada frontal del Palacio Municipal de la Alcald\u00eda de SDE, el alcalde D\u00edo Astacio recibi\u00f3 la donaci\u00f3n de un veh\u00edculo el\u00e9ctrico Cenntro Teemak de parte de las empresas Zero Emisi\u00f3n RD y Cenntro El\u00e9ctric, un aporte trascendental para el desarrollo sostenible de la ciudad [&hellip;]<\/p>\n","protected":false},"author":7,"featured_media":582151,"comment_status":"closed","ping_status":"closed","sticky":false,"template":"","format":"standard","meta":{"footnotes":""},"categories":[20],"tags":[2137],"class_list":["post-582134","post","type-post","status-publish","format-standard","has-post-thumbnail","hentry","category-dominicana-hoy","tag-alcaldia-sde-2"],"_links":{"self":[{"href":"https:\/\/diariodominicano.com\/index.php?rest_route=\/wp\/v2\/posts\/582134","targetHints":{"allow":["GET"]}}],"collection":[{"href":"https:\/\/diariodominicano.com\/index.php?rest_route=\/wp\/v2\/posts"}],"about":[{"href":"https:\/\/diariodominicano.com\/index.php?rest_route=\/wp\/v2\/types\/post"}],"author":[{"embeddable":true,"href":"https:\/\/diariodominicano.com\/index.php?rest_route=\/wp\/v2\/users\/7"}],"replies":[{"embeddable":true,"href":"https:\/\/diariodominicano.com\/index.php?rest_route=%2Fwp%2Fv2%2Fcomments&post=582134"}],"version-history":[{"count":2,"href":"https:\/\/diariodominicano.com\/index.php?rest_route=\/wp\/v2\/posts\/582134\/revisions"}],"predecessor-version":[{"id":582157,"href":"https:\/\/diariodominicano.com\/index.php?rest_route=\/wp\/v2\/posts\/582134\/revisions\/582157"}],"wp:featuredmedia":[{"embeddable":true,"href":"https:\/\/diariodominicano.com\/index.php?rest_route=\/wp\/v2\/media\/582151"}],"wp:attachment":[{"href":"https:\/\/diariodominicano.com\/index.php?rest_route=%2Fwp%2Fv2%2Fmedia&parent=582134"}],"wp:term":[{"taxonomy":"category","embeddable":true,"href":"https:\/\/diariodominicano.com\/index.php?rest_route=%2Fwp%2Fv2%2Fcategories&post=582134"},{"taxonomy":"post_tag","embeddable":true,"href":"https:\/\/diariodominicano.com\/index.php?rest_route=%2Fwp%2Fv2%2Ftags&post=582134"}],"curies":[{"name":"wp","href":"https:\/\/api.w.org\/{rel}","templated":true}]}}