{"id":581879,"date":"2024-12-11T15:36:06","date_gmt":"2024-12-11T19:36:06","guid":{"rendered":"https:\/\/diariodominicano.com\/?p=581879"},"modified":"2024-12-11T15:38:15","modified_gmt":"2024-12-11T19:38:15","slug":"popular-ofrecera-el-milagro-de-la-navidad-los-domingos-15-22-y-miercoles-25-de-diciembre","status":"publish","type":"post","link":"https:\/\/diariodominicano.com\/?p=581879","title":{"rendered":"Popular ofrecer\u00e1 el Milagro de la Navidad los domingos 15, 22 y mi\u00e9rcoles 25 de diciembre"},"content":{"rendered":"\n<p><strong>El tradicional espect\u00e1culo es un regalo para la familia dominicana<\/strong><\/p>\n\n\n\n<p>Santo Domingo. D.N. \u2013&nbsp;El Banco Popular Dominicano invit\u00f3 a todas las familias a disfrutar de una nueva edici\u00f3n del Milagro de la Navidad, su tradicional espect\u00e1culo navide\u00f1o, que se ha mantenido vigente por m\u00e1s de tres d\u00e9cadas y que en esta ocasi\u00f3n se representar\u00e1 de forma gratuita los domingos 15 y 22, y el mi\u00e9rcoles 25 de diciembre, D\u00eda de la Navidad, en el complejo de la Torre Popular.<\/p>\n\n\n\n<p>Como cada a\u00f1o, la entidad espera recibir la asistencia de miles de personas, adultos y ni\u00f1os, que disfrutan este montaje teatral, en el que se recrea el nacimiento del ni\u00f1o Jes\u00fas y que se trata de un regalo espiritual del Popular a la sociedad dominicana.<\/p>\n\n\n\n<figure class=\"wp-block-gallery has-nested-images columns-default is-cropped wp-block-gallery-1 is-layout-flex wp-block-gallery-is-layout-flex\">\n<figure class=\"wp-block-image size-large\"><img loading=\"lazy\" decoding=\"async\" width=\"973\" height=\"649\" data-id=\"581905\" src=\"https:\/\/diariodominicano.com\/wp-content\/uploads\/2024\/12\/Mas-de-una-treintena-de-actores-y-miembros-del-Coro-Popular-todos-empleados-del-Banco-Popular-y-sus-hijos-son-los-encargados-de-representar-este-nacimiento-viviente.png\" alt=\"\" class=\"wp-image-581905\" srcset=\"https:\/\/diariodominicano.com\/wp-content\/uploads\/2024\/12\/Mas-de-una-treintena-de-actores-y-miembros-del-Coro-Popular-todos-empleados-del-Banco-Popular-y-sus-hijos-son-los-encargados-de-representar-este-nacimiento-viviente.png 973w, https:\/\/diariodominicano.com\/wp-content\/uploads\/2024\/12\/Mas-de-una-treintena-de-actores-y-miembros-del-Coro-Popular-todos-empleados-del-Banco-Popular-y-sus-hijos-son-los-encargados-de-representar-este-nacimiento-viviente-300x200.png 300w, https:\/\/diariodominicano.com\/wp-content\/uploads\/2024\/12\/Mas-de-una-treintena-de-actores-y-miembros-del-Coro-Popular-todos-empleados-del-Banco-Popular-y-sus-hijos-son-los-encargados-de-representar-este-nacimiento-viviente-768x512.png 768w, https:\/\/diariodominicano.com\/wp-content\/uploads\/2024\/12\/Mas-de-una-treintena-de-actores-y-miembros-del-Coro-Popular-todos-empleados-del-Banco-Popular-y-sus-hijos-son-los-encargados-de-representar-este-nacimiento-viviente-816x544.png 816w\" sizes=\"auto, (max-width: 973px) 100vw, 973px\" \/><\/figure>\n<\/figure>\n\n\n\n<p>Para varias generaciones el mensaje de paz, armon\u00eda e integraci\u00f3n familiar de esta obra se ha convertido en una tradici\u00f3n de la Navidad dominicana.<\/p>\n\n\n\n<p>M\u00e1s de una treintena de actores y miembros del Coro Popular, todos empleados del Banco Popular y sus hijos, son los encargados de representar este nacimiento viviente. La autor\u00eda del libreto, la direcci\u00f3n del elenco y la puesta en escena corren a cargo del\u00a0dramaturgo Iv\u00e1n Garc\u00eda.<\/p>\n\n\n\n<figure class=\"wp-block-gallery has-nested-images columns-default is-cropped wp-block-gallery-2 is-layout-flex wp-block-gallery-is-layout-flex\">\n<figure class=\"wp-block-image size-large\"><img loading=\"lazy\" decoding=\"async\" width=\"595\" height=\"397\" data-id=\"581904\" src=\"https:\/\/diariodominicano.com\/wp-content\/uploads\/2024\/12\/El-Milagro-de-la-Navidad-lleva-un-mensaje-de-paz-armonia-e-integracion-familiar.png\" alt=\"\" class=\"wp-image-581904\" srcset=\"https:\/\/diariodominicano.com\/wp-content\/uploads\/2024\/12\/El-Milagro-de-la-Navidad-lleva-un-mensaje-de-paz-armonia-e-integracion-familiar.png 595w, https:\/\/diariodominicano.com\/wp-content\/uploads\/2024\/12\/El-Milagro-de-la-Navidad-lleva-un-mensaje-de-paz-armonia-e-integracion-familiar-300x200.png 300w\" sizes=\"auto, (max-width: 595px) 100vw, 595px\" \/><\/figure>\n<\/figure>\n\n\n\n<p>Las tres funciones de esta obra, que alcanza su trig\u00e9simo tercera edici\u00f3n, iniciar\u00e1n a partir de las 6:30 de la tarde, culminando con una exhibici\u00f3n de fuegos artificiales que siempre hacen las delicias de mayores y peque\u00f1os.<\/p>\n\n\n\n<p><strong>Vicepresidencia Ejecutiva<\/strong><\/p>\n\n\n\n<p><strong>Comunicaciones Corporativas, Reputaci\u00f3n y Banca Responsable<\/strong><\/p>\n\n\n\n<p><strong>Grupo Popular, S. A.<\/strong><\/p>\n","protected":false},"excerpt":{"rendered":"<p>El tradicional espect\u00e1culo es un regalo para la familia dominicana Santo Domingo. D.N. \u2013&nbsp;El Banco Popular Dominicano invit\u00f3 a todas las familias a disfrutar de una nueva edici\u00f3n del Milagro de la Navidad, su tradicional espect\u00e1culo navide\u00f1o, que se ha mantenido vigente por m\u00e1s de tres d\u00e9cadas y que en esta ocasi\u00f3n se representar\u00e1 de [&hellip;]<\/p>\n","protected":false},"author":7,"featured_media":581906,"comment_status":"closed","ping_status":"closed","sticky":false,"template":"","format":"standard","meta":{"footnotes":""},"categories":[21],"tags":[666],"class_list":["post-581879","post","type-post","status-publish","format-standard","has-post-thumbnail","hentry","category-cultura","tag-banco-popular-dominicano"],"_links":{"self":[{"href":"https:\/\/diariodominicano.com\/index.php?rest_route=\/wp\/v2\/posts\/581879","targetHints":{"allow":["GET"]}}],"collection":[{"href":"https:\/\/diariodominicano.com\/index.php?rest_route=\/wp\/v2\/posts"}],"about":[{"href":"https:\/\/diariodominicano.com\/index.php?rest_route=\/wp\/v2\/types\/post"}],"author":[{"embeddable":true,"href":"https:\/\/diariodominicano.com\/index.php?rest_route=\/wp\/v2\/users\/7"}],"replies":[{"embeddable":true,"href":"https:\/\/diariodominicano.com\/index.php?rest_route=%2Fwp%2Fv2%2Fcomments&post=581879"}],"version-history":[{"count":1,"href":"https:\/\/diariodominicano.com\/index.php?rest_route=\/wp\/v2\/posts\/581879\/revisions"}],"predecessor-version":[{"id":581907,"href":"https:\/\/diariodominicano.com\/index.php?rest_route=\/wp\/v2\/posts\/581879\/revisions\/581907"}],"wp:featuredmedia":[{"embeddable":true,"href":"https:\/\/diariodominicano.com\/index.php?rest_route=\/wp\/v2\/media\/581906"}],"wp:attachment":[{"href":"https:\/\/diariodominicano.com\/index.php?rest_route=%2Fwp%2Fv2%2Fmedia&parent=581879"}],"wp:term":[{"taxonomy":"category","embeddable":true,"href":"https:\/\/diariodominicano.com\/index.php?rest_route=%2Fwp%2Fv2%2Fcategories&post=581879"},{"taxonomy":"post_tag","embeddable":true,"href":"https:\/\/diariodominicano.com\/index.php?rest_route=%2Fwp%2Fv2%2Ftags&post=581879"}],"curies":[{"name":"wp","href":"https:\/\/api.w.org\/{rel}","templated":true}]}}