{"id":581866,"date":"2024-12-11T11:24:20","date_gmt":"2024-12-11T15:24:20","guid":{"rendered":"https:\/\/diariodominicano.com\/?p=581866"},"modified":"2024-12-11T11:24:29","modified_gmt":"2024-12-11T15:24:29","slug":"opc-expresa-indignacion-y-tristeza-muerte-a-machetazos-de-184-ancianos-por-pandilla-influenciada-por-sacerdote-vudu","status":"publish","type":"post","link":"https:\/\/diariodominicano.com\/?p=581866","title":{"rendered":"OPC expresa indignaci\u00f3n y tristeza\u00a0 muerte a machetazos de 184 ancianos por  pandilla influenciada por sacerdote vud\u00fa"},"content":{"rendered":"\n<p>diariodominicano.com<\/p>\n\n\n\n<p>Puerto Pr\u00edncipe, 11 dic (Prensa Latina) La Oficina para la Protecci\u00f3n del Ciudadano (OPC) se sum\u00f3 hoy al dolor de la ciudadan\u00eda que repudia una masacre de 184 adultos mayores en Hait\u00ed.<\/p>\n\n\n\n<p>En su nota la OPC expres\u00f3 su indignaci\u00f3n y tristeza por lo acontecido en Wharf J\u00e9r\u00e9mie, en Cit\u00e9 Soleil.<\/p>\n\n\n\n<p>\u00abEstos actos inhumanos (\u2026) constituyen una violaci\u00f3n flagrante de los derechos humanos y una afrenta a la dignidad humana\u00bb, denunci\u00f3 la entidad.<\/p>\n\n\n\n<p>Las personas mayores que tanto aportaron a la sociedad, merecen respeto y protecci\u00f3n, y no ser v\u00edctimas de una violencia inaceptable. Esta masacre es un acto de barbarie que no puede quedar impune, subray\u00f3 el texto de la OPC citada por la versi\u00f3n digital del Le Nouvelliste.<\/p>\n\n\n\n<p>Este comunicado de la OPC fue emitido en medio de la consternaci\u00f3n de la ciudadan\u00eda haitiana por la muerte a machetazos de 184 adultos mayores a manos de una pandilla, cuyo jefe fue influenciado por un sacerdote vud\u00fa.<\/p>\n\n\n\n<p>El hijo del g\u00e1nster Micanor Altes alias Wa Mikano estaba muriendo, y el l\u00edder religioso le dijo que su desgracia era debido a que los practicantes de la brujer\u00eda lanzaron un hechizo mortal contra su descendiente, y lo enfermaron hasta dejarlo moribundo.<\/p>\n\n\n\n<p>Este chico muri\u00f3, y su padre en venganza localiz\u00f3 a todos los brujeros que pudo, y con su banda y a filo de machete acab\u00f3 con esas personas mayores, precis\u00f3 en un parte preliminar la Red Nacional de Derechos Humanos en Hait\u00ed.<\/p>\n\n\n\n<p>La masacre comenz\u00f3 el s\u00e1bado y culmin\u00f3 el domingo en el sector Wharf Jeremie de Cit\u00e9 Soleil en Puerto Pr\u00edncipe.<\/p>\n\n\n\n<p>mem\/joe<\/p>\n","protected":false},"excerpt":{"rendered":"<p>diariodominicano.com Puerto Pr\u00edncipe, 11 dic (Prensa Latina) La Oficina para la Protecci\u00f3n del Ciudadano (OPC) se sum\u00f3 hoy al dolor de la ciudadan\u00eda que repudia una masacre de 184 adultos mayores en Hait\u00ed. En su nota la OPC expres\u00f3 su indignaci\u00f3n y tristeza por lo acontecido en Wharf J\u00e9r\u00e9mie, en Cit\u00e9 Soleil. \u00abEstos actos inhumanos [&hellip;]<\/p>\n","protected":false},"author":5,"featured_media":581867,"comment_status":"closed","ping_status":"closed","sticky":true,"template":"","format":"standard","meta":{"footnotes":""},"categories":[112,23,27],"tags":[],"class_list":["post-581866","post","type-post","status-publish","format-standard","has-post-thumbnail","hentry","category-haiti","category-internacional","category-portada"],"_links":{"self":[{"href":"https:\/\/diariodominicano.com\/index.php?rest_route=\/wp\/v2\/posts\/581866","targetHints":{"allow":["GET"]}}],"collection":[{"href":"https:\/\/diariodominicano.com\/index.php?rest_route=\/wp\/v2\/posts"}],"about":[{"href":"https:\/\/diariodominicano.com\/index.php?rest_route=\/wp\/v2\/types\/post"}],"author":[{"embeddable":true,"href":"https:\/\/diariodominicano.com\/index.php?rest_route=\/wp\/v2\/users\/5"}],"replies":[{"embeddable":true,"href":"https:\/\/diariodominicano.com\/index.php?rest_route=%2Fwp%2Fv2%2Fcomments&post=581866"}],"version-history":[{"count":1,"href":"https:\/\/diariodominicano.com\/index.php?rest_route=\/wp\/v2\/posts\/581866\/revisions"}],"predecessor-version":[{"id":581868,"href":"https:\/\/diariodominicano.com\/index.php?rest_route=\/wp\/v2\/posts\/581866\/revisions\/581868"}],"wp:featuredmedia":[{"embeddable":true,"href":"https:\/\/diariodominicano.com\/index.php?rest_route=\/wp\/v2\/media\/581867"}],"wp:attachment":[{"href":"https:\/\/diariodominicano.com\/index.php?rest_route=%2Fwp%2Fv2%2Fmedia&parent=581866"}],"wp:term":[{"taxonomy":"category","embeddable":true,"href":"https:\/\/diariodominicano.com\/index.php?rest_route=%2Fwp%2Fv2%2Fcategories&post=581866"},{"taxonomy":"post_tag","embeddable":true,"href":"https:\/\/diariodominicano.com\/index.php?rest_route=%2Fwp%2Fv2%2Ftags&post=581866"}],"curies":[{"name":"wp","href":"https:\/\/api.w.org\/{rel}","templated":true}]}}