{"id":581853,"date":"2024-12-11T11:11:40","date_gmt":"2024-12-11T15:11:40","guid":{"rendered":"https:\/\/diariodominicano.com\/?p=581853"},"modified":"2024-12-11T11:11:50","modified_gmt":"2024-12-11T15:11:50","slug":"republica-dominicana-fortalece-su-representacion-en-el-liderazgo-del-sector-bancario-regional","status":"publish","type":"post","link":"https:\/\/diariodominicano.com\/?p=581853","title":{"rendered":"Rep\u00fablica Dominicana fortalece su representaci\u00f3n en el liderazgo del sector bancario regional"},"content":{"rendered":"\n<p>diariodominicano.com<\/p>\n\n\n\n<p><strong>Santo Domingo, R. D.,<\/strong>\u2002<strong>11 de diciembre, 2024.\u2013<\/strong>\u00a0A trav\u00e9s de la Asociaci\u00f3n de Bancos M\u00faltiples de la Rep\u00fablica Dominicana (ABA), el pa\u00eds ha fortalecido su liderazgo en el sector bancario regional con la designaci\u00f3n de varios de sus ejecutivos en la directiva de comit\u00e9s especializados en la Federaci\u00f3n Latinoamericana de Bancos (Felaban), logros que implican no solo una proyecci\u00f3n de la naci\u00f3n y de la banca dominicana, sino tambi\u00e9n el desarrollo de iniciativas en favor de las mejores pr\u00e1cticas.<\/p>\n\n\n\n<p>La ABA inform\u00f3 que durante las versiones de sendos c\u00f3nclaves realizados en el \u00faltimo semestre de este a\u00f1o, fue escogido Manuel Gonz\u00e1lez Mart\u00ednez, director t\u00e9cnico de la ABA, como vicepresidente del Comit\u00e9 Latinoamericano de Riesgo (CLAR). Mientras, Dalma Hern\u00e1ndez Flori\u00e1n, gerente de Banca Social y Relaciones Interinstitucionales, result\u00f3 electa como presidenta del&nbsp;Comit\u00e9 de Banca Sostenible e Inclusiva, ambos para el per\u00edodo 2024-2026.<\/p>\n\n\n\n<p>En el Comit\u00e9 de Riesgos se realizan consultas e intercambios de conocimientos sobre el panorama bancario y financiero de la regi\u00f3n y los riesgos relacionados con el portafolio de inversiones, normas NIIF, morosidad, valor razonable, as\u00ed como con los sistemas de pago y la seguridad sus operaciones, detall\u00f3 Gonz\u00e1lez Mart\u00ednez.&nbsp;&nbsp;<\/p>\n\n\n\n<p>De su lado, Hern\u00e1ndez explic\u00f3 que al Comit\u00e9 de Banca Sostenible e Inclusiva le corresponde trabajar para la promoci\u00f3n de pr\u00e1cticas, iniciativas y estrategias de sostenibilidad y financiamiento inclusivo dentro del sector bancario en Am\u00e9rica Latina, desarrollar alianzas para fomentar la implementaci\u00f3n de pol\u00edticas atinentes a dicha tem\u00e1tica e incentivar la producci\u00f3n de documentos para la adopci\u00f3n de pr\u00e1cticas sostenibles.<\/p>\n\n\n\n<p>La ABA record\u00f3 que Lidia Ure\u00f1a, gerente senior de Regulaci\u00f3n, preside el Comit\u00e9 Latinoamericano de Prevenci\u00f3n del Lavado de Activos y Financiamiento del Terrorismo (COPLAFT) e inform\u00f3 que recientemente fue escogida en la vicepresidencia del Comit\u00e9 Latinoamericano de Fideicomiso (COLAFI), ambos cargos para el per\u00edodo 2024-2026.<\/p>\n\n\n\n<p>En un documento de prensa, la Asociaci\u00f3n de Bancos expuso que su presidenta ejecutiva, Rosanna Ruiz, concluy\u00f3 en noviembre pasado un per\u00edodo de dos a\u00f1os como vicepresidenta de Felaban, organismo integrado por una veintena de asociaciones y federaciones bancarias de Am\u00e9rica Latina.<\/p>\n\n\n\n<p>\u201cPara la ABA representa un honor y una gran responsabilidad ocupar estos puestos directivos en \u00f3rganos especializados de la banca regional y, al mismo tiempo, representa una muestra de la fortaleza y proactividad de la banca m\u00faltiple dominicana, que est\u00e1 siendo tomada en cuenta para estas posiciones\u201d, asever\u00f3 Ruiz.<\/p>\n\n\n\n<p>Puntualiz\u00f3 que estas designaciones conllevan un compromiso pa\u00eds que implica la sede de celebraci\u00f3n del Congreso Latinoamericano de Banca Sostenible e Inclusiva y\u00a0del II Congreso Latinoamericano de Desarrollo y Talento Humano (CLADE), ambos en 2025, y del Congreso Latinoamericano de Riesgo, previsto para 2026, eventos que ponen a la Rep\u00fablica Dominicana en el centro de atenci\u00f3n a nivel regional.<\/p>\n\n\n\n<p><strong>Comunicaciones ABA<\/strong><\/p>\n\n\n\n<p><strong>Direcci\u00f3n de Comunicaci\u00f3n y Marketing<\/strong><\/p>\n\n\n\n<p>11 de diciembre de 2024<\/p>\n\n\n\n<p><strong>Direcci\u00f3n de Comunicaci\u00f3n y Marketing<\/strong><\/p>\n","protected":false},"excerpt":{"rendered":"<p>diariodominicano.com Santo Domingo, R. D.,\u200211 de diciembre, 2024.\u2013\u00a0A trav\u00e9s de la Asociaci\u00f3n de Bancos M\u00faltiples de la Rep\u00fablica Dominicana (ABA), el pa\u00eds ha fortalecido su liderazgo en el sector bancario regional con la designaci\u00f3n de varios de sus ejecutivos en la directiva de comit\u00e9s especializados en la Federaci\u00f3n Latinoamericana de Bancos (Felaban), logros que implican [&hellip;]<\/p>\n","protected":false},"author":5,"featured_media":581864,"comment_status":"closed","ping_status":"closed","sticky":true,"template":"","format":"standard","meta":{"footnotes":""},"categories":[20,18,27],"tags":[],"class_list":["post-581853","post","type-post","status-publish","format-standard","has-post-thumbnail","hentry","category-dominicana-hoy","category-economia","category-portada"],"_links":{"self":[{"href":"https:\/\/diariodominicano.com\/index.php?rest_route=\/wp\/v2\/posts\/581853","targetHints":{"allow":["GET"]}}],"collection":[{"href":"https:\/\/diariodominicano.com\/index.php?rest_route=\/wp\/v2\/posts"}],"about":[{"href":"https:\/\/diariodominicano.com\/index.php?rest_route=\/wp\/v2\/types\/post"}],"author":[{"embeddable":true,"href":"https:\/\/diariodominicano.com\/index.php?rest_route=\/wp\/v2\/users\/5"}],"replies":[{"embeddable":true,"href":"https:\/\/diariodominicano.com\/index.php?rest_route=%2Fwp%2Fv2%2Fcomments&post=581853"}],"version-history":[{"count":1,"href":"https:\/\/diariodominicano.com\/index.php?rest_route=\/wp\/v2\/posts\/581853\/revisions"}],"predecessor-version":[{"id":581865,"href":"https:\/\/diariodominicano.com\/index.php?rest_route=\/wp\/v2\/posts\/581853\/revisions\/581865"}],"wp:featuredmedia":[{"embeddable":true,"href":"https:\/\/diariodominicano.com\/index.php?rest_route=\/wp\/v2\/media\/581864"}],"wp:attachment":[{"href":"https:\/\/diariodominicano.com\/index.php?rest_route=%2Fwp%2Fv2%2Fmedia&parent=581853"}],"wp:term":[{"taxonomy":"category","embeddable":true,"href":"https:\/\/diariodominicano.com\/index.php?rest_route=%2Fwp%2Fv2%2Fcategories&post=581853"},{"taxonomy":"post_tag","embeddable":true,"href":"https:\/\/diariodominicano.com\/index.php?rest_route=%2Fwp%2Fv2%2Ftags&post=581853"}],"curies":[{"name":"wp","href":"https:\/\/api.w.org\/{rel}","templated":true}]}}