{"id":581843,"date":"2024-12-11T10:06:26","date_gmt":"2024-12-11T14:06:26","guid":{"rendered":"https:\/\/diariodominicano.com\/?p=581843"},"modified":"2024-12-11T10:06:35","modified_gmt":"2024-12-11T14:06:35","slug":"aduanas-y-la-onec-firman-acuerdo-para-combatir-la-competencia-desleal","status":"publish","type":"post","link":"https:\/\/diariodominicano.com\/?p=581843","title":{"rendered":"Aduanas y la ONEC firman acuerdo para combatir la competencia desleal"},"content":{"rendered":"\n<p>diariodominicano.com<\/p>\n\n\n\n<p><strong>Santo Domingo, R. D.,<\/strong>\u2002<strong>11 de diciembre, 2024.\u2013<\/strong> \u00a0La Direcci\u00f3n General de Aduanas (DGA) y la Organizaci\u00f3n Nacional de Empresas Comerciales (ONEC) suscribieron un acuerdo de colaboraci\u00f3n de acciones conjuntas en la prevenci\u00f3n de situaciones que puedan dar lugar a actos de competencia desleal y comercio il\u00edcito en el marco de sus respectivos objetivos y funciones, as\u00ed como la promoci\u00f3n de pr\u00e1cticas transparentes y equitativas.<\/p>\n\n\n\n<p>El acuerdo fue firmado por Eduardo Sanz Lovat\u00f3n, director de la DGA y Pedro Lama Hach\u00e9, presidente de la ONEC, quienes se comprometieron a trabajar conjuntamente para que se tomen medidas efectivas en la lucha contra las actividades de comercio il\u00edcito y competencia desleal dentro del \u00e1mbito aduanero.<\/p>\n\n\n\n<p>A tales fines, identificar\u00e1n proyectos y programas con el objetivo de promover el adecuado cumplimiento de las normativas y operaciones aduaneras.<\/p>\n\n\n\n<p>El director general de Aduanas, Eduardo Sanz Lovat\u00f3n, indic\u00f3 que en la instituci\u00f3n que el dirige en los \u00faltimos a\u00f1os se ha trabajado en muchos cambios que van desde la instalaci\u00f3n de un novedoso Motor de Riesgo en la parte operativa, los esc\u00e1ner de Rayos X, as\u00ed como tambi\u00e9n, nuevos instrumentos jur\u00eddicos para enfrentar este flagelo.<\/p>\n\n\n\n<p>\u201cLa lucha entre el mercado formal, el comercio formal y el comercio informal no es un terreno exclusivo de la Rep\u00fablica Dominicana, es una realidad mundial, es una realidad que le hace much\u00edsimo da\u00f1o a las econom\u00edas del mundo, y nosotros no somos la excepci\u00f3n\u201d, explic\u00f3 Sanz Lovat\u00f3n.<\/p>\n\n\n\n<p>De su lado, Pedro Lama Hach\u00e9, expres\u00f3 que \u201ccon este acuerdo se reafirma el compromiso del sector comercial de colaborar con los aliados del Gobierno para<\/p>\n\n\n\n<p>coordinar espacios de intercambios que promuevan la lucha contra el comercio il\u00edcito y establecer procedimientos claros para la ejecuci\u00f3n de estos\u201d.<\/p>\n\n\n\n<p>La DGA se compromete a proporcionar, a la ONEC, informaci\u00f3n general y estad\u00edsticas sobre las importaciones y exportaciones, de conformidad a las regulaciones y limitaciones establecidas por la ley y normas aplicables.<\/p>\n\n\n\n<p>Tambi\u00e9n, coordinar una mesa de trabajo para impulsar medidas que promuevan el comercio l\u00edcito, as\u00ed como prevenir y combatir la comisi\u00f3n de faltas a la legislaci\u00f3n aduanera dentro del sector, incluyendo la identificaci\u00f3n de situaciones de competencia desleal, desde la perspectiva aduanera.<\/p>\n\n\n\n<p>En tanto, la ONEC cooperar\u00e1 con la DGA en la difusi\u00f3n y educaci\u00f3n sobre la adecuada aplicaci\u00f3n de la Ley de Aduanas y sus reglamentos, desarrollar capacitaciones, talleres y programas formativos.<\/p>\n\n\n\n<p>Igualmente, mantendr\u00e1 a la DGA debidamente informada acerca de los miembros que integran a la ONEC.<\/p>\n\n\n\n<p>M\u00e1s de la ONEC<\/p>\n\n\n\n<p>La ONEC forma parte del Comit\u00e9 Nacional de Facilitaci\u00f3n del Comercio (CNFC), del Consejo Consultivo del Trabajo (CCT), as\u00ed como otros \u00f3rganos del Estado y est\u00e1 orientada en la representaci\u00f3n y defensa del comercio formal de venta al detalle en la Rep\u00fablica Dominicana, promoviendo la libre competencia en condiciones de igualdad, fomentando la generaci\u00f3n de empleos y el impulso de la econom\u00eda dominicana de sus miembros en los renglones de supermercados, hipermercados, farmacias, tiendas por departamentos, ferreter\u00edas, centros comerciales, entre otros.\u00a0<\/p>\n\n\n\n<figure class=\"wp-block-table\"><table><tbody><tr><td><strong>Katherine Paulino Disla<\/strong><\/td><\/tr><tr><td>Account Coordinator<\/td><\/tr><\/tbody><\/table><\/figure>\n","protected":false},"excerpt":{"rendered":"<p>diariodominicano.com Santo Domingo, R. D.,\u200211 de diciembre, 2024.\u2013 \u00a0La Direcci\u00f3n General de Aduanas (DGA) y la Organizaci\u00f3n Nacional de Empresas Comerciales (ONEC) suscribieron un acuerdo de colaboraci\u00f3n de acciones conjuntas en la prevenci\u00f3n de situaciones que puedan dar lugar a actos de competencia desleal y comercio il\u00edcito en el marco de sus respectivos objetivos y [&hellip;]<\/p>\n","protected":false},"author":5,"featured_media":581847,"comment_status":"closed","ping_status":"closed","sticky":true,"template":"","format":"standard","meta":{"footnotes":""},"categories":[20,18,27],"tags":[],"class_list":["post-581843","post","type-post","status-publish","format-standard","has-post-thumbnail","hentry","category-dominicana-hoy","category-economia","category-portada"],"_links":{"self":[{"href":"https:\/\/diariodominicano.com\/index.php?rest_route=\/wp\/v2\/posts\/581843","targetHints":{"allow":["GET"]}}],"collection":[{"href":"https:\/\/diariodominicano.com\/index.php?rest_route=\/wp\/v2\/posts"}],"about":[{"href":"https:\/\/diariodominicano.com\/index.php?rest_route=\/wp\/v2\/types\/post"}],"author":[{"embeddable":true,"href":"https:\/\/diariodominicano.com\/index.php?rest_route=\/wp\/v2\/users\/5"}],"replies":[{"embeddable":true,"href":"https:\/\/diariodominicano.com\/index.php?rest_route=%2Fwp%2Fv2%2Fcomments&post=581843"}],"version-history":[{"count":1,"href":"https:\/\/diariodominicano.com\/index.php?rest_route=\/wp\/v2\/posts\/581843\/revisions"}],"predecessor-version":[{"id":581852,"href":"https:\/\/diariodominicano.com\/index.php?rest_route=\/wp\/v2\/posts\/581843\/revisions\/581852"}],"wp:featuredmedia":[{"embeddable":true,"href":"https:\/\/diariodominicano.com\/index.php?rest_route=\/wp\/v2\/media\/581847"}],"wp:attachment":[{"href":"https:\/\/diariodominicano.com\/index.php?rest_route=%2Fwp%2Fv2%2Fmedia&parent=581843"}],"wp:term":[{"taxonomy":"category","embeddable":true,"href":"https:\/\/diariodominicano.com\/index.php?rest_route=%2Fwp%2Fv2%2Fcategories&post=581843"},{"taxonomy":"post_tag","embeddable":true,"href":"https:\/\/diariodominicano.com\/index.php?rest_route=%2Fwp%2Fv2%2Ftags&post=581843"}],"curies":[{"name":"wp","href":"https:\/\/api.w.org\/{rel}","templated":true}]}}