{"id":581838,"date":"2024-12-11T09:57:14","date_gmt":"2024-12-11T13:57:14","guid":{"rendered":"https:\/\/diariodominicano.com\/?p=581838"},"modified":"2024-12-11T09:59:13","modified_gmt":"2024-12-11T13:59:13","slug":"ya-no-aguanto-mas-cartas-de-presos-politicos-en-venezuela-cuentan-los-horrores-de-su-encarcelacion","status":"publish","type":"post","link":"https:\/\/diariodominicano.com\/?p=581838","title":{"rendered":"\u201cYa no aguanto m\u00e1s\u201d: Cartas de presos pol\u00edticos en Venezuela cuentan los \u00abhorrores\u00bb de su encarcelaci\u00f3n"},"content":{"rendered":"\n<p>Familiares de personas detenidas luego de las elecciones presidenciales en julio protestan exigiendo sus liberaciones, en Caracas, el 9 de diciembre de 2024.<\/p>\n\n\n\n<p>diciembre 11, 2024<\/p>\n\n\n\n<ul class=\"wp-block-list\">\n<li><a href=\"https:\/\/www.vozdeamerica.com\/author\/voz-de-america-redaccion\/p_kym\">Voz de Am\u00e9rica &#8211; Redacci\u00f3n<\/a><\/li>\n<\/ul>\n\n\n\n<ul class=\"wp-block-list\">\n<li><a href=\"https:\/\/facebook.com\/sharer.php?u=https%3a%2f%2fwww.vozdeamerica.com%2fa%2fcartas-de-presos-politicos-en-venezuela-revelan-horrores-de-sus-presidios-%2f7896683.html\" target=\"_blank\" rel=\"noreferrer noopener\"><\/a><\/li>\n\n\n\n<li><a href=\"https:\/\/twitter.com\/share?url=https%3a%2f%2fwww.vozdeamerica.com%2fa%2fcartas-de-presos-politicos-en-venezuela-revelan-horrores-de-sus-presidios-%2f7896683.html&amp;text=%e2%80%9cNo+aguanto+m%c3%a1s%e2%80%9d%3a+Cartas+de+presos+pol%c3%adticos+en+Venezuela+revelan+%22horrores%22+de+su+encarcelaci%c3%b3n\" target=\"_blank\" rel=\"noreferrer noopener\"><\/a><\/li>\n\n\n\n<li><\/li>\n\n\n\n<li><a href=\"mailto:?body=https%3a%2f%2fwww.vozdeamerica.com%2fa%2fcartas-de-presos-politicos-en-venezuela-revelan-horrores-de-sus-presidios-%2f7896683.html&amp;subject=%E2%80%9CNo%20aguanto%20m%C3%A1s%E2%80%9D:%20Cartas%20de%20presos%20pol%C3%ADticos%20en%20Venezuela%20revelan%20%22horrores%22%20de%20su%20encarcelaci%C3%B3n\"><\/a><\/li>\n<\/ul>\n\n\n\n<p><a href=\"https:\/\/www.vozdeamerica.com\/a\/cartas-de-presos-politicos-en-venezuela-revelan-horrores-de-sus-presidios-\/7896683.html#comments\">&nbsp;Vea comentarios<\/a><\/p>\n\n\n\n<p>Mensajes de desesperaci\u00f3n enviados por presos pol\u00edticos en Venezuela son dados a conocer por familiares y organizaciones, como una manera de exigir sus excarcelaciones al gobierno de Nicol\u00e1s Maduro. Varias de las misivas incluyen confesiones de ansiedad, depresi\u00f3n y pensamientos suicidas.<\/p>\n\n\n\n<p>\u201cHola, mamita de mi coraz\u00f3n, espero est\u00e9s muy bien. Yo estoy ah\u00ed, en lo que cabe. Estoy muy agotada y cansada, siento que ya no puedo m\u00e1s\u201d, escribi\u00f3 desde prisi\u00f3n a su madre la adolescente Mariana Gonz\u00e1lez, arrestada por el gobierno venezolano tras la pol\u00e9mica elecci\u00f3n presidencial de julio.<\/p>\n\n\n\n<p>\u201cSabes que yo soy inocente (\u2026) me siento muy mal, tengo ansiedad y mucha depresi\u00f3n (\u2026) me quedo sin fuerzas, sin \u00e1nimo y sin ganas de vivir. Vivir, \u00bfpara qu\u00e9?\u201d, se pregunt\u00f3 Gonz\u00e1lez, de 16 a\u00f1os, en una carta escrita en noviembre en una hoja a doble cara, adornada con corazones, coronada con un \u201cte amo\u201d.<\/p>\n\n\n\n<p>La misiva, escrita a mano en tinta azul, fue divulgada en redes sociales por el Comit\u00e9 de Derechos Humanos del movimiento pol\u00edtico opositor Vente Venezuela y su l\u00edder Mar\u00eda Corina Machado, as\u00ed como otros dirigentes del antichavismo.<\/p>\n\n\n\n<p><\/p>\n\n\n\n<p>Su madre explic\u00f3 que Mariana hab\u00eda sido detenida el 29 de julio junto al novio de ella cuando compraban perros calientes. Seg\u00fan cuenta, a la joven la maltrataron en un fuerte militar de Carabobo antes de reubicarla en una sede policial. Sus costillas se pusieron moradas, ten\u00eda \u201cchichones\u201d en su cuerpo, \u201cle arrancaron las pesta\u00f1as\u201d y dorm\u00eda en un piso de piedras, asegur\u00f3 a la prensa.<\/p>\n\n\n\n<p>La divulgaci\u00f3n de la misiva donde admit\u00eda que quer\u00eda hacerse da\u00f1o deriv\u00f3 en su liberaci\u00f3n. El Comit\u00e9 por la Libertad de los Presos Pol\u00edticos, una ONG venezolana, atribuy\u00f3 su excarcelaci\u00f3n a la \u201cpresi\u00f3n\u201d de familiares, la sociedad civil y \u201ctodos los venezolanos que se conmovieron con cada palabra de esta carta\u00bb.<\/p>\n\n\n\n<h3 class=\"wp-block-heading\">Mensajes que cuentan \u00abhorrores\u00bb<\/h3>\n\n\n\n<p>La misiva de Mariana es una de tantas otras que han recibido los familiares de cientos de presos pol\u00edticos, detenidos despu\u00e9s de la controvertida elecci\u00f3n presidencial de julio, que&nbsp;<em><strong><a href=\"https:\/\/www.vozdeamerica.com\/a\/vencido-horario-oficial-cne-no-precisa-cuando-cierran-centros-venezuela\/7716247.html\" target=\"_blank\" rel=\"noreferrer noopener\">Nicol\u00e1s Maduro gan\u00f3 oficialmente<\/a>,<\/strong><\/em>&nbsp;en resultados disputados por la oposici\u00f3n, que proclam\u00f3 la victoria de su excandidato Edmundo Gonz\u00e1lez.<\/p>\n\n\n\n<p>A cuentagotas, en redes sociales o a trav\u00e9s de la prensa, personas cercanas a los detenidos han mostrado algunas de las cartas escritas por sus familiares y amigos desde c\u00e1rceles de m\u00e1xima seguridad o comandos policiales en varios estados de Venezuela.<\/p>\n\n\n\n<p>Los escritos son una muestra de los \u201chorrores\u201d que han experimentado los presos pol\u00edticos venezolanos,&nbsp;<em><strong><a href=\"https:\/\/www.vozdeamerica.com\/a\/fiscal-de-la-cpi-pide-liberacion-de-ninios-en-venezuela-\/7883912.html\" target=\"_blank\" rel=\"noreferrer noopener\">entre ellos al menos 150 adolescentes<\/a><\/strong><\/em>, de acuerdo con Martha Tineo Rodr\u00edguez, coordinadora general de la ONG Justicia, Encuentro y Perd\u00f3n.<\/p>\n\n\n\n<p>Es \u201cuna respuesta espont\u00e1nea\u201d de los familiares de estos detenidos ante un sistema de \u00abrepresi\u00f3n y persecuci\u00f3n pol\u00edtica\u00bb a escalas \u201cmasivas\u201d sin precedentes en el pa\u00eds, ni siquiera visto durante las protestas de 2014, 2017 y 2019, afirm\u00f3 a la&nbsp;<em><strong>Voz de Am\u00e9rica<\/strong><\/em>.<\/p>\n\n\n\n<p><a href=\"https:\/\/www.vozdeamerica.com\/a\/aumenta-la-incertidumbre-en-venezuela-a-un-mes-de-la-toma-de-posesion-presidencial-\/7893206.html\"><\/a><\/p>\n\n\n\n<p><a href=\"https:\/\/www.vozdeamerica.com\/a\/aumenta-la-incertidumbre-en-venezuela-a-un-mes-de-la-toma-de-posesion-presidencial-\/7893206.html\">Tambi\u00e9n lea<\/a><\/p>\n\n\n\n<h4 class=\"wp-block-heading\"><a href=\"https:\/\/www.vozdeamerica.com\/a\/aumenta-la-incertidumbre-en-venezuela-a-un-mes-de-la-toma-de-posesion-presidencial-\/7893206.html\">Falta un mes para la toma de posesi\u00f3n presidencial en Venezuela: \u00bfQu\u00e9 est\u00e1 pasando?<\/a><\/h4>\n\n\n\n<p>La caracter\u00edstica ins\u00f3lita del momento pol\u00edtico que se ha vivido en Venezuela desde la elecci\u00f3n radica en la \u201cmasividad\u201d de las violaciones a derechos humanos, como detenciones arbitrarias, torturas, tratos crueles, inhumanos y degradantes, apunt\u00f3 Tineo Rodr\u00edguez.<\/p>\n\n\n\n<p>Seg\u00fan la vocera de la ONG Encuentro, Justicia y Perd\u00f3n, las cartas de algunos de los detenidos por razones pol\u00edticas permiten \u201cdimensionar los horrores\u201d que experimentan los cerca de 2.000 detenidos, entre ellos adolescentes, ancianos, mujeres y enfermos.<\/p>\n\n\n\n<p>El gobierno venezolano por su parte los acusa de terrorismo e incitaci\u00f3n al odio, delitos penados con hasta 30 a\u00f1os de c\u00e1rcel. Asegura que los detenidos ayudaron a organizar protestas violentas contra el oficialismo, algo que la gran mayor\u00eda de los detenidos y sus familiares niegan.<\/p>\n\n\n\n<p>La organizaci\u00f3n Amnist\u00eda Internacional (AI) asegur\u00f3 a finales de noviembre que la \u201ctortura, detenci\u00f3n arbitraria y abusos contra decenas de ni\u00f1os y ni\u00f1as\u201d tras las elecciones presidenciales en Venezuela,&nbsp;<strong><a href=\"https:\/\/www.vozdeamerica.com\/a\/amnistia-internacional-pide-incluir-actos-contra-menores-de-edad-arrestados-venezuela-en-investigacion-de-la-cpi\/7880259.html\" target=\"_blank\" rel=\"noreferrer noopener\">deben movilizar a la justicia internacional<\/a>&nbsp;<\/strong>y consider\u00f3 que los hechos deben sumarse a la investigaci\u00f3n abierta por la Fiscal\u00eda de la Corte Penal Internacional.<\/p>\n\n\n\n<p>AI ha contabilizado al menos 198 ni\u00f1os y ni\u00f1as arrestados, de los cuales fueron excarcelados m\u00e1s de 100 en septiembre y unos 25 en noviembre, aunque precis\u00f3 que estos siguen sometidos a medidas cautelares y procesos judiciales por cargos de terrorismo.<\/p>\n\n\n\n<p>El fiscal general de Venezuela, Tarek William Saab, ha&nbsp;<strong><a href=\"https:\/\/www.vozdeamerica.com\/a\/el-fiscal-general-de-venezuela-niega-que-haya-ninios-detenidos-por-protestas-si-hay-adolescentes\/7860817.html\" target=\"_blank\" rel=\"noreferrer noopener\">descartado que en el pa\u00eds haya ni\u00f1os arrestados,<\/a><\/strong>&nbsp;pero admiti\u00f3 que s\u00ed detuvieron a adolescentes que, seg\u00fan asegur\u00f3, participaron en actos de violencia postelectoral.<\/p>\n\n\n\n<h3 class=\"wp-block-heading\">Visibilidad para los detenidos<\/h3>\n\n\n\n<p>Para ayudar a visibilizar los casos de los encarcelados, sus allegados han divulgado sus comunicaciones desde los centros de reclusi\u00f3n al menos desde septiembre.<\/p>\n\n\n\n<p>\u201cAy\u00fadennos a salir de este lugar tan feo, de este infierno al que nadie pertenece (\u2026) no somos terroristas\u201d, escribi\u00f3 tambi\u00e9n hace tres meses Miguel, de 16 a\u00f1os, otro de los adolescentes venezolanos detenidos tras la elecci\u00f3n, desde una celda de Caracas.<\/p>\n\n\n\n<p>Su madre, Theany Urbina, ley\u00f3 los clamores de su hijo durante una protesta en la sede de la fiscal\u00eda en la capital del pa\u00eds. Este mes, el Comit\u00e9 por la Libertad de los Presos Pol\u00edticos public\u00f3 una carta de otro preso, Carlos Valecillos, desde la c\u00e1rcel venezolana de Tocor\u00f3n.<\/p>\n\n\n\n<p>\u201cYa no aguanto m\u00e1s esta situaci\u00f3n, me despido de toda mi familia, los amo y desde el cielo los cuidar\u00e9 a todos. De nada me vale estar vivo si no puedo disfrutar de mi hijo y mis seres queridos\u201d, rezaba la misiva, tambi\u00e9n escrita a mano, publicada el 27 de noviembre.<\/p>\n\n\n\n<p><\/p>\n\n\n\n<p>Este domingo, Valecillos intent\u00f3 quitarse la vida, seg\u00fan familiares.<\/p>\n\n\n\n<p>M\u00f3nica S\u00e1nchez, hermana de Carlos, exigi\u00f3 una fe de vida y su liberaci\u00f3n definitiva, en un video en redes sociales. El subdirector de la c\u00e1rcel de Tocor\u00f3n, en el estado de Aragua, a 60 kil\u00f3metros de Caracas, le dijo que su familiar \u201cestaba vivo\u201d.<\/p>\n\n\n\n<p>Casos como el de Valecillos son \u201cmuchos y espantosos\u201d en la Venezuela contempor\u00e1nea, de acuerdo con la coordinadora de Encuentro, Justicia y Perd\u00f3n, que considera que el gobierno puso en marcha \u201cuna aplanadora que se va llevando todo a su paso\u201d.<\/p>\n\n\n\n<p>Cientos de familiares de detenidos por razones pol\u00edticas siguen protestando en varias regiones para pedir a Maduro y al fiscal general Saab que los libere como medida humanitaria este diciembre.<\/p>\n\n\n\n<p>Si bien la exigencia es que todos sean excarcelados, las liberaciones deber\u00edan priorizar a adolescentes, mujeres, ancianos y personas enfermas o con condiciones especiales, opin\u00f3 Tineo Rodr\u00edguez, que, como muchos, ruega por \u201cuna Navidad sin presos pol\u00edticos\u201d.<\/p>\n","protected":false},"excerpt":{"rendered":"<p>Familiares de personas detenidas luego de las elecciones presidenciales en julio protestan exigiendo sus liberaciones, en Caracas, el 9 de diciembre de 2024. diciembre 11, 2024 &nbsp;Vea comentarios Mensajes de desesperaci\u00f3n enviados por presos pol\u00edticos en Venezuela son dados a conocer por familiares y organizaciones, como una manera de exigir sus excarcelaciones al gobierno de [&hellip;]<\/p>\n","protected":false},"author":2,"featured_media":581839,"comment_status":"closed","ping_status":"closed","sticky":false,"template":"","format":"standard","meta":{"footnotes":""},"categories":[23,24,22,27],"tags":[],"class_list":["post-581838","post","type-post","status-publish","format-standard","has-post-thumbnail","hentry","category-internacional","category-justicia-y-derecho","category-politica","category-portada"],"_links":{"self":[{"href":"https:\/\/diariodominicano.com\/index.php?rest_route=\/wp\/v2\/posts\/581838","targetHints":{"allow":["GET"]}}],"collection":[{"href":"https:\/\/diariodominicano.com\/index.php?rest_route=\/wp\/v2\/posts"}],"about":[{"href":"https:\/\/diariodominicano.com\/index.php?rest_route=\/wp\/v2\/types\/post"}],"author":[{"embeddable":true,"href":"https:\/\/diariodominicano.com\/index.php?rest_route=\/wp\/v2\/users\/2"}],"replies":[{"embeddable":true,"href":"https:\/\/diariodominicano.com\/index.php?rest_route=%2Fwp%2Fv2%2Fcomments&post=581838"}],"version-history":[{"count":2,"href":"https:\/\/diariodominicano.com\/index.php?rest_route=\/wp\/v2\/posts\/581838\/revisions"}],"predecessor-version":[{"id":581842,"href":"https:\/\/diariodominicano.com\/index.php?rest_route=\/wp\/v2\/posts\/581838\/revisions\/581842"}],"wp:featuredmedia":[{"embeddable":true,"href":"https:\/\/diariodominicano.com\/index.php?rest_route=\/wp\/v2\/media\/581839"}],"wp:attachment":[{"href":"https:\/\/diariodominicano.com\/index.php?rest_route=%2Fwp%2Fv2%2Fmedia&parent=581838"}],"wp:term":[{"taxonomy":"category","embeddable":true,"href":"https:\/\/diariodominicano.com\/index.php?rest_route=%2Fwp%2Fv2%2Fcategories&post=581838"},{"taxonomy":"post_tag","embeddable":true,"href":"https:\/\/diariodominicano.com\/index.php?rest_route=%2Fwp%2Fv2%2Ftags&post=581838"}],"curies":[{"name":"wp","href":"https:\/\/api.w.org\/{rel}","templated":true}]}}