{"id":581750,"date":"2024-12-10T22:16:47","date_gmt":"2024-12-11T02:16:47","guid":{"rendered":"https:\/\/diariodominicano.com\/?p=581750"},"modified":"2024-12-10T22:16:49","modified_gmt":"2024-12-11T02:16:49","slug":"the-rudeboyz-presenta-ecos-su-nuevo-ep-con-talentos-emergentes-de-la-musica-urbana","status":"publish","type":"post","link":"https:\/\/diariodominicano.com\/?p=581750","title":{"rendered":"The Rudeboyz presenta ECOS, su nuevo EP con talentos emergentes de la m\u00fasica urbana"},"content":{"rendered":"\n<p><strong><em>&nbsp;Incluye colaboraciones con artistas destacados como La Guru, Juan Duque, Totoy El Fr\u00edo, entre otros.<\/em><\/strong><\/p>\n\n\n\n<p><strong><em>The Rudeboyz, Kevin ADG y Chan El Genio, el d\u00fao colombiano de productores que cuenta con una larga lista de \u00e9xitos musicales como \u201cBorro Cassette\u201d, \u201cChantaje\u201d, \u201cEl Pr\u00e9stamo\u201d o \u201cMe Enamor\u00e9\u201d, present\u00f3 su nuevo EP titulado \u201cECOS\u201d.<\/em><\/strong><\/p>\n\n\n\n<p><strong><em>El \u00e1lbum cuenta con cinco canciones, e incluye colaboraciones con artistas destacados como La Guru, Juan Duque, Totoy El Fr\u00edo, entre otros.<\/em><\/strong><\/p>\n\n\n\n<p><strong><em>\u201cHemos incluido talentos emergentes que har\u00e1n eco en la industria de Colombia y de todas partes. Hay artistas de Cali, Buenaventura, Barranquilla, Medell\u00edn\u201d, explicaron Kevin ADG y Chan El Genio.<\/em><\/strong><\/p>\n\n\n\n<figure class=\"wp-block-gallery has-nested-images columns-default is-cropped wp-block-gallery-1 is-layout-flex wp-block-gallery-is-layout-flex\">\n<figure class=\"wp-block-image size-large\"><img loading=\"lazy\" decoding=\"async\" width=\"1024\" height=\"683\" data-id=\"581762\" src=\"https:\/\/diariodominicano.com\/wp-content\/uploads\/2024\/12\/The-Rudeboyz-presenta-ECOS-su-nuevo-EP-con-talentos-emergentes-de-la-musica-urbana-1024x683.jpg\" alt=\"\" class=\"wp-image-581762\" srcset=\"https:\/\/diariodominicano.com\/wp-content\/uploads\/2024\/12\/The-Rudeboyz-presenta-ECOS-su-nuevo-EP-con-talentos-emergentes-de-la-musica-urbana-1024x683.jpg 1024w, https:\/\/diariodominicano.com\/wp-content\/uploads\/2024\/12\/The-Rudeboyz-presenta-ECOS-su-nuevo-EP-con-talentos-emergentes-de-la-musica-urbana-300x200.jpg 300w, https:\/\/diariodominicano.com\/wp-content\/uploads\/2024\/12\/The-Rudeboyz-presenta-ECOS-su-nuevo-EP-con-talentos-emergentes-de-la-musica-urbana-768x512.jpg 768w, https:\/\/diariodominicano.com\/wp-content\/uploads\/2024\/12\/The-Rudeboyz-presenta-ECOS-su-nuevo-EP-con-talentos-emergentes-de-la-musica-urbana-816x544.jpg 816w, https:\/\/diariodominicano.com\/wp-content\/uploads\/2024\/12\/The-Rudeboyz-presenta-ECOS-su-nuevo-EP-con-talentos-emergentes-de-la-musica-urbana.jpg 1221w\" sizes=\"auto, (max-width: 1024px) 100vw, 1024px\" \/><\/figure>\n<\/figure>\n\n\n\n<p><strong><em>El proyecto refleja su estilo caracter\u00edstico de reguet\u00f3n y m\u00fasica urbana latina, que ha dejado huella en la industria musical durante a\u00f1os.<\/em><\/strong><\/p>\n\n\n\n<figure class=\"wp-block-gallery has-nested-images columns-default is-cropped wp-block-gallery-2 is-layout-flex wp-block-gallery-is-layout-flex\">\n<figure class=\"wp-block-image size-large\"><img loading=\"lazy\" decoding=\"async\" width=\"813\" height=\"813\" data-id=\"581761\" src=\"https:\/\/diariodominicano.com\/wp-content\/uploads\/2024\/12\/The-Rudeboyz-presenta-ECOS-nuevo-EP-con-talentos-emergentes-de-la-musica-urbana-1.jpg\" alt=\"\" class=\"wp-image-581761\" srcset=\"https:\/\/diariodominicano.com\/wp-content\/uploads\/2024\/12\/The-Rudeboyz-presenta-ECOS-nuevo-EP-con-talentos-emergentes-de-la-musica-urbana-1.jpg 813w, https:\/\/diariodominicano.com\/wp-content\/uploads\/2024\/12\/The-Rudeboyz-presenta-ECOS-nuevo-EP-con-talentos-emergentes-de-la-musica-urbana-1-300x300.jpg 300w, https:\/\/diariodominicano.com\/wp-content\/uploads\/2024\/12\/The-Rudeboyz-presenta-ECOS-nuevo-EP-con-talentos-emergentes-de-la-musica-urbana-1-150x150.jpg 150w, https:\/\/diariodominicano.com\/wp-content\/uploads\/2024\/12\/The-Rudeboyz-presenta-ECOS-nuevo-EP-con-talentos-emergentes-de-la-musica-urbana-1-768x768.jpg 768w, https:\/\/diariodominicano.com\/wp-content\/uploads\/2024\/12\/The-Rudeboyz-presenta-ECOS-nuevo-EP-con-talentos-emergentes-de-la-musica-urbana-1-88x88.jpg 88w\" sizes=\"auto, (max-width: 813px) 100vw, 813px\" \/><\/figure>\n<\/figure>\n\n\n\n<p><strong><em>\u201cECOS\u201d cuenta con las siguientes canciones:<\/em><\/strong><\/p>\n\n\n\n<p><strong><em>Oh mam\u00e1 (The Rudeboyz, Maisak, DFZM)<\/em><\/strong><\/p>\n\n\n\n<p><strong><em>NMAX (The Rudeboyz, Jhay p, EI H)<\/em><\/strong><\/p>\n\n\n\n<p><strong><em>Mi Flete (The Rudeboyz, La Guru)<\/em><\/strong><\/p>\n\n\n\n<p><strong><em>Por lo que veo (The Rudeboyz, Kris R., Juan Duque)<\/em><\/strong><\/p>\n\n\n\n<p><strong><em>Sin Visaje (The Rudeboyz, El Clooy, Totoy El Fr\u00edo, Miky La Sensa)<\/em><\/strong><\/p>\n\n\n\n<p><strong><em>\u201cECOS\u201d est\u00e1 disponible en plataformas como Apple Music y Spotify.<\/em><\/strong><\/p>\n\n\n\n<figure class=\"wp-block-embed is-type-rich is-provider-spotify wp-block-embed-spotify wp-embed-aspect-21-9 wp-has-aspect-ratio\"><div class=\"wp-block-embed__wrapper\">\n<iframe title=\"Spotify Embed: ECOS\" style=\"border-radius: 12px\" width=\"100%\" height=\"352\" frameborder=\"0\" allowfullscreen allow=\"autoplay; clipboard-write; encrypted-media; fullscreen; picture-in-picture\" loading=\"lazy\" src=\"https:\/\/open.spotify.com\/embed\/album\/2cOBkSXvFSkt37e9DHKqT0?si=FDRidhYxQQOSbeh4Ydi9TA&amp;utm_source=oembed\"><\/iframe>\n<\/div><\/figure>\n\n\n\n<figure class=\"wp-block-embed is-type-wp-embed is-provider-apple-music wp-block-embed-apple-music\"><div class=\"wp-block-embed__wrapper\">\n<iframe class=\"wp-embedded-content\" sandbox=\"allow-scripts\" security=\"restricted\" title=\"ECOS - EP\" frameborder=\"0\" height=\"420\" src=\"https:\/\/embed.music.apple.com\/us\/album\/ecos-ep\/1780046879#?secret=Bd5xwep7OA\" data-secret=\"Bd5xwep7OA\"><\/iframe>\n<\/div><\/figure>\n\n\n\n<figure class=\"wp-block-embed\"><div class=\"wp-block-embed__wrapper\">\nhttps:\/\/www.youtube.com\/@TheRudeboyz\n<\/div><\/figure>\n\n\n\n<figure class=\"wp-block-embed\"><div class=\"wp-block-embed__wrapper\">\nhttps:\/\/www.instagram.com\/therudeboyz_\/?hl=en\n<\/div><\/figure>\n\n\n\n<p>EB Public Relations <a href=\"mailto:esther@ebmanagement.io\">esther@ebmanagement.io<\/a><\/p>\n","protected":false},"excerpt":{"rendered":"<p>&nbsp;Incluye colaboraciones con artistas destacados como La Guru, Juan Duque, Totoy El Fr\u00edo, entre otros. The Rudeboyz, Kevin ADG y Chan El Genio, el d\u00fao colombiano de productores que cuenta con una larga lista de \u00e9xitos musicales como \u201cBorro Cassette\u201d, \u201cChantaje\u201d, \u201cEl Pr\u00e9stamo\u201d o \u201cMe Enamor\u00e9\u201d, present\u00f3 su nuevo EP titulado \u201cECOS\u201d. El \u00e1lbum cuenta [&hellip;]<\/p>\n","protected":false},"author":7,"featured_media":581763,"comment_status":"closed","ping_status":"open","sticky":false,"template":"","format":"standard","meta":{"footnotes":""},"categories":[25],"tags":[1144,1145],"class_list":["post-581750","post","type-post","status-publish","format-standard","has-post-thumbnail","hentry","category-gente","tag-ecos","tag-the-rudeboyz"],"_links":{"self":[{"href":"https:\/\/diariodominicano.com\/index.php?rest_route=\/wp\/v2\/posts\/581750","targetHints":{"allow":["GET"]}}],"collection":[{"href":"https:\/\/diariodominicano.com\/index.php?rest_route=\/wp\/v2\/posts"}],"about":[{"href":"https:\/\/diariodominicano.com\/index.php?rest_route=\/wp\/v2\/types\/post"}],"author":[{"embeddable":true,"href":"https:\/\/diariodominicano.com\/index.php?rest_route=\/wp\/v2\/users\/7"}],"replies":[{"embeddable":true,"href":"https:\/\/diariodominicano.com\/index.php?rest_route=%2Fwp%2Fv2%2Fcomments&post=581750"}],"version-history":[{"count":1,"href":"https:\/\/diariodominicano.com\/index.php?rest_route=\/wp\/v2\/posts\/581750\/revisions"}],"predecessor-version":[{"id":581764,"href":"https:\/\/diariodominicano.com\/index.php?rest_route=\/wp\/v2\/posts\/581750\/revisions\/581764"}],"wp:featuredmedia":[{"embeddable":true,"href":"https:\/\/diariodominicano.com\/index.php?rest_route=\/wp\/v2\/media\/581763"}],"wp:attachment":[{"href":"https:\/\/diariodominicano.com\/index.php?rest_route=%2Fwp%2Fv2%2Fmedia&parent=581750"}],"wp:term":[{"taxonomy":"category","embeddable":true,"href":"https:\/\/diariodominicano.com\/index.php?rest_route=%2Fwp%2Fv2%2Fcategories&post=581750"},{"taxonomy":"post_tag","embeddable":true,"href":"https:\/\/diariodominicano.com\/index.php?rest_route=%2Fwp%2Fv2%2Ftags&post=581750"}],"curies":[{"name":"wp","href":"https:\/\/api.w.org\/{rel}","templated":true}]}}