{"id":581713,"date":"2024-12-10T19:39:50","date_gmt":"2024-12-10T23:39:50","guid":{"rendered":"https:\/\/diariodominicano.com\/?p=581713"},"modified":"2024-12-10T19:40:11","modified_gmt":"2024-12-10T23:40:11","slug":"inapa-escucha-lideres-comunitarios-de-las-provincias-elias-pina-y-san-juan","status":"publish","type":"post","link":"https:\/\/diariodominicano.com\/?p=581713","title":{"rendered":"INAPA escucha l\u00edderes comunitarios de las provincias El\u00edas Pi\u00f1a y San Juan"},"content":{"rendered":"\n<p>El director ejecutivo del Instituto Nacional de Aguas Potables y Alcantarillados (INAPA), Wellington Arnaud, en esta ocasi\u00f3n se traslad\u00f3 hacia las provincias El\u00edas Pi\u00f1a y San Juan, donde se reuni\u00f3 con los l\u00edderes comunitarios y representantes de las juntas de vecinos para atender sus demandas.<\/p>\n\n\n\n<p>En su primera parada en El\u00edas Pi\u00f1a, Arnaud, luego de escuchar a los asistentes por m\u00e1s de cuatro horas, reiter\u00f3 su compromiso de mejorar los servicios de agua potable y saneamiento en la provincia, tal como lo prometi\u00f3 el presidente Luis Abinader.<\/p>\n\n\n\n<p>En ese sentido, anunci\u00f3 que pronto se estar\u00e1 ejecutando el macroproyecto de ampliaci\u00f3n del Acueducto M\u00faltiple Comendador-El Llano-Guanito, que ya cuenta con su c\u00f3digo SNIP.&nbsp;<\/p>\n\n\n\n<p>La obra, que tendr\u00e1 una inversi\u00f3n de RD$1,700,000,000, beneficiar\u00e1 a las comunidades Comendador, El Llano, Guanito, El Pino, La Antena, Guayabo, La Meseta, La Lajita abajo, Media Luna, Los Arroyos, Juan Cano, Palo Seco y Reboso, entre otros.<\/p>\n\n\n\n<p>La obra contempla la construcci\u00f3n de una nueva planta de tratamiento de filtraci\u00f3n r\u00e1pida de 50 litros por segundo, la rehabilitaci\u00f3n de la planta existente, la construcci\u00f3n de cuatro estaciones de bombeo y seis nuevos dep\u00f3sitos reguladores y la colocaci\u00f3n de 230 kil\u00f3metros de tuber\u00eda para l\u00edneas de conexi\u00f3n y redes.<\/p>\n\n\n\n<p>Asimismo, el director ejecutivo del INAPA inform\u00f3 que en los primeros meses del pr\u00f3ximo a\u00f1o se iniciar\u00e1 la rehabilitaci\u00f3n de la estaci\u00f3n de bombeo Los Mangos, del Acueducto El\u00edas Pi\u00f1a, para el beneficio de los residentes de la zona.<\/p>\n\n\n\n<p>Algunos de los asistentes a la reuni\u00f3n que expresaron los problemas de sus comunidades fueron William Montero, presidente de la Junta de Vecinos Santa Teresa n\u00fam. 3; Samuel Paulino, presidente de la Junta de Vecinos La Virgen; Arsenio Polanco, presidente de la Junta de Vecinos Nuevo Amanecer; Soterio Reyes, presidente de la Junta de Vecinos Dios es Amor; Liselina Jim\u00e9nez, presidenta de la Federaci\u00f3n de Juntas de Vecinos de El\u00edas Pi\u00f1a; Ana Mar\u00eda Montero, presidenta de la Junta de Vecinos San Antonio-Guazumal.<\/p>\n\n\n\n<p>Arnaud estuvo acompa\u00f1ado por la gobernadora Migdalis de los Santos; los alcaldes de Comendador y Hondo Valle, Liriano Morillo y, Donaciano de la Cruz, respectivamente; los directores distritales de Sabana Larga y Rancho de la Guardia, Jos\u00e9 Luis Soto y Welington Morillo, respectivamente; y por el INAPA, el subdirector W\u00e1scar Mart\u00ednez; el director de Operaciones, Luis Jos\u00e9 Popa; y el encargado provincial Hugo P\u00e9rez, entre otros funcionarios.<\/p>\n\n\n\n<p>Recorrido por San Juan<\/p>\n\n\n\n<p>All\u00ed, el funcionario anunci\u00f3 que se licitar\u00e1 en el primer trimestre del a\u00f1o entrante el proyecto de la construcci\u00f3n del alcantarillado sanitario de El C\u00f3rbano, el cual contempla la colocaci\u00f3n de cuatro mil acometidas, la colocaci\u00f3n de redes conectoras y la construcci\u00f3n de dos plantas de tratamiento de aguas residuales.<\/p>\n\n\n\n<p>Asimismo, inform\u00f3 que ya est\u00e1 evaluada la ampliaci\u00f3n del alcantarillado sanitario del municipio de San Juan, con una inversi\u00f3n estimada de RD$471,000,000, obra que impactar\u00e1 los sectores Lucero II, Los Maestros y Urbanizaci\u00f3n Marranzini.<\/p>\n\n\n\n<p>Los l\u00edderes comunitarios se mostraron optimistas con las informaciones recibidas.<\/p>\n\n\n\n<p>Entre los participantes figuran Melvin de los Santos, del bloque de juntas de vecinos de Mirador Norte; Leonor Ram\u00edrez, en representaci\u00f3n del Consejo Municipal de Desarrollo de San Juan de la Maguana; \u00c1ngel Ledesma, de Alianza Comunitaria Batalla de Santom\u00e9; Indira Pasian, representante de la Junta de Vecinos Don Nonito; y Juan Pablo Novas, en representaci\u00f3n de las 22 juntas de vecinos de Vallejuelo.<\/p>\n\n\n\n<p> <strong>INAPA GOBIERNO<\/strong>\u00a0&lt;relacionespublicasinapa@gmail.com> <\/p>\n","protected":false},"excerpt":{"rendered":"<p>El director ejecutivo del Instituto Nacional de Aguas Potables y Alcantarillados (INAPA), Wellington Arnaud, en esta ocasi\u00f3n se traslad\u00f3 hacia las provincias El\u00edas Pi\u00f1a y San Juan, donde se reuni\u00f3 con los l\u00edderes comunitarios y representantes de las juntas de vecinos para atender sus demandas. En su primera parada en El\u00edas Pi\u00f1a, Arnaud, luego de [&hellip;]<\/p>\n","protected":false},"author":7,"featured_media":581741,"comment_status":"closed","ping_status":"closed","sticky":false,"template":"","format":"standard","meta":{"footnotes":""},"categories":[36],"tags":[482],"class_list":["post-581713","post","type-post","status-publish","format-standard","has-post-thumbnail","hentry","category-hombresmujeresycosas","tag-inapa"],"_links":{"self":[{"href":"https:\/\/diariodominicano.com\/index.php?rest_route=\/wp\/v2\/posts\/581713","targetHints":{"allow":["GET"]}}],"collection":[{"href":"https:\/\/diariodominicano.com\/index.php?rest_route=\/wp\/v2\/posts"}],"about":[{"href":"https:\/\/diariodominicano.com\/index.php?rest_route=\/wp\/v2\/types\/post"}],"author":[{"embeddable":true,"href":"https:\/\/diariodominicano.com\/index.php?rest_route=\/wp\/v2\/users\/7"}],"replies":[{"embeddable":true,"href":"https:\/\/diariodominicano.com\/index.php?rest_route=%2Fwp%2Fv2%2Fcomments&post=581713"}],"version-history":[{"count":2,"href":"https:\/\/diariodominicano.com\/index.php?rest_route=\/wp\/v2\/posts\/581713\/revisions"}],"predecessor-version":[{"id":581743,"href":"https:\/\/diariodominicano.com\/index.php?rest_route=\/wp\/v2\/posts\/581713\/revisions\/581743"}],"wp:featuredmedia":[{"embeddable":true,"href":"https:\/\/diariodominicano.com\/index.php?rest_route=\/wp\/v2\/media\/581741"}],"wp:attachment":[{"href":"https:\/\/diariodominicano.com\/index.php?rest_route=%2Fwp%2Fv2%2Fmedia&parent=581713"}],"wp:term":[{"taxonomy":"category","embeddable":true,"href":"https:\/\/diariodominicano.com\/index.php?rest_route=%2Fwp%2Fv2%2Fcategories&post=581713"},{"taxonomy":"post_tag","embeddable":true,"href":"https:\/\/diariodominicano.com\/index.php?rest_route=%2Fwp%2Fv2%2Ftags&post=581713"}],"curies":[{"name":"wp","href":"https:\/\/api.w.org\/{rel}","templated":true}]}}