{"id":581708,"date":"2024-12-10T18:52:36","date_gmt":"2024-12-10T22:52:36","guid":{"rendered":"https:\/\/diariodominicano.com\/?p=581708"},"modified":"2024-12-10T18:52:38","modified_gmt":"2024-12-10T22:52:38","slug":"janina-rosado-brilla-como-directora-musical-en-el-homenaje-a-carlos-vives-en-los-latin-grammy","status":"publish","type":"post","link":"https:\/\/diariodominicano.com\/?p=581708","title":{"rendered":"Janina Rosado brilla como directora musical en el homenaje a Carlos Vives en los Latin Grammy"},"content":{"rendered":"\n<p>El pasado 13 de noviembre la Academia Latina de la Grabaci\u00f3n celebr\u00f3 su 25 aniversario con un evento repleto de momentos hist\u00f3ricos para la m\u00fasica latina en el Centro de Convenciones de la ciudad de Miami. Entre ellos, el esperado <em>Person of the Year<\/em>&nbsp;(POTY), un evento privado que representa el galard\u00f3n m\u00e1s importante de la industria, rindi\u00f3 homenaje al aclamado cantante colombiano Carlos Vives por sus logros art\u00edsticos y filantr\u00f3picos.<\/p>\n\n\n\n<p>El concepto del tributo <em>Person of the Year<\/em>&nbsp;no solo reconoce el legado del artista homenajeado, sino que lo celebra de manera \u00fanica: distintos artistas invitados interpretan las canciones del homenajeado con versiones adaptadas a g\u00e9neros musicales diversos, mostrando la riqueza y la versatilidad de la m\u00fasica latina.<\/p>\n\n\n\n<p>En esta ocasi\u00f3n, Janina Rosado, reconocida m\u00fasico, arreglista y directora musical dominicana, fue elegida para asumir la responsabilidad de conformar, realizar los arreglos musicales y dirigir la orquesta que acompa\u00f1\u00f3 a un destacado elenco de artistas invitados. Entre los participantes estuvieron grandes figuras de la m\u00fasica como Rub\u00e9n Blades, Juan Luis Guerra, Gloria y Emilio Estefan, Alejandro Sanz, Arturo Sandoval, Juanes, Luis Fonsi, Wisin, Goyo, Emilia, Kanny Garc\u00eda, Julieta Venegas, Mar\u00eda Becerra, Vicente Garc\u00eda, Pedro Cap\u00f3, Grupo Frontera, Car\u00edn Le\u00f3n, Los Fabulosos Cadillacs, Ni\u00f1a Pastori, Antonio Rey, David Bisbal, Gente de Zona, Martina Camargo y Tonada Bullerengue. Manuel Abud, CEO de la academia reconoci\u00f3 y resalt\u00f3 ante la audiencia que fue la primera vez que una mujer condujo musicalmente el evento.<\/p>\n\n\n\n<p>El evento, celebrado en el Centro de Convenciones de la ciudad de Miami, fue una noche inolvidable donde se fusionaron talentos extraordinarios en un espect\u00e1culo que destac\u00f3 por su excelencia art\u00edstica y emocional. La labor de Janina Rosado fue fundamental para garantizar la cohesi\u00f3n musical y la calidad interpretativa en un escenario tan diverso y exigente, reafirmando su posici\u00f3n como una de las figuras m\u00e1s relevantes de la m\u00fasica latina contempor\u00e1nea.<\/p>\n\n\n\n<p>La velada no solo marc\u00f3 un hito en la carrera de Carlos Vives, sino que tambi\u00e9n sirvi\u00f3 como un recordatorio del poder de la m\u00fasica para unir culturas y generaciones, dejando un legado imborrable en el marco del 25 aniversario de los Latin Grammy.<\/p>\n","protected":false},"excerpt":{"rendered":"<p>El pasado 13 de noviembre la Academia Latina de la Grabaci\u00f3n celebr\u00f3 su 25 aniversario con un evento repleto de momentos hist\u00f3ricos para la m\u00fasica latina en el Centro de Convenciones de la ciudad de Miami. Entre ellos, el esperado Person of the Year&nbsp;(POTY), un evento privado que representa el galard\u00f3n m\u00e1s importante de la [&hellip;]<\/p>\n","protected":false},"author":7,"featured_media":581717,"comment_status":"closed","ping_status":"open","sticky":false,"template":"","format":"standard","meta":{"footnotes":""},"categories":[25],"tags":[1136],"class_list":["post-581708","post","type-post","status-publish","format-standard","has-post-thumbnail","hentry","category-gente","tag-janina-rosado"],"_links":{"self":[{"href":"https:\/\/diariodominicano.com\/index.php?rest_route=\/wp\/v2\/posts\/581708","targetHints":{"allow":["GET"]}}],"collection":[{"href":"https:\/\/diariodominicano.com\/index.php?rest_route=\/wp\/v2\/posts"}],"about":[{"href":"https:\/\/diariodominicano.com\/index.php?rest_route=\/wp\/v2\/types\/post"}],"author":[{"embeddable":true,"href":"https:\/\/diariodominicano.com\/index.php?rest_route=\/wp\/v2\/users\/7"}],"replies":[{"embeddable":true,"href":"https:\/\/diariodominicano.com\/index.php?rest_route=%2Fwp%2Fv2%2Fcomments&post=581708"}],"version-history":[{"count":1,"href":"https:\/\/diariodominicano.com\/index.php?rest_route=\/wp\/v2\/posts\/581708\/revisions"}],"predecessor-version":[{"id":581718,"href":"https:\/\/diariodominicano.com\/index.php?rest_route=\/wp\/v2\/posts\/581708\/revisions\/581718"}],"wp:featuredmedia":[{"embeddable":true,"href":"https:\/\/diariodominicano.com\/index.php?rest_route=\/wp\/v2\/media\/581717"}],"wp:attachment":[{"href":"https:\/\/diariodominicano.com\/index.php?rest_route=%2Fwp%2Fv2%2Fmedia&parent=581708"}],"wp:term":[{"taxonomy":"category","embeddable":true,"href":"https:\/\/diariodominicano.com\/index.php?rest_route=%2Fwp%2Fv2%2Fcategories&post=581708"},{"taxonomy":"post_tag","embeddable":true,"href":"https:\/\/diariodominicano.com\/index.php?rest_route=%2Fwp%2Fv2%2Ftags&post=581708"}],"curies":[{"name":"wp","href":"https:\/\/api.w.org\/{rel}","templated":true}]}}