{"id":581701,"date":"2024-12-10T16:45:48","date_gmt":"2024-12-10T20:45:48","guid":{"rendered":"https:\/\/diariodominicano.com\/?p=581701"},"modified":"2024-12-10T16:47:27","modified_gmt":"2024-12-10T20:47:27","slug":"presidente-abinader-regreso-esta-tarde-de-qatar","status":"publish","type":"post","link":"https:\/\/diariodominicano.com\/?p=581701","title":{"rendered":"Presidente Abinader regres\u00f3 esta tarde de Qatar"},"content":{"rendered":"\n<p>diariodominicano.com<\/p>\n\n\n\n<p>Santo Domingo, R. D.,\u200210 de diciembre, 2024.-\u00a0\u2002<strong>El presidente Luis Abinader<\/strong>\u00a0regres\u00f3 al pa\u00eds la tarde de este martes\u00a0<strong>tras su viaje a Qatar<\/strong>, donde se reuni\u00f3 con el\u00a0<strong>emir Tamin bin Hamad Al Thani<\/strong>, y particip\u00f3 en el\u00a0<strong>Foro Mundial de Doha<\/strong>.<\/p>\n\n\n\n<p>El jefe de Estado regres\u00f3 por la Base A\u00e9rea de San Isidro y fue recibido por el viceministro para Asuntos Militares del Ministerio de Defensa,&nbsp;<strong>mayor general Miguel \u00c1ngel Rubio B\u00e1ez<\/strong>, (ERD, que estuvo en representaci\u00f3n del ministro de Defensa,&nbsp;<strong>teniente general Carlos Antonio Fern\u00e1ndez Onofre<\/strong>; el comandante general de la Fuerza A\u00e9rea,&nbsp;<strong>mayor general piloto Floreal T. Su\u00e1rez Mart\u00ednez<\/strong>; los comandantes, de la Guardia Presidencial,&nbsp;<strong>general de brigada Guillermo Caro Cruz,<\/strong>&nbsp;y del Regimiento de la Guardia de Honor,&nbsp;<strong>coronel Luis R. Herrera Almonte.<\/strong><\/p>\n\n\n\n<p>Durante su visita al pa\u00eds asi\u00e1tico el mandatario se reuni\u00f3 con el emir en el&nbsp;<strong>Palacio Real<\/strong>, con quien trat\u00f3 importantes&nbsp;<strong>temas de inter\u00e9s<\/strong>&nbsp;para ambas naciones.<\/p>\n\n\n\n<p>El emir invit\u00f3 al presidente Abinader a una&nbsp;<strong>reuni\u00f3n m\u00e1s privada<\/strong>&nbsp;entre ambos, donde conversaron de la intenci\u00f3n de Qatar por&nbsp;<strong>invertir en la Rep\u00fablica Dominicana<\/strong>&nbsp;en distintas \u00e1reas dado que el pa\u00eds es la&nbsp;<strong>econom\u00eda de mayor crecimiento<\/strong>&nbsp;en Am\u00e9rica Latina.<\/p>\n\n\n\n<p>Adem\u00e1s, conversaron sobre la posibilidad de establecer un vuelo directo\u00a0<strong>de Qatar Airways a la Rep\u00fablica Dominicana.<\/strong>\u00a0Tambi\u00e9n el gobernante realiz\u00f3 un recorrido por el\u00a0<strong>Aeropuerto Internacional Hamad de Qatar<\/strong>, el cual recibi\u00f3 el premio a la mejor terminal a\u00e9rea del mundo.<\/p>\n\n\n<div class=\"wp-block-image\">\n<figure class=\"alignleft size-large is-resized\"><img loading=\"lazy\" decoding=\"async\" width=\"1024\" height=\"682\" src=\"https:\/\/diariodominicano.com\/wp-content\/uploads\/2024\/12\/Abinader-Regresa-de-Qutar10-12-24-1024x682.jpeg\" alt=\"\" class=\"wp-image-581703\" style=\"width:312px;height:auto\" srcset=\"https:\/\/diariodominicano.com\/wp-content\/uploads\/2024\/12\/Abinader-Regresa-de-Qutar10-12-24-1024x682.jpeg 1024w, https:\/\/diariodominicano.com\/wp-content\/uploads\/2024\/12\/Abinader-Regresa-de-Qutar10-12-24-300x200.jpeg 300w, https:\/\/diariodominicano.com\/wp-content\/uploads\/2024\/12\/Abinader-Regresa-de-Qutar10-12-24-768x512.jpeg 768w, https:\/\/diariodominicano.com\/wp-content\/uploads\/2024\/12\/Abinader-Regresa-de-Qutar10-12-24-1536x1023.jpeg 1536w, https:\/\/diariodominicano.com\/wp-content\/uploads\/2024\/12\/Abinader-Regresa-de-Qutar10-12-24-2048x1364.jpeg 2048w, https:\/\/diariodominicano.com\/wp-content\/uploads\/2024\/12\/Abinader-Regresa-de-Qutar10-12-24-816x544.jpeg 816w\" sizes=\"auto, (max-width: 1024px) 100vw, 1024px\" \/><\/figure>\n<\/div>\n\n\n<p><strong>Foro Mundial de Doha<\/strong><\/p>\n\n\n\n<p>Durante su participaci\u00f3n en el&nbsp;<strong>Foro Mundial de Doha<\/strong>, el jefe de Estado dominicano resalt\u00f3 que la&nbsp;<strong>cooperaci\u00f3n global<\/strong>&nbsp;en la Rep\u00fablica Dominicana ha jugado un&nbsp;<strong>rol trascendental.<\/strong><\/p>\n\n\n\n<p>El gobernante destac\u00f3 que los logros del pa\u00eds en cooperaci\u00f3n son gracias a&nbsp;<strong>estabilidad pol\u00edtica-social<\/strong>&nbsp;y la sinergia entre&nbsp;<strong>sectores p\u00fablico y privado<\/strong>, y la creaci\u00f3n de pol\u00edticas e iniciativas enfocadas a&nbsp;<strong>impulsar sectores estrat\u00e9gicos.<\/strong><\/p>\n\n\n\n<p>El Foro Mundial de Doha se realiz\u00f3 los d\u00edas 7 y 8 de diciembre en el Hotel Sheraton.<\/p>\n\n\n\n<p><strong>Reuniones con funcionarios de las \u00e1reas de energ\u00eda, transporte, seguridad, salud, turismo e inversiones<\/strong><\/p>\n\n\n\n<p>El gobernante, adem\u00e1s, se reuni\u00f3 el s\u00e1bado con el CEO de Qatar Airways,&nbsp;<strong>Badr Mohammed Al Meer<\/strong>, en el Hotel Sheraton, y con el primer ministro del Estado de Qatar,&nbsp;<strong>Sheikh Mohammed bin Abdulrahman Al Thani.<\/strong><\/p>\n\n\n\n<p>Asimismo, sostuvo dos reuniones, la primera con el CEO IRTH Capital &#8211; Fondo Privado de Inversiones,&nbsp;<strong>Sheikh Mohamed bin Abdullah Al Thani,<\/strong>&nbsp;y otra con la ministra de Educaci\u00f3n, S.E.&nbsp;<strong>Lolwah bint Rashid bin Mohammed Al Khater.<\/strong><\/p>\n\n\n\n<p>El domingo, el gobernante se reuni\u00f3 con el ministro de Comercio e Industria de Qatar,\u00a0<strong>Sheikh Faisal bin Thani Al-Thani,\u00a0<\/strong>y luego con el ministro de Turismo, S.E\u00a0<strong>Saad bin Ali Al Kharji<\/strong>.<\/p>\n\n\n<div class=\"wp-block-image\">\n<figure class=\"alignright size-full is-resized\"><img loading=\"lazy\" decoding=\"async\" width=\"670\" height=\"447\" src=\"https:\/\/diariodominicano.com\/wp-content\/uploads\/2024\/12\/abinader-saluda-en-aeropuerto10-12-24.jpg\" alt=\"\" class=\"wp-image-581704\" style=\"width:402px;height:auto\" srcset=\"https:\/\/diariodominicano.com\/wp-content\/uploads\/2024\/12\/abinader-saluda-en-aeropuerto10-12-24.jpg 670w, https:\/\/diariodominicano.com\/wp-content\/uploads\/2024\/12\/abinader-saluda-en-aeropuerto10-12-24-300x200.jpg 300w\" sizes=\"auto, (max-width: 670px) 100vw, 670px\" \/><\/figure>\n<\/div>\n\n\n<p>Tambi\u00e9n, sostuvo encuentros con los ministros de Salud P\u00fablica, S.E.&nbsp;<strong>Mansoor bin Ebrahim Al Mahmoud<\/strong>, y el de Transporte, S.E.&nbsp;<strong>Sheikh Mohammed bin Abdullah Al-Thani.<\/strong><\/p>\n\n\n\n<p>Al igual que con el CEO de Katara Hospitality, empresario&nbsp;<strong>Nasser Matar AlKawari<\/strong>; con el director general de Qatar Investment Authority,&nbsp;<strong>Mohammed Saif Al-Sowaidi<\/strong>, y una reuni\u00f3n con el ministro de Defensa del Estado de Qatar, S.E.&nbsp;<strong>Sheikh Saud bin Abdulrahman bin Hassan Al Thani.<\/strong><\/p>\n\n\n\n<p>Durante su visita oficial,&nbsp;<strong>el presidente Abinader inaugur\u00f3 el busto&nbsp;<\/strong>del padre de la patria dominicano&nbsp;<strong>Juan Pablo Duarte<\/strong>, en la embajada de la Rep\u00fablica Dominicana&nbsp;<strong>en Qatar.<\/strong><\/p>\n\n\n\n<p>El gobernante&nbsp;<strong>sali\u00f3 el pasado jueves 5<\/strong>&nbsp;en horas de la tarde desde el&nbsp;<strong>Aeropuerto Internacional de Miami<\/strong>&nbsp;con su comitiva oficial, hacia el Aeropuerto Internacional Hamad, Qatar.<\/p>\n\n\n\n<p>El mandatario dominicano estuvo acompa\u00f1ado de una reducida comitiva integrada por los ministros, de Hacienda,&nbsp;<strong>Jos\u00e9 Manuel Vicente<\/strong>; de Energ\u00eda y Minas,&nbsp;<strong>Joel Santos<\/strong>; el viceministro de Asuntos Econ\u00f3micos y de Cooperaci\u00f3n del Mirex,&nbsp;<strong>Hugo Rivera<\/strong>, y la directora ejecutiva del Centro de Exportaci\u00f3n e Inversi\u00f3n de la Rep\u00fablica Dominicana (ProDominicana),&nbsp;<strong>Biviana Riveiro<\/strong>.<\/p>\n\n\n\n<p>Tambi\u00e9n formaron parte de la delegaci\u00f3n el secretario general del Gabinete Presidencial,\u00a0<strong>Eilyn Beltr\u00e1n<\/strong>; la asistente personal del mandatario,\u00a0<strong>Mercedes Pichardo<\/strong>, y el director de Prensa del presidente,\u00a0<strong>Daniel Garc\u00eda Archibald.<\/strong><\/p>\n\n\n\n<p>Fuente: Direcci\u00f3n de Estrategia y Comunicaci\u00f3n<\/p>\n\n\n\n<p>Ministerio Administrativo de la Presidencia de la Rep\u00fablica Dominicana<\/p>\n","protected":false},"excerpt":{"rendered":"<p>diariodominicano.com Santo Domingo, R. D.,\u200210 de diciembre, 2024.-\u00a0\u2002El presidente Luis Abinader\u00a0regres\u00f3 al pa\u00eds la tarde de este martes\u00a0tras su viaje a Qatar, donde se reuni\u00f3 con el\u00a0emir Tamin bin Hamad Al Thani, y particip\u00f3 en el\u00a0Foro Mundial de Doha. El jefe de Estado regres\u00f3 por la Base A\u00e9rea de San Isidro y fue recibido por [&hellip;]<\/p>\n","protected":false},"author":5,"featured_media":581702,"comment_status":"closed","ping_status":"closed","sticky":true,"template":"","format":"standard","meta":{"footnotes":""},"categories":[20,27],"tags":[],"class_list":["post-581701","post","type-post","status-publish","format-standard","has-post-thumbnail","hentry","category-dominicana-hoy","category-portada"],"_links":{"self":[{"href":"https:\/\/diariodominicano.com\/index.php?rest_route=\/wp\/v2\/posts\/581701","targetHints":{"allow":["GET"]}}],"collection":[{"href":"https:\/\/diariodominicano.com\/index.php?rest_route=\/wp\/v2\/posts"}],"about":[{"href":"https:\/\/diariodominicano.com\/index.php?rest_route=\/wp\/v2\/types\/post"}],"author":[{"embeddable":true,"href":"https:\/\/diariodominicano.com\/index.php?rest_route=\/wp\/v2\/users\/5"}],"replies":[{"embeddable":true,"href":"https:\/\/diariodominicano.com\/index.php?rest_route=%2Fwp%2Fv2%2Fcomments&post=581701"}],"version-history":[{"count":2,"href":"https:\/\/diariodominicano.com\/index.php?rest_route=\/wp\/v2\/posts\/581701\/revisions"}],"predecessor-version":[{"id":581706,"href":"https:\/\/diariodominicano.com\/index.php?rest_route=\/wp\/v2\/posts\/581701\/revisions\/581706"}],"wp:featuredmedia":[{"embeddable":true,"href":"https:\/\/diariodominicano.com\/index.php?rest_route=\/wp\/v2\/media\/581702"}],"wp:attachment":[{"href":"https:\/\/diariodominicano.com\/index.php?rest_route=%2Fwp%2Fv2%2Fmedia&parent=581701"}],"wp:term":[{"taxonomy":"category","embeddable":true,"href":"https:\/\/diariodominicano.com\/index.php?rest_route=%2Fwp%2Fv2%2Fcategories&post=581701"},{"taxonomy":"post_tag","embeddable":true,"href":"https:\/\/diariodominicano.com\/index.php?rest_route=%2Fwp%2Fv2%2Ftags&post=581701"}],"curies":[{"name":"wp","href":"https:\/\/api.w.org\/{rel}","templated":true}]}}