{"id":581698,"date":"2024-12-10T16:35:30","date_gmt":"2024-12-10T20:35:30","guid":{"rendered":"https:\/\/diariodominicano.com\/?p=581698"},"modified":"2024-12-10T16:35:38","modified_gmt":"2024-12-10T20:35:38","slug":"republica-dominicana-pide-sancionar-emisiones-antropogenicas-de-gases-nocivos","status":"publish","type":"post","link":"https:\/\/diariodominicano.com\/?p=581698","title":{"rendered":"Rep\u00fablica Dominicana pide sancionar emisiones antropog\u00e9nicas de gases nocivos"},"content":{"rendered":"\n<p>diariodominicano.com<\/p>\n\n\n\n<p>Santo Domingo, 10 dic (Prensa Latina) Rep\u00fablica Dominicana present\u00f3 hoy ante la Corte Internacional de Justicia (CIJ) su postura sobre las obligaciones que deben tener los Estados frente al cambio clim\u00e1tico y pidi\u00f3 sancionar judicialmente las emisiones antropog\u00e9nicas de gases de efecto invernadero.<\/p>\n\n\n\n<p>Por primera vez este pa\u00eds particip\u00f3 en las audiencias que celebra el m\u00e1ximo tribunal de la Organizaci\u00f3n de las Naciones Unidas (ONU) en La Haya, Pa\u00edses Bajos, para establecer mediante un procedimiento consultivo, las obligaciones de los Estados respecto a ese problema medioambiental y consecuencias jur\u00eddicas de dichos compromisos, inform\u00f3 la Canciller\u00eda.<\/p>\n\n\n\n<p>En la ocasi\u00f3n, el director de Asuntos Jur\u00eddicos del Ministerio de Relaciones Exteriores (MIREX), Boni Guerrero, expres\u00f3 a la Corte que, a trav\u00e9s de sus emanaciones de gases causantes del calentamiento global y la falta de adopci\u00f3n de las medidas necesarias, los pa\u00edses altamente emisores violan sus responsabilidades internacionales\u00bb.<\/p>\n\n\n\n<p>Guerrero plante\u00f3 que los gases de efecto invernadero antropog\u00e9nicos causan una interferencia peligrosa en el sistema clim\u00e1tico y en los Estados vulnerables, que hist\u00f3ricamente han contribuido menos y se ven afectados de manera desproporcionada.<\/p>\n\n\n\n<p>En ese sentido, estim\u00f3 que la Corte se encuentra en un momento privilegiado para ayudar a la comunidad internacional a enfrentar los desaf\u00edos que trae consigo la transformaci\u00f3n del clima, colocando \u201cel estado de derecho como br\u00fajula\u201d.<\/p>\n\n\n\n<p>Una nota de la Canciller\u00eda precis\u00f3 que Rep\u00fablica Dominicana solicit\u00f3 que se establezca la obligaci\u00f3n de garantizar que las actividades realizadas en un Estado no causen da\u00f1os al medio ambiente de otro.<\/p>\n\n\n\n<p>De igual modo, pidi\u00f3 que se respete la integridad territorial de cada naci\u00f3n y el derecho a la supervivencia, y que se fije el deber de promover y preservar los derechos humanos de las poblaciones contra los impactos nocivos del cambio clim\u00e1tico.<\/p>\n\n\n\n<p>ro\/mpv<\/p>\n","protected":false},"excerpt":{"rendered":"<p>diariodominicano.com Santo Domingo, 10 dic (Prensa Latina) Rep\u00fablica Dominicana present\u00f3 hoy ante la Corte Internacional de Justicia (CIJ) su postura sobre las obligaciones que deben tener los Estados frente al cambio clim\u00e1tico y pidi\u00f3 sancionar judicialmente las emisiones antropog\u00e9nicas de gases de efecto invernadero. Por primera vez este pa\u00eds particip\u00f3 en las audiencias que celebra [&hellip;]<\/p>\n","protected":false},"author":5,"featured_media":581699,"comment_status":"closed","ping_status":"closed","sticky":true,"template":"","format":"standard","meta":{"footnotes":""},"categories":[20,27],"tags":[],"class_list":["post-581698","post","type-post","status-publish","format-standard","has-post-thumbnail","hentry","category-dominicana-hoy","category-portada"],"_links":{"self":[{"href":"https:\/\/diariodominicano.com\/index.php?rest_route=\/wp\/v2\/posts\/581698","targetHints":{"allow":["GET"]}}],"collection":[{"href":"https:\/\/diariodominicano.com\/index.php?rest_route=\/wp\/v2\/posts"}],"about":[{"href":"https:\/\/diariodominicano.com\/index.php?rest_route=\/wp\/v2\/types\/post"}],"author":[{"embeddable":true,"href":"https:\/\/diariodominicano.com\/index.php?rest_route=\/wp\/v2\/users\/5"}],"replies":[{"embeddable":true,"href":"https:\/\/diariodominicano.com\/index.php?rest_route=%2Fwp%2Fv2%2Fcomments&post=581698"}],"version-history":[{"count":1,"href":"https:\/\/diariodominicano.com\/index.php?rest_route=\/wp\/v2\/posts\/581698\/revisions"}],"predecessor-version":[{"id":581700,"href":"https:\/\/diariodominicano.com\/index.php?rest_route=\/wp\/v2\/posts\/581698\/revisions\/581700"}],"wp:featuredmedia":[{"embeddable":true,"href":"https:\/\/diariodominicano.com\/index.php?rest_route=\/wp\/v2\/media\/581699"}],"wp:attachment":[{"href":"https:\/\/diariodominicano.com\/index.php?rest_route=%2Fwp%2Fv2%2Fmedia&parent=581698"}],"wp:term":[{"taxonomy":"category","embeddable":true,"href":"https:\/\/diariodominicano.com\/index.php?rest_route=%2Fwp%2Fv2%2Fcategories&post=581698"},{"taxonomy":"post_tag","embeddable":true,"href":"https:\/\/diariodominicano.com\/index.php?rest_route=%2Fwp%2Fv2%2Ftags&post=581698"}],"curies":[{"name":"wp","href":"https:\/\/api.w.org\/{rel}","templated":true}]}}