{"id":581695,"date":"2024-12-10T16:26:23","date_gmt":"2024-12-10T20:26:23","guid":{"rendered":"https:\/\/diariodominicano.com\/?p=581695"},"modified":"2024-12-10T16:26:31","modified_gmt":"2024-12-10T20:26:31","slug":"la-embajada-de-los-ee-uu-y-la-direccion-general-de-museos-presentan-el-manual-de-accesibilidad-e-inclusion-para-museos-y-la-exposicion-historias-que-nos-unen","status":"publish","type":"post","link":"https:\/\/diariodominicano.com\/?p=581695","title":{"rendered":"La Embajada de los EE.UU. y la Direcci\u00f3n General de Museos presentan el Manual de Accesibilidad e Inclusi\u00f3n para Museos y la Exposici\u00f3n \u00abHistorias que nos Unen\u00bb"},"content":{"rendered":"\n<p>diariodominicano.com<\/p>\n\n\n\n<p><strong>Santiago, R. D.,<\/strong>\u2002<strong>10 de diciembre, 2024.<\/strong>\u2013 La Embajada de los Estados Unidos en Santo Domingo y la Direcci\u00f3n General de Museos de la Rep\u00fablica Dominicana presentaron el Manual de Accesibilidad e Inclusi\u00f3n para Museos, una iniciativa destinada a fomentar el desarrollo de espacios culturales m\u00e1s inclusivos y accesibles para todos. En esta actividad tambi\u00e9n qued\u00f3 inaugurada la exposici\u00f3n \u00abHistorias que nos Unen: \u00a1Qu\u00e9 suene la Campana de la Libertad!\u00bb, un proyecto art\u00edstico que re\u00fane a nueve destacados artistas dominicanos. Esta muestra, ubicada en el primer nivel del Museo Monumento a los H\u00e9roes de la Restauraci\u00f3n, estar\u00e1 abierta al p\u00fablico hasta\u00a0<strong>enero de 2025.<\/strong>\u00a0<\/p>\n\n\n\n<p>Carlos And\u00fajar, director general de Museos, explic\u00f3 que \u201ceste manual proporciona pautas para dise\u00f1ar museos que sean espacios acogedores y accesibles para todos\u201d. La iniciativa de la co-autor\u00eda &nbsp;Magdalena Mieri, especialista estadounidense en accesibilidad e inclusi\u00f3n, y Mar\u00eda Belissa Ram\u00edrez, directora del Museo Monumento a los H\u00e9roes de la Restauraci\u00f3n, tiene como objetivo garantizar que todos los ciudadanos puedan disfrutar y participar del patrimonio cultural de la naci\u00f3n, sin barreras f\u00edsicas, cognitivas o sensoriales.&nbsp;<\/p>\n\n\n\n<p>El evento de presentaci\u00f3n cont\u00f3 con la participaci\u00f3n de Patricia Aguilera, encargada de Negocios de la Embajada de Estados Unidos en el pa\u00eds, quien destac\u00f3 la importancia de este manual para la construcci\u00f3n de museos m\u00e1s inclusivos. \u00abLos museos son m\u00e1s que simples repositorios de artefactos; son instituciones vitales que reflejan y moldean nuestra identidad colectiva. Sirven como espacios para el aprendizaje, la reflexi\u00f3n y el di\u00e1logo. Al priorizar la inclusi\u00f3n, aseguramos que estos espacios sean accesibles para todos, independientemente de sus habilidades f\u00edsicas, antecedentes socioecon\u00f3micos o herencia cultural\u00bb, afirm\u00f3 Aguilera.&nbsp;<\/p>\n\n\n\n<p>Por su parte, Mar\u00eda Belissa Ram\u00edrez resalt\u00f3 la relevancia de la accesibilidad en los museos como un derecho humano fundamental. \u00abEl Manual de Accesibilidad e Inclusi\u00f3n para Museos nos invita a repensar c\u00f3mo podemos hacer nuestros museos m\u00e1s inclusivos, utilizando herramientas innovadoras como gu\u00edas en braille y experiencias t\u00e1ctiles que responden a las necesidades de personas no videntes\u00bb, agreg\u00f3.&nbsp;<\/p>\n\n\n\n<p>La Direcci\u00f3n General de Museos continuar\u00e1 trabajando para garantizar que los espacios culturales en el pa\u00eds sean accesibles, inclusivos y significativos para todos. El Manual de Accesibilidad ser\u00e1 utilizado para seguir mejorando las experiencias en los museos del pa\u00eds, asegurando que la cultura y el patrimonio sean verdaderamente para todos.<\/p>\n\n\n\n<p>La exposici\u00f3n \u00abHistorias que nos Unen: \u00a1Que suene la campana de la libertad!\u00bb, que cuenta con la coordinaci\u00f3n de la Fundaci\u00f3n de Arte Arawak, es un proyecto art\u00edstico que re\u00fane a nueve artistas dominicanos y que presenta r\u00e9plicas a tama\u00f1o real de la ic\u00f3nica&nbsp;<em><strong>Campana de la Libertad de los Estados Unidos<\/strong><\/em>, transformadas por los artistas en obras de arte \u00fanicas que abordan temas como los valores democr\u00e1ticos, la libertad y la justicia.&nbsp;<\/p>\n\n\n\n<p>Los artistas que dieron vida a estas obras son Ezequiel Taveras, Judith Mora, Scherezade Garc\u00eda, Evaristo Angurria, Rafael Alba, In\u00e9s Tolentino, Amaya Salazar, Julio Valdez y Ferm\u00edn Ceballos. Adem\u00e1s, la exposici\u00f3n incluye un componente educativo dirigido especialmente a los m\u00e1s j\u00f3venes, quienes, a trav\u00e9s de talleres vivenciales podr\u00e1n expresar sus propias voces y reflexionar sobre la libertad, estimulando su creatividad y conect\u00e1ndolos con los valores que forjan una sociedad democr\u00e1tica y justa.\u00a0<\/p>\n\n\n\n<p>Embajada de los Estados Unidos<br>Santo Domingo<\/p>\n\n\n\n<figure class=\"wp-block-table\"><table><tbody><tr><td><strong>Embajada de los Estados Unidos en Santo Domingo <\/strong><br><strong> Departamento de Prensa<\/strong><\/td><\/tr><\/tbody><\/table><\/figure>\n","protected":false},"excerpt":{"rendered":"<p>diariodominicano.com Santiago, R. D.,\u200210 de diciembre, 2024.\u2013 La Embajada de los Estados Unidos en Santo Domingo y la Direcci\u00f3n General de Museos de la Rep\u00fablica Dominicana presentaron el Manual de Accesibilidad e Inclusi\u00f3n para Museos, una iniciativa destinada a fomentar el desarrollo de espacios culturales m\u00e1s inclusivos y accesibles para todos. En esta actividad tambi\u00e9n [&hellip;]<\/p>\n","protected":false},"author":5,"featured_media":581696,"comment_status":"closed","ping_status":"closed","sticky":true,"template":"","format":"standard","meta":{"footnotes":""},"categories":[21,36,27],"tags":[],"class_list":["post-581695","post","type-post","status-publish","format-standard","has-post-thumbnail","hentry","category-cultura","category-hombresmujeresycosas","category-portada"],"_links":{"self":[{"href":"https:\/\/diariodominicano.com\/index.php?rest_route=\/wp\/v2\/posts\/581695","targetHints":{"allow":["GET"]}}],"collection":[{"href":"https:\/\/diariodominicano.com\/index.php?rest_route=\/wp\/v2\/posts"}],"about":[{"href":"https:\/\/diariodominicano.com\/index.php?rest_route=\/wp\/v2\/types\/post"}],"author":[{"embeddable":true,"href":"https:\/\/diariodominicano.com\/index.php?rest_route=\/wp\/v2\/users\/5"}],"replies":[{"embeddable":true,"href":"https:\/\/diariodominicano.com\/index.php?rest_route=%2Fwp%2Fv2%2Fcomments&post=581695"}],"version-history":[{"count":1,"href":"https:\/\/diariodominicano.com\/index.php?rest_route=\/wp\/v2\/posts\/581695\/revisions"}],"predecessor-version":[{"id":581697,"href":"https:\/\/diariodominicano.com\/index.php?rest_route=\/wp\/v2\/posts\/581695\/revisions\/581697"}],"wp:featuredmedia":[{"embeddable":true,"href":"https:\/\/diariodominicano.com\/index.php?rest_route=\/wp\/v2\/media\/581696"}],"wp:attachment":[{"href":"https:\/\/diariodominicano.com\/index.php?rest_route=%2Fwp%2Fv2%2Fmedia&parent=581695"}],"wp:term":[{"taxonomy":"category","embeddable":true,"href":"https:\/\/diariodominicano.com\/index.php?rest_route=%2Fwp%2Fv2%2Fcategories&post=581695"},{"taxonomy":"post_tag","embeddable":true,"href":"https:\/\/diariodominicano.com\/index.php?rest_route=%2Fwp%2Fv2%2Ftags&post=581695"}],"curies":[{"name":"wp","href":"https:\/\/api.w.org\/{rel}","templated":true}]}}