{"id":581689,"date":"2024-12-10T13:35:47","date_gmt":"2024-12-10T17:35:47","guid":{"rendered":"https:\/\/diariodominicano.com\/?p=581689"},"modified":"2024-12-10T13:35:54","modified_gmt":"2024-12-10T17:35:54","slug":"carga-de-solidaridad-y-amor-de-republica-dominicana-para-cuba","status":"publish","type":"post","link":"https:\/\/diariodominicano.com\/?p=581689","title":{"rendered":"Carga de solidaridad y amor de Rep\u00fablica Dominicana para Cuba"},"content":{"rendered":"\n<p>diariodominicano.com<\/p>\n\n\n\n<p>Santo Domingo, 10 dic (Prensa Latina) Una nueva carga de donaciones para el pueblo de Cuba, afectado por varios fen\u00f3menos naturales, parti\u00f3 hoy de la Rep\u00fablica Dominicana como demostraci\u00f3n de la solidaridad de organizaciones de este pa\u00eds y cubanos residentes.<\/p>\n\n\n\n<p>Prensa Latina constat\u00f3 en el aeropuerto internacional de Las Am\u00e9ricas, Jos\u00e9 Francisco Pe\u00f1a G\u00f3mez, el proceso de traslado de las mercanc\u00edas hacia la aeronave, que muy pronto aterrizar\u00e1 en el Aeropuerto Internacional Jos\u00e9 Mart\u00ed, de La Habana.<\/p>\n\n\n\n<p>Se trata de 19 toneladas desglosadas en 14 transformadores el\u00e9ctricos, cajas con alimentos varios, entre estos az\u00facar morena, arroz y harina de trigo, adem\u00e1s de \u00fatiles escolares.<\/p>\n\n\n\n<p>Las donaciones para paliar los efectos nocivos de los recientes eventos meteorol\u00f3gicos en esa isla caribe\u00f1a procedentes de Quisqueya y de otras naciones demuestra que Cuba no est\u00e1 sola.<\/p>\n\n\n\n<p>El pasado fin de semana, durante la celebraci\u00f3n del 34 encuentro anual de la Campa\u00f1a dominicana de Solidaridad con Cuba, el embajador \u00c1ngel Arzuaga valor\u00f3 el gran movimiento de apoyo generado en este pa\u00eds tras los severos da\u00f1os al sistema el\u00e9ctrico nacional y la infraestructura en esa naci\u00f3n.<\/p>\n\n\n\n<p>El env\u00edo de la carga se realiza gracias al trabajo conjunto de la Asociaci\u00f3n Dominicana de Profesores, la Campa\u00f1a de Solidaridad con Cuba, el Partido Comunista del Trabajo, entre otras agrupaciones. Otras entregas se organizan.<\/p>\n\n\n\n<p>ro\/mpv<\/p>\n","protected":false},"excerpt":{"rendered":"<p>diariodominicano.com Santo Domingo, 10 dic (Prensa Latina) Una nueva carga de donaciones para el pueblo de Cuba, afectado por varios fen\u00f3menos naturales, parti\u00f3 hoy de la Rep\u00fablica Dominicana como demostraci\u00f3n de la solidaridad de organizaciones de este pa\u00eds y cubanos residentes. Prensa Latina constat\u00f3 en el aeropuerto internacional de Las Am\u00e9ricas, Jos\u00e9 Francisco Pe\u00f1a G\u00f3mez, [&hellip;]<\/p>\n","protected":false},"author":5,"featured_media":581690,"comment_status":"closed","ping_status":"closed","sticky":true,"template":"","format":"standard","meta":{"footnotes":""},"categories":[20,27],"tags":[],"class_list":["post-581689","post","type-post","status-publish","format-standard","has-post-thumbnail","hentry","category-dominicana-hoy","category-portada"],"_links":{"self":[{"href":"https:\/\/diariodominicano.com\/index.php?rest_route=\/wp\/v2\/posts\/581689","targetHints":{"allow":["GET"]}}],"collection":[{"href":"https:\/\/diariodominicano.com\/index.php?rest_route=\/wp\/v2\/posts"}],"about":[{"href":"https:\/\/diariodominicano.com\/index.php?rest_route=\/wp\/v2\/types\/post"}],"author":[{"embeddable":true,"href":"https:\/\/diariodominicano.com\/index.php?rest_route=\/wp\/v2\/users\/5"}],"replies":[{"embeddable":true,"href":"https:\/\/diariodominicano.com\/index.php?rest_route=%2Fwp%2Fv2%2Fcomments&post=581689"}],"version-history":[{"count":1,"href":"https:\/\/diariodominicano.com\/index.php?rest_route=\/wp\/v2\/posts\/581689\/revisions"}],"predecessor-version":[{"id":581691,"href":"https:\/\/diariodominicano.com\/index.php?rest_route=\/wp\/v2\/posts\/581689\/revisions\/581691"}],"wp:featuredmedia":[{"embeddable":true,"href":"https:\/\/diariodominicano.com\/index.php?rest_route=\/wp\/v2\/media\/581690"}],"wp:attachment":[{"href":"https:\/\/diariodominicano.com\/index.php?rest_route=%2Fwp%2Fv2%2Fmedia&parent=581689"}],"wp:term":[{"taxonomy":"category","embeddable":true,"href":"https:\/\/diariodominicano.com\/index.php?rest_route=%2Fwp%2Fv2%2Fcategories&post=581689"},{"taxonomy":"post_tag","embeddable":true,"href":"https:\/\/diariodominicano.com\/index.php?rest_route=%2Fwp%2Fv2%2Ftags&post=581689"}],"curies":[{"name":"wp","href":"https:\/\/api.w.org\/{rel}","templated":true}]}}