{"id":581686,"date":"2024-12-10T13:30:15","date_gmt":"2024-12-10T17:30:15","guid":{"rendered":"https:\/\/diariodominicano.com\/?p=581686"},"modified":"2024-12-10T13:30:21","modified_gmt":"2024-12-10T17:30:21","slug":"pn-y-mp-incautan-fusil-ilegal-armas-blancas-y-sustancia-ilicita-durante-allanamientos-en-villa-gonzalez","status":"publish","type":"post","link":"https:\/\/diariodominicano.com\/?p=581686","title":{"rendered":"PN y MP incautan fusil ilegal, armas blancas y sustancia il\u00edcita durante allanamientos en Villa Gonz\u00e1lez"},"content":{"rendered":"\n<p>diariodominicano.com<\/p>\n\n\n\n<p><strong>Santiago, R. D., 10 de diciembre de 2024.-<\/strong>\u00a0En un operativo conjunto, agentes de la Polic\u00eda Nacional adscritos a la Subdirecci\u00f3n Regional Cibao Central de Inteligencia (DINTEL), en colaboraci\u00f3n con miembros de la unidad SWAT, la Polic\u00eda Preventiva y representantes del Ministerio P\u00fablico, realizaron dos allanamientos, resultando con la incautaci\u00f3n de un fusil, armas blancas, sustancia il\u00edcita y celulares, en municipio de Villa Gonz\u00e1lez.<\/p>\n\n\n\n<p>Durante el operativo se logr\u00f3 incautar un fusil tipo carabina, sin documentos, una porci\u00f3n grande de presunto crack, dos celulares y cuatro armas blanca.<\/p>\n\n\n\n<p>En el operativo result\u00f3 detenido Carlos Manuel \u00c1lvarez M\u00e9ndez, (a) \u201cKili\u201d, quien ser\u00e1 sometido a la acci\u00f3n de la justicia. Asimismo, fueron conducidos dos ciudadanos haitianos para fines de investigaci\u00f3n.<\/p>\n\n\n\n<p>Las acciones fueron realizadas en cumplimiento de las \u00f3rdenes judiciales Nos. AJ0034985 y AJ0034982-2024, en el sector Banegas del municipio de Villa Gonz\u00e1lez.<\/p>\n\n\n\n<p>Los objetos ocupados y los detenidos se encuentran bajo la custodia del Ministerio P\u00fablico para los fines legales correspondientes.<\/p>\n\n\n\n<p>La Polic\u00eda Nacional reitera su compromiso de trabajar en conjunto con las autoridades judiciales para garantizar la seguridad ciudadana y combatir los actos il\u00edcitos.<\/p>\n\n\n\n<p><strong>Oficina de Informaci\u00f3n y Comunicaciones Estrat\u00e9gicas de la Direcci\u00f3n Regional Cibao Central de la Polic\u00eda Nacional<\/strong><\/p>\n","protected":false},"excerpt":{"rendered":"<p>diariodominicano.com Santiago, R. D., 10 de diciembre de 2024.-\u00a0En un operativo conjunto, agentes de la Polic\u00eda Nacional adscritos a la Subdirecci\u00f3n Regional Cibao Central de Inteligencia (DINTEL), en colaboraci\u00f3n con miembros de la unidad SWAT, la Polic\u00eda Preventiva y representantes del Ministerio P\u00fablico, realizaron dos allanamientos, resultando con la incautaci\u00f3n de un fusil, armas blancas, [&hellip;]<\/p>\n","protected":false},"author":5,"featured_media":581687,"comment_status":"closed","ping_status":"closed","sticky":true,"template":"","format":"standard","meta":{"footnotes":""},"categories":[29,27],"tags":[],"class_list":["post-581686","post","type-post","status-publish","format-standard","has-post-thumbnail","hentry","category-policiasucesos","category-portada"],"_links":{"self":[{"href":"https:\/\/diariodominicano.com\/index.php?rest_route=\/wp\/v2\/posts\/581686","targetHints":{"allow":["GET"]}}],"collection":[{"href":"https:\/\/diariodominicano.com\/index.php?rest_route=\/wp\/v2\/posts"}],"about":[{"href":"https:\/\/diariodominicano.com\/index.php?rest_route=\/wp\/v2\/types\/post"}],"author":[{"embeddable":true,"href":"https:\/\/diariodominicano.com\/index.php?rest_route=\/wp\/v2\/users\/5"}],"replies":[{"embeddable":true,"href":"https:\/\/diariodominicano.com\/index.php?rest_route=%2Fwp%2Fv2%2Fcomments&post=581686"}],"version-history":[{"count":1,"href":"https:\/\/diariodominicano.com\/index.php?rest_route=\/wp\/v2\/posts\/581686\/revisions"}],"predecessor-version":[{"id":581688,"href":"https:\/\/diariodominicano.com\/index.php?rest_route=\/wp\/v2\/posts\/581686\/revisions\/581688"}],"wp:featuredmedia":[{"embeddable":true,"href":"https:\/\/diariodominicano.com\/index.php?rest_route=\/wp\/v2\/media\/581687"}],"wp:attachment":[{"href":"https:\/\/diariodominicano.com\/index.php?rest_route=%2Fwp%2Fv2%2Fmedia&parent=581686"}],"wp:term":[{"taxonomy":"category","embeddable":true,"href":"https:\/\/diariodominicano.com\/index.php?rest_route=%2Fwp%2Fv2%2Fcategories&post=581686"},{"taxonomy":"post_tag","embeddable":true,"href":"https:\/\/diariodominicano.com\/index.php?rest_route=%2Fwp%2Fv2%2Ftags&post=581686"}],"curies":[{"name":"wp","href":"https:\/\/api.w.org\/{rel}","templated":true}]}}