{"id":581682,"date":"2024-12-10T13:21:00","date_gmt":"2024-12-10T17:21:00","guid":{"rendered":"https:\/\/diariodominicano.com\/?p=581682"},"modified":"2024-12-10T13:21:09","modified_gmt":"2024-12-10T17:21:09","slug":"presidente-brasileno-se-somete-con-exito-a-cirugia-para-drenar-hematoma-intracraneal","status":"publish","type":"post","link":"https:\/\/diariodominicano.com\/?p=581682","title":{"rendered":"Presidente brasile\u00f1o se somete con \u00e9xito a cirug\u00eda para drenar hematoma intracraneal"},"content":{"rendered":"\n<p>diariodominicano.com<\/p>\n\n\n\n<p>SAO PAULO, 10 dic (Xinhua) &#8212; El presidente brasile\u00f1o, Luiz In\u00e1cio Lula da Silva, de 79 a\u00f1os de edad, fue ingresado de urgencia la noche del lunes en el Hospital Sirio-Liban\u00e9s de Sao Paulo, donde fue sometido a una intervenci\u00f3n. cirug\u00eda para drenar un hematoma intracraneal, seg\u00fan fuentes m\u00e9dicas. El presidente est\u00e1 ingresado en la unidad de cuidados intensivos (UCI) bajo observaci\u00f3n y \u00abse encuentra bien\u00bb, afirm\u00f3 el hospital en su primer informe m\u00e9dico, divulgado la madrugada del martes. Seg\u00fan la parte m\u00e9dica, Lula acudi\u00f3 la noche del lunes a la unidad del Hospital Sirio-Liban\u00e9s en Brasilia, la capital federal, para someterse a un examen m\u00e9dico tras sentir dolor de cabeza. \u00abLa resonancia magn\u00e9tica mostr\u00f3 una hemorragia intracraneal como consecuencia del accidente sufrido en su residencia el 19 de octubre pasado\u00bb, indica el informe m\u00e9dico. Tras el diagn\u00f3stico, fue trasladado a la sede del Hospital Sirio-Liban\u00e9s en Sao Paulo, \u00abdonde fue sometido a una craneotom\u00eda para drenar un hematoma. La operaci\u00f3n transcurri\u00f3 sin incidentes. Por el momento, el presidente se encuentra bien, bajo observaci\u00f3n en una cama de la UCI\u00bb, detall\u00f3 la misma fuente. Los m\u00e9dicos que lo atienden anunciaron que dar\u00e1n una conferencia de prensa a las 09:00 hora local para ofrecer m\u00e1s detalles. El 19 de octubre, Lula se cay\u00f3 en un ba\u00f1o de la residencia presidencial, el Palacio de la Alvorada, en Brasilia, y se golpe\u00f3 la nuca, por lo que necesit\u00f3 cinco puntos y reposo. Los m\u00e9dicos le aconsejaron adem\u00e1s cancelar viajes de larga distancia, motivo por el cual ayud\u00f3 por videoconferencia a la cumbre de los BRICS que se celebr\u00f3 en Kaz\u00e1n, Rusia, el 23 de octubre. En septiembre de 2023, el presidente de Brasil se someti\u00f3 a una artroplastia total en el sector derecho de la cadera, una cirug\u00eda para reemplazar con una pr\u00f3tesis el cart\u00edlago desgastado de esa zona del cuerpo. Lula super\u00f3 un c\u00e1ncer en la garganta en 2012, con un tratamiento realizado en el mismo Hospital Sirio-Liban\u00e9s de Sao Paulo en el que se encuentra ingresado actualmente. El l\u00edder del Partido de los Trabajadores asumi\u00f3 un nuevo mandato de cuatro a\u00f1os el 1 de enero de 2023, luego de haber gobernado Brasil entre 2003 y 2010.<\/p>\n\n\n\n<figure class=\"wp-block-image size-full\"><img loading=\"lazy\" decoding=\"async\" width=\"670\" height=\"401\" src=\"https:\/\/diariodominicano.com\/wp-content\/uploads\/2024\/12\/Brasil-Hospital-en-brasil-lula-operado10-12-24.jpg\" alt=\"\" class=\"wp-image-581684\" srcset=\"https:\/\/diariodominicano.com\/wp-content\/uploads\/2024\/12\/Brasil-Hospital-en-brasil-lula-operado10-12-24.jpg 670w, https:\/\/diariodominicano.com\/wp-content\/uploads\/2024\/12\/Brasil-Hospital-en-brasil-lula-operado10-12-24-300x180.jpg 300w\" sizes=\"auto, (max-width: 670px) 100vw, 670px\" \/><\/figure>\n","protected":false},"excerpt":{"rendered":"<p>diariodominicano.com SAO PAULO, 10 dic (Xinhua) &#8212; El presidente brasile\u00f1o, Luiz In\u00e1cio Lula da Silva, de 79 a\u00f1os de edad, fue ingresado de urgencia la noche del lunes en el Hospital Sirio-Liban\u00e9s de Sao Paulo, donde fue sometido a una intervenci\u00f3n. cirug\u00eda para drenar un hematoma intracraneal, seg\u00fan fuentes m\u00e9dicas. El presidente est\u00e1 ingresado en [&hellip;]<\/p>\n","protected":false},"author":5,"featured_media":581683,"comment_status":"closed","ping_status":"closed","sticky":true,"template":"","format":"standard","meta":{"footnotes":""},"categories":[23,27],"tags":[],"class_list":["post-581682","post","type-post","status-publish","format-standard","has-post-thumbnail","hentry","category-internacional","category-portada"],"_links":{"self":[{"href":"https:\/\/diariodominicano.com\/index.php?rest_route=\/wp\/v2\/posts\/581682","targetHints":{"allow":["GET"]}}],"collection":[{"href":"https:\/\/diariodominicano.com\/index.php?rest_route=\/wp\/v2\/posts"}],"about":[{"href":"https:\/\/diariodominicano.com\/index.php?rest_route=\/wp\/v2\/types\/post"}],"author":[{"embeddable":true,"href":"https:\/\/diariodominicano.com\/index.php?rest_route=\/wp\/v2\/users\/5"}],"replies":[{"embeddable":true,"href":"https:\/\/diariodominicano.com\/index.php?rest_route=%2Fwp%2Fv2%2Fcomments&post=581682"}],"version-history":[{"count":1,"href":"https:\/\/diariodominicano.com\/index.php?rest_route=\/wp\/v2\/posts\/581682\/revisions"}],"predecessor-version":[{"id":581685,"href":"https:\/\/diariodominicano.com\/index.php?rest_route=\/wp\/v2\/posts\/581682\/revisions\/581685"}],"wp:featuredmedia":[{"embeddable":true,"href":"https:\/\/diariodominicano.com\/index.php?rest_route=\/wp\/v2\/media\/581683"}],"wp:attachment":[{"href":"https:\/\/diariodominicano.com\/index.php?rest_route=%2Fwp%2Fv2%2Fmedia&parent=581682"}],"wp:term":[{"taxonomy":"category","embeddable":true,"href":"https:\/\/diariodominicano.com\/index.php?rest_route=%2Fwp%2Fv2%2Fcategories&post=581682"},{"taxonomy":"post_tag","embeddable":true,"href":"https:\/\/diariodominicano.com\/index.php?rest_route=%2Fwp%2Fv2%2Ftags&post=581682"}],"curies":[{"name":"wp","href":"https:\/\/api.w.org\/{rel}","templated":true}]}}