{"id":581679,"date":"2024-12-10T13:02:12","date_gmt":"2024-12-10T17:02:12","guid":{"rendered":"https:\/\/diariodominicano.com\/?p=581679"},"modified":"2024-12-10T13:02:20","modified_gmt":"2024-12-10T17:02:20","slug":"biblioteca-nacional-celebra-cuarta-edicion-de-la-magia-de-la-navidad","status":"publish","type":"post","link":"https:\/\/diariodominicano.com\/?p=581679","title":{"rendered":"Biblioteca Nacional celebra cuarta edici\u00f3n de La Magia de la Navidad"},"content":{"rendered":"\n<p>diariodominicano.com<\/p>\n\n\n\n<p><strong>Santo Domingo,<\/strong> R. D.,\u2002<strong>10 de diciembre, 2024<\/strong>.-\u2002La Biblioteca Nacional Pedro Henr\u00edquez Ure\u00f1a (BNPHU) celebr\u00f3 la cuarta edici\u00f3n de \u201cLa Magia de la Navidad: Leyendo y Jugando\u201d, en el Parque Infantil de la Plaza de la Cultura.<\/p>\n\n\n\n<p>Este evento de integraci\u00f3n de los colaboradores y sus hijos incluy\u00f3 la participaci\u00f3n de la Escuela de M\u00fasica de la Fundaci\u00f3n Mauricio B\u00e1ez, entrega de regalos, brindis y un almuerzo, patrocinado por Comedores Econ\u00f3micos.<\/p>\n\n\n\n<p>Adem\u00e1s, la participaci\u00f3n de Cuentacuentos Calif\u00e9, patrocinado por el Banco de Reservas, la Escuela de Danza de Mauricio B\u00e1ez y un espect\u00e1culo con Santa y su grupo, dirigido por Alberto Enr\u00edquez Pe\u00f1a.<\/p>\n\n\n\n<p>Las palabras de bienvenida estuvieron a cargo del director de la BNPHU, el escritor y acad\u00e9mico Rafael Peralta Romero, quien destac\u00f3 la significaci\u00f3n de la \u00e9poca navide\u00f1a y de la lectura.<\/p>\n\n\n\n<p>Esta actividad fue patrocinada por el Voluntariado Banreservas, Centro Cultural Banreservas, BALDOM, Comedores Econ\u00f3micos, Enterex, Santillana,<\/p>\n\n\n\n<p>Hospital Dr. Jos\u00e9 Manuel Rodr\u00edguez Jim\u00e9nez, Clara Importaciones, La Famosa, Casa Michel, Brazaletes SDO, Centro Cuesta Nacional e INEFI.<\/p>\n\n\n\n<p>Adem\u00e1s, Cortes Hermanos, Agua Monte R\u00edo, Helados Bon, Mundo del Juguete, Juguet\u00f3n, Productos Jaj\u00e1, Centro Cultural Perell\u00f3, Fundaci\u00f3n Juan Bosch, Fundaci\u00f3n Garc\u00eda Ar\u00e9valo, Caf\u00e9 Santo Domingo, Fundaci\u00f3n Propa-Gas, Rainbow Dominicana, Ministerio de Educaci\u00f3n, MercaDulce Comercial, Mega Clean Gert, Hospital Miliar Universitario Docente \u201cRam\u00f3n de Lara\u201d y Fundaci\u00f3n Eduardo Le\u00f3n Jimenes.<\/p>\n\n\n\n<p><strong>Rafael Dar\u00edo Dur\u00e1n,<\/strong><\/p>\n\n\n\n<p><strong>Director de Comunicaci\u00f3n<\/strong><\/p>\n","protected":false},"excerpt":{"rendered":"<p>diariodominicano.com Santo Domingo, R. D.,\u200210 de diciembre, 2024.-\u2002La Biblioteca Nacional Pedro Henr\u00edquez Ure\u00f1a (BNPHU) celebr\u00f3 la cuarta edici\u00f3n de \u201cLa Magia de la Navidad: Leyendo y Jugando\u201d, en el Parque Infantil de la Plaza de la Cultura. Este evento de integraci\u00f3n de los colaboradores y sus hijos incluy\u00f3 la participaci\u00f3n de la Escuela de M\u00fasica [&hellip;]<\/p>\n","protected":false},"author":5,"featured_media":581680,"comment_status":"closed","ping_status":"closed","sticky":true,"template":"","format":"standard","meta":{"footnotes":""},"categories":[20,27],"tags":[],"class_list":["post-581679","post","type-post","status-publish","format-standard","has-post-thumbnail","hentry","category-dominicana-hoy","category-portada"],"_links":{"self":[{"href":"https:\/\/diariodominicano.com\/index.php?rest_route=\/wp\/v2\/posts\/581679","targetHints":{"allow":["GET"]}}],"collection":[{"href":"https:\/\/diariodominicano.com\/index.php?rest_route=\/wp\/v2\/posts"}],"about":[{"href":"https:\/\/diariodominicano.com\/index.php?rest_route=\/wp\/v2\/types\/post"}],"author":[{"embeddable":true,"href":"https:\/\/diariodominicano.com\/index.php?rest_route=\/wp\/v2\/users\/5"}],"replies":[{"embeddable":true,"href":"https:\/\/diariodominicano.com\/index.php?rest_route=%2Fwp%2Fv2%2Fcomments&post=581679"}],"version-history":[{"count":1,"href":"https:\/\/diariodominicano.com\/index.php?rest_route=\/wp\/v2\/posts\/581679\/revisions"}],"predecessor-version":[{"id":581681,"href":"https:\/\/diariodominicano.com\/index.php?rest_route=\/wp\/v2\/posts\/581679\/revisions\/581681"}],"wp:featuredmedia":[{"embeddable":true,"href":"https:\/\/diariodominicano.com\/index.php?rest_route=\/wp\/v2\/media\/581680"}],"wp:attachment":[{"href":"https:\/\/diariodominicano.com\/index.php?rest_route=%2Fwp%2Fv2%2Fmedia&parent=581679"}],"wp:term":[{"taxonomy":"category","embeddable":true,"href":"https:\/\/diariodominicano.com\/index.php?rest_route=%2Fwp%2Fv2%2Fcategories&post=581679"},{"taxonomy":"post_tag","embeddable":true,"href":"https:\/\/diariodominicano.com\/index.php?rest_route=%2Fwp%2Fv2%2Ftags&post=581679"}],"curies":[{"name":"wp","href":"https:\/\/api.w.org\/{rel}","templated":true}]}}