{"id":581675,"date":"2024-12-10T12:37:06","date_gmt":"2024-12-10T16:37:06","guid":{"rendered":"https:\/\/diariodominicano.com\/?p=581675"},"modified":"2024-12-10T12:37:15","modified_gmt":"2024-12-10T16:37:15","slug":"pierre-esperance-llama-a-haitianos-a-armarse-con-machetes-y-cortarle-la-cabeza-a-los-pandilleros-de-haiti","status":"publish","type":"post","link":"https:\/\/diariodominicano.com\/?p=581675","title":{"rendered":"Pierre Esp\u00e9rance, \u00a0llama a haitianos a armarse con machetes y cortarle la cabeza a los pandilleros de Hait\u00ed"},"content":{"rendered":"\n<p>diariodominicano.com<\/p>\n\n\n\n<p>Puerto Pr\u00edncipe, 10 dic (Prensa Latina) La Red Nacional para la Defensa de los Derechos Humanos de Hait\u00ed llam\u00f3 a la ciudadan\u00eda a armarse con machetes y cortarle la cabeza a los pandilleros, causantes del martirio que vive hoy el pa\u00eds caribe\u00f1o.<\/p>\n\n\n<div class=\"wp-block-image\">\n<figure class=\"alignleft size-full is-resized\"><img loading=\"lazy\" decoding=\"async\" width=\"995\" height=\"512\" src=\"https:\/\/diariodominicano.com\/wp-content\/uploads\/2024\/12\/Haiti-Pierre-Esperance-Red-de-derechos-humanos-de-Haiti10-12-24.png\" alt=\"\" class=\"wp-image-581677\" style=\"width:436px;height:auto\" srcset=\"https:\/\/diariodominicano.com\/wp-content\/uploads\/2024\/12\/Haiti-Pierre-Esperance-Red-de-derechos-humanos-de-Haiti10-12-24.png 995w, https:\/\/diariodominicano.com\/wp-content\/uploads\/2024\/12\/Haiti-Pierre-Esperance-Red-de-derechos-humanos-de-Haiti10-12-24-300x154.png 300w, https:\/\/diariodominicano.com\/wp-content\/uploads\/2024\/12\/Haiti-Pierre-Esperance-Red-de-derechos-humanos-de-Haiti10-12-24-768x395.png 768w, https:\/\/diariodominicano.com\/wp-content\/uploads\/2024\/12\/Haiti-Pierre-Esperance-Red-de-derechos-humanos-de-Haiti10-12-24-816x420.png 816w\" sizes=\"auto, (max-width: 995px) 100vw, 995px\" \/><\/figure>\n<\/div>\n\n\n<p>El director ejecutivo de la organizaci\u00f3n, Pierre Esp\u00e9rance, consider\u00f3 que esta es la forma de protegerse de los actos violentos de los bandidos.<\/p>\n\n\n\n<p>\u00abLa poblaci\u00f3n debe seguir defendi\u00e9ndose de los ataques de las pandillas en leg\u00edtima defensa\u00bb, sostuvo Esp\u00e9rance citado por el diario digital Le Facteur Haiti.<\/p>\n\n\n\n<p>Record\u00f3 que recientemente 96 bandidos fueron aniquilados en Puerto Pr\u00edncipe, gracias a la unidad policial-vecinal. Este llamamiento fue emitido en medio de la consternaci\u00f3n de la ciudadan\u00eda haitiana por la muerte a machetazos de 110 ancianos a manos de una pandilla, cuyo jefe fue influenciado por un sacerdote vud\u00fa.<\/p>\n\n\n\n<p>El hijo del g\u00e1nster Micanor Altes alias Wa Mikano estaba muriendo, y el l\u00edder religioso le dijo que su desgracia era debido a que los practicantes de la brujer\u00eda lanzaron un hechizo mortal contra su descendiente, y lo enfermaron hasta dejarlo moribundo.<\/p>\n\n\n\n<p>Este chico muri\u00f3, y su padre en venganza localiz\u00f3 a todos los brujeros que pudo, y con su banda y a filo de machete acab\u00f3 con esas personas mayores, precis\u00f3 en un parte preliminar la Red Nacional de Derechos Humanos en Hait\u00ed.<\/p>\n\n\n\n<p>La masacre comenz\u00f3 el s\u00e1bado y culmin\u00f3 el domingo en el sector Wharf Jeremie de Cit\u00e9 Soleil en Puerto Pr\u00edncipe.<\/p>\n\n\n\n<p>mem\/joe<\/p>\n","protected":false},"excerpt":{"rendered":"<p>diariodominicano.com Puerto Pr\u00edncipe, 10 dic (Prensa Latina) La Red Nacional para la Defensa de los Derechos Humanos de Hait\u00ed llam\u00f3 a la ciudadan\u00eda a armarse con machetes y cortarle la cabeza a los pandilleros, causantes del martirio que vive hoy el pa\u00eds caribe\u00f1o. El director ejecutivo de la organizaci\u00f3n, Pierre Esp\u00e9rance, consider\u00f3 que esta es [&hellip;]<\/p>\n","protected":false},"author":5,"featured_media":581676,"comment_status":"closed","ping_status":"closed","sticky":true,"template":"","format":"standard","meta":{"footnotes":""},"categories":[112,23,27],"tags":[],"class_list":["post-581675","post","type-post","status-publish","format-standard","has-post-thumbnail","hentry","category-haiti","category-internacional","category-portada"],"_links":{"self":[{"href":"https:\/\/diariodominicano.com\/index.php?rest_route=\/wp\/v2\/posts\/581675","targetHints":{"allow":["GET"]}}],"collection":[{"href":"https:\/\/diariodominicano.com\/index.php?rest_route=\/wp\/v2\/posts"}],"about":[{"href":"https:\/\/diariodominicano.com\/index.php?rest_route=\/wp\/v2\/types\/post"}],"author":[{"embeddable":true,"href":"https:\/\/diariodominicano.com\/index.php?rest_route=\/wp\/v2\/users\/5"}],"replies":[{"embeddable":true,"href":"https:\/\/diariodominicano.com\/index.php?rest_route=%2Fwp%2Fv2%2Fcomments&post=581675"}],"version-history":[{"count":1,"href":"https:\/\/diariodominicano.com\/index.php?rest_route=\/wp\/v2\/posts\/581675\/revisions"}],"predecessor-version":[{"id":581678,"href":"https:\/\/diariodominicano.com\/index.php?rest_route=\/wp\/v2\/posts\/581675\/revisions\/581678"}],"wp:featuredmedia":[{"embeddable":true,"href":"https:\/\/diariodominicano.com\/index.php?rest_route=\/wp\/v2\/media\/581676"}],"wp:attachment":[{"href":"https:\/\/diariodominicano.com\/index.php?rest_route=%2Fwp%2Fv2%2Fmedia&parent=581675"}],"wp:term":[{"taxonomy":"category","embeddable":true,"href":"https:\/\/diariodominicano.com\/index.php?rest_route=%2Fwp%2Fv2%2Fcategories&post=581675"},{"taxonomy":"post_tag","embeddable":true,"href":"https:\/\/diariodominicano.com\/index.php?rest_route=%2Fwp%2Fv2%2Ftags&post=581675"}],"curies":[{"name":"wp","href":"https:\/\/api.w.org\/{rel}","templated":true}]}}