{"id":581644,"date":"2024-12-10T03:05:01","date_gmt":"2024-12-10T07:05:01","guid":{"rendered":"https:\/\/diariodominicano.com\/?p=581644"},"modified":"2024-12-10T03:06:50","modified_gmt":"2024-12-10T07:06:50","slug":"investigador-de-la-universitat-politecnica-de-valencia-considera-necesario-uso-de-bioaditivos-para-formulacion-y-desarrollo-de-bioplasticos","status":"publish","type":"post","link":"https:\/\/diariodominicano.com\/?p=581644","title":{"rendered":"Investigador de la Universitat Polit\u00e8cnica de Val\u00e8ncia considera necesario uso de bioaditivos para formulaci\u00f3n y desarrollo de biopl\u00e1sticos"},"content":{"rendered":"\n<p>Harrison de la Rosa Ram\u00edrez<\/p>\n\n\n\n<p><em>La UPV y el Instituto Tecnol\u00f3gico de Santo Domingo (INTEC) transfieren conocimientos para llevar a cabo investigaciones enfocadas en temas de biopl\u00e1sticos<\/em><\/p>\n\n\n\n<p>SANTO DOMINGO.- Harrison de la Rosa Ram\u00edrez, investigador y l\u00edder de proyectos de la Universitat Polit\u00e8cnica de Val\u00e8ncia(UPV), present\u00f3 a docentes e investigadores del \u00c1rea de Ciencias B\u00e1sicas y Ambientales del Instituto Tecnol\u00f3gico de Santo Domingo (INTEC), as\u00ed como a las empresas presentes, los beneficios del uso de bioaditivos para la formulaci\u00f3n de pl\u00e1sticos biodegradables.<\/p>\n\n\n\n<p>Durante el encuentro realizado en el edificio Eduardo Latorre (EL), del cual participaron representantes de empresas productoras de pl\u00e1sticos del pa\u00eds, De La Rosa comparti\u00f3 la aplicaci\u00f3n de estos productos para el eficiente desarrollo de biopl\u00e1sticos a gran escala en el marco de colaboraci\u00f3n entre la UPV y el INTEC, en el que ambas instituciones se comprometen a transferir conocimientos para el desarrollo de investigaciones en temas medioambientales.<\/p>\n\n\n\n<figure class=\"wp-block-image size-full\"><img loading=\"lazy\" decoding=\"async\" width=\"1010\" height=\"704\" src=\"https:\/\/diariodominicano.com\/wp-content\/uploads\/2024\/12\/Investigador-de-la-Universitat-Politecnica-de-Valencia-considera-necesario-uso-de-bioaditivos-para-formulacion-y-desarrollo-de-bioplasticos-1.jpg\" alt=\"\" class=\"wp-image-581647\" srcset=\"https:\/\/diariodominicano.com\/wp-content\/uploads\/2024\/12\/Investigador-de-la-Universitat-Politecnica-de-Valencia-considera-necesario-uso-de-bioaditivos-para-formulacion-y-desarrollo-de-bioplasticos-1.jpg 1010w, https:\/\/diariodominicano.com\/wp-content\/uploads\/2024\/12\/Investigador-de-la-Universitat-Politecnica-de-Valencia-considera-necesario-uso-de-bioaditivos-para-formulacion-y-desarrollo-de-bioplasticos-1-300x209.jpg 300w, https:\/\/diariodominicano.com\/wp-content\/uploads\/2024\/12\/Investigador-de-la-Universitat-Politecnica-de-Valencia-considera-necesario-uso-de-bioaditivos-para-formulacion-y-desarrollo-de-bioplasticos-1-768x535.jpg 768w, https:\/\/diariodominicano.com\/wp-content\/uploads\/2024\/12\/Investigador-de-la-Universitat-Politecnica-de-Valencia-considera-necesario-uso-de-bioaditivos-para-formulacion-y-desarrollo-de-bioplasticos-1-816x569.jpg 816w\" sizes=\"auto, (max-width: 1010px) 100vw, 1010px\" \/><\/figure>\n\n\n\n<p>\u201cDentro de los retos que presenta la utilizaci\u00f3n de ciertos Biopl\u00e1sticos, se encuentra la baja capacidad de estos materiales para emplearse en usos comunes. Un ejemplo de ello es la fabricaci\u00f3n de bolsas para empaque y embalaje a trav\u00e9s del uso de un biopl\u00e1stico como el \u00e1cido polil\u00e1ctico (PLA), cuyas caracter\u00edsticas, incluyendo su alta rigidez, dificultan la obtenci\u00f3n de bolsas flexibles\u201d, explic\u00f3 el investigador.<\/p>\n\n\n\n<p>A partir de las investigaciones desarrolladas en la UPV, consider\u00f3 necesaria la incorporaci\u00f3n de aditivos que permitan flexibilizar, proveer de ductilidad al material PLA. \u201cPor tanto, en lugar de utilizar un plastificante (aditivo)de origen no renovable y que es sint\u00e9tico, entonces recurrimos al uso de un bioaditivo. Ese bioaditivo de origen renovable, permitir\u00eda mantener las caracter\u00edsticas intr\u00ednsecas de biodegradabilidad del PLA, dijo.<\/p>\n\n\n\n<p>En este contexto, los bioaditivos&nbsp;son compuestos que se a\u00f1aden a los biopl\u00e1sticos con el fin de modificar sus propiedades o para cumplir con ciertos requisitos de sostenibilidad.&nbsp;Esos bioaditivos se extraen de materias primas que est\u00e1n disponibles en la naturaleza. Como son, la resina de pino y la resina del \u00e1rbol de melocot\u00f3nejemplos presentados por De La Rosa y temas de investigaci\u00f3n dirigidos actualmente por el doctor Juan L\u00f3pez Mart\u00ednez<\/p>\n\n\n\n<p>El investigador agreg\u00f3 que tambi\u00e9n se pueden incorporar aceites que se extraen de productos naturales como es el ma\u00edz, la soja y la semilla de girasol. \u201cTenemos sobre la mesa el tema de la resina extra\u00edda de la flor de una planta ex\u00f3tica, el cual est\u00e1 en fase de redacci\u00f3n para llevarse a un tema de publicaci\u00f3n. Actualmente, esta resina se est\u00e1 intentando incorporar a la matriz polim\u00e9rica del \u00e1cido polil\u00e1ctico (PLA) y el TPS, que es el almid\u00f3n termopl\u00e1stico, para ver cu\u00e1l es su efecto\u201d, anunci\u00f3.<\/p>\n\n\n\n<p>\u201cLa&nbsp;idea en este caso es llevar los resultados de laboratorio que en un momento se logr\u00f3 en el INTEC a que sea industrialmente viable, y esos trabajos fueron los que Harrison present\u00f3 hoy como muestra\u201d expres\u00f3 Yaset Rodr\u00edguez, docente del \u00c1rea de Ciencias B\u00e1sicas del INTEC al referirse a los proyectos de biopl\u00e1sticos realizados por estudiantes de las carreras de Licenciatura en Biotecnolog\u00eda, Licenciatura en Bioqu\u00edmica y del \u00c1rea de Ingenier\u00edas a partir de fibra de coco y almid\u00f3n de yuca.<\/p>\n\n\n\n<p>Rodr\u00edguez agreg\u00f3 que es necesario esperar los resultados de los an\u00e1lisis realizados en&nbsp;el Laboratorio para Estudios de Ecotoxicolog\u00eda y Biodegradabilidad&nbsp;del INTEC para conocer las aplicaciones de estos biopl\u00e1sticos.<\/p>\n\n\n\n<p><strong>Colaboraci\u00f3n del INTEC y la UPV<\/strong><\/p>\n\n\n\n<p>Durante una visita de Julio S\u00e1nchez Mar\u00ed\u00f1ez, rector del INTEC, a la sede de esa universidad en Valencia, Espa\u00f1a, acad\u00e9micos contemplaron la necesidad de colaborar entre los institutos, centros y grupos profesorales de investigaci\u00f3n de ambas universidades, en particular los enfocados en la industria del pl\u00e1stico, en energ\u00eda, y movilidad y transporte.<\/p>\n\n\n\n<p>Mar\u00ed\u00f1ez, acompa\u00f1ado por el profesor del \u00c1rea de Ingenier\u00edas Jorge Miranda, expres\u00f3 al rector de la UPV Jos\u00e9 E. Capilla Rom\u00e1 la alta valoraci\u00f3n de la academia con respecto a los resultados de sus relaciones, como es el caso de las maestr\u00edas con doble titulaci\u00f3n en Log\u00edstica y Gesti\u00f3n de Proyectos que han implementado las universidades a la fecha; a su vez, evaluaron la posibilidad de que profesores del INTEC puedan realizar estudios doctorales en la UPV, as\u00ed como contar con el asesoramiento en el desarrollo de programas de doctorados industriales.<\/p>\n\n\n\n<p>\u201cLa colaboraci\u00f3n de la UPV e INTEC surge del inter\u00e9s de promover el uso ecoeficiente de los materiales, de manera que el conocimiento de UPV sea transferido a INTEC, y la experiencia de INTEC sea tambi\u00e9n transferido a UPV\u201d, expres\u00f3 De La Rosa, quien record\u00f3 que los lazos de colaboraci\u00f3n no solo van dirigidos a la transferencia de conocimiento, sino tambi\u00e9n en el intercambio de estudiantes entre ambas instituciones universitarias.<\/p>\n\n\n\n<p>La Universidad Polit\u00e9cnica de Valencia (UPV) se posiciona entre las 500 mejores universidades del mundo seg\u00fan el ranking de Shangai (Academic Ranking of World Universities -ARWU)- y entre las primeras 400 seg\u00fan el QS World University Rankings. La visita a UPV del a\u00f1o pasado que produjo un acuerdo de colaboraci\u00f3n entre ambas instituciones, form\u00f3 parte de una agenda de visitas estrat\u00e9gicas realizadas por el rector del INTEC, con miras a estrechar los lazos con instituciones europeas a partir del Plan Estrat\u00e9gico 2023-2027.<\/p>\n\n\n\n<p>Xiara Paulino &#8211; INTEC<\/p>\n\n\n\n<p>Xiara Paulino &#8211; INTEC (De tus contactos de Google)<\/p>\n\n\n\n<p><a target=\"_blank\" href=\"mailto:xiara.paulino@intec.edu.do\" rel=\"noreferrer noopener\">xiara.paulino@intec.edu.do<\/a><\/p>\n\n\n\n<p><strong>Direcci\u00f3n de Comunicaci\u00f3n Institucional<\/strong><\/p>\n\n\n\n<p><strong>9 de diciembre, 2024<\/strong><\/p>\n","protected":false},"excerpt":{"rendered":"<p>Harrison de la Rosa Ram\u00edrez La UPV y el Instituto Tecnol\u00f3gico de Santo Domingo (INTEC) transfieren conocimientos para llevar a cabo investigaciones enfocadas en temas de biopl\u00e1sticos SANTO DOMINGO.- Harrison de la Rosa Ram\u00edrez, investigador y l\u00edder de proyectos de la Universitat Polit\u00e8cnica de Val\u00e8ncia(UPV), present\u00f3 a docentes e investigadores del \u00c1rea de Ciencias B\u00e1sicas [&hellip;]<\/p>\n","protected":false},"author":28,"featured_media":581645,"comment_status":"closed","ping_status":"closed","sticky":true,"template":"","format":"standard","meta":{"footnotes":""},"categories":[36,25],"tags":[],"class_list":["post-581644","post","type-post","status-publish","format-standard","has-post-thumbnail","hentry","category-hombresmujeresycosas","category-gente"],"_links":{"self":[{"href":"https:\/\/diariodominicano.com\/index.php?rest_route=\/wp\/v2\/posts\/581644","targetHints":{"allow":["GET"]}}],"collection":[{"href":"https:\/\/diariodominicano.com\/index.php?rest_route=\/wp\/v2\/posts"}],"about":[{"href":"https:\/\/diariodominicano.com\/index.php?rest_route=\/wp\/v2\/types\/post"}],"author":[{"embeddable":true,"href":"https:\/\/diariodominicano.com\/index.php?rest_route=\/wp\/v2\/users\/28"}],"replies":[{"embeddable":true,"href":"https:\/\/diariodominicano.com\/index.php?rest_route=%2Fwp%2Fv2%2Fcomments&post=581644"}],"version-history":[{"count":3,"href":"https:\/\/diariodominicano.com\/index.php?rest_route=\/wp\/v2\/posts\/581644\/revisions"}],"predecessor-version":[{"id":581650,"href":"https:\/\/diariodominicano.com\/index.php?rest_route=\/wp\/v2\/posts\/581644\/revisions\/581650"}],"wp:featuredmedia":[{"embeddable":true,"href":"https:\/\/diariodominicano.com\/index.php?rest_route=\/wp\/v2\/media\/581645"}],"wp:attachment":[{"href":"https:\/\/diariodominicano.com\/index.php?rest_route=%2Fwp%2Fv2%2Fmedia&parent=581644"}],"wp:term":[{"taxonomy":"category","embeddable":true,"href":"https:\/\/diariodominicano.com\/index.php?rest_route=%2Fwp%2Fv2%2Fcategories&post=581644"},{"taxonomy":"post_tag","embeddable":true,"href":"https:\/\/diariodominicano.com\/index.php?rest_route=%2Fwp%2Fv2%2Ftags&post=581644"}],"curies":[{"name":"wp","href":"https:\/\/api.w.org\/{rel}","templated":true}]}}