{"id":581603,"date":"2024-12-10T02:24:03","date_gmt":"2024-12-10T06:24:03","guid":{"rendered":"https:\/\/diariodominicano.com\/?p=581603"},"modified":"2024-12-10T02:25:39","modified_gmt":"2024-12-10T06:25:39","slug":"quien-es-abu-mohammed-al-golani-lider-de-la-insurgencia-que-derroco-a-assad-en-siria","status":"publish","type":"post","link":"https:\/\/diariodominicano.com\/?p=581603","title":{"rendered":"\u00bfQui\u00e9n es Abu Mohammed al Golani, l\u00edder de la insurgencia que derroc\u00f3 a Assad en Siria?"},"content":{"rendered":"\n<p>El l\u00edder del grupo islamista sirio Hayat Tahrir al-Sham (HTS), que encabez\u00f3 una ofensiva rebelde para derrocar al gobierno en Siria, Abu Mohammed al-Jolani, se dirige a una multitud en la emblem\u00e1tica Mezquita Omeya de Damasco, el 8 de diciembre de 2024.<\/p>\n\n\n\n<p>diciembre 09, 2024<\/p>\n\n\n\n<ul class=\"wp-block-list\">\n<li><a href=\"https:\/\/www.vozdeamerica.com\/author\/associated-press\/v_kyr\">Associated Press<\/a><\/li>\n<\/ul>\n\n\n\n<ul class=\"wp-block-list\">\n<li><a href=\"https:\/\/facebook.com\/sharer.php?u=https%3a%2f%2fwww.vozdeamerica.com%2fa%2fquien-es-abu-mohammed-al-golani-lider-insurgencia-que-derroco-a-assad-en-siria-%2f7892305.html\" target=\"_blank\" rel=\"noreferrer noopener\"><\/a><\/li>\n\n\n\n<li><a href=\"https:\/\/twitter.com\/share?url=https%3a%2f%2fwww.vozdeamerica.com%2fa%2fquien-es-abu-mohammed-al-golani-lider-insurgencia-que-derroco-a-assad-en-siria-%2f7892305.html&amp;text=%c2%bfQui%c3%a9n+es+Abu+Mohammed+al+Golani%2c+l%c3%adder+de+la+insurgencia+que+derroc%c3%b3+a+Assad+en+Siria%3f\" target=\"_blank\" rel=\"noreferrer noopener\"><\/a><\/li>\n\n\n\n<li><\/li>\n\n\n\n<li><a href=\"mailto:?body=https%3a%2f%2fwww.vozdeamerica.com%2fa%2fquien-es-abu-mohammed-al-golani-lider-insurgencia-que-derroco-a-assad-en-siria-%2f7892305.html&amp;subject=%C2%BFQui%C3%A9n%20es%20Abu%20Mohammed%20al%20Golani,%20l%C3%ADder%20de%20la%20insurgencia%20que%20derroc%C3%B3%20a%20Assad%20en%20Siria?\"><\/a><\/li>\n<\/ul>\n\n\n\n<p><a href=\"https:\/\/www.vozdeamerica.com\/a\/quien-es-abu-mohammed-al-golani-lider-insurgencia-que-derroco-a-assad-en-siria-\/7892305.html#comments\">&nbsp;Vea comentarios<\/a><\/p>\n\n\n\n<p>Durante la lucha por derrocar al presidente sirio Bashar Al-Assad surgi\u00f3 una nueva figura, el l\u00edder de las fuerzas rebeldes Abu Mohammed al Golani, quien ha pasado a\u00f1os trabajando para dejar su imagen de extremista en favor de una m\u00e1s a tono con la de un posible jefe de Estado.<\/p>\n\n\n\n<p>Beirut \u2014&nbsp;<\/p>\n\n\n\n<p>Abu Mohammed al Golani, el l\u00edder miliciano cuya sorprendente insurgencia&nbsp;<em><strong><a href=\"https:\/\/www.vozdeamerica.com\/a\/rebeldes-sirios-derrocan-al-presidente-assad-de-quien-se-desconoce-su-paradero\/7891467.html\" target=\"_blank\" rel=\"noreferrer noopener\">derroc\u00f3 al presidente de Siria, Bashar Al-Assad<\/a><\/strong><\/em>, ha pasado a\u00f1os trabajando para remodelar su imagen p\u00fablica, renunciando a sus antiguos lazos con Al Qaeda y present\u00e1ndose como un campe\u00f3n del pluralismo y la tolerancia. En los \u00faltimos d\u00edas, la insurgencia incluso abandon\u00f3 su nombre de guerra y comenz\u00f3 a referirse a \u00e9l por su nombre real, Ahmad al-Sharaa.<\/p>\n\n\n\n<p>El alcance de esa transformaci\u00f3n de extremista yihadista a constructor de un Estado potencial se ve ahora a prueba.<\/p>\n\n\n\n<p>Los insurgentes controlan la capital, Damasco, Assad ha huido y se esconde, y por primera vez despu\u00e9s de 50 a\u00f1os de mano de hierro de su familia, no est\u00e1 claro c\u00f3mo se gobernar\u00e1 Siria.<\/p>\n\n\n\n<p>Siria es hogar de m\u00faltiples comunidades \u00e9tnicas y religiosas, a menudo enfrentadas entre s\u00ed por el Estado de Assad y a\u00f1os de guerra. Muchas de ellas temen la posibilidad de que extremistas islamistas sun\u00edes tomen el control. El pa\u00eds tambi\u00e9n est\u00e1 fragmentado entre facciones armadas dispares, y potencias extranjeras desde Rusia e Ir\u00e1n hasta Estados Unidos, Turqu\u00eda e Israel, juegan un papel all\u00ed.<\/p>\n\n\n\n<p><a href=\"https:\/\/www.vozdeamerica.com\/a\/cronologia-caida-de-assad-siguio-a-anios-de-derramamiento-de-sangre-y-division\/7892295.html\"><\/a><\/p>\n\n\n\n<p><a href=\"https:\/\/www.vozdeamerica.com\/a\/cronologia-caida-de-assad-siguio-a-anios-de-derramamiento-de-sangre-y-division\/7892295.html\">Tambi\u00e9n lea<\/a><\/p>\n\n\n\n<h4 class=\"wp-block-heading\"><a href=\"https:\/\/www.vozdeamerica.com\/a\/cronologia-caida-de-assad-siguio-a-anios-de-derramamiento-de-sangre-y-division\/7892295.html\">Cronolog\u00eda: La ca\u00edda de Assad sigui\u00f3 a a\u00f1os de derramamiento de sangre y divisi\u00f3n<\/a><\/h4>\n\n\n\n<p>Al Golani, de 42 a\u00f1os \u2014 considerado como terrorista por Estados Unidos \u2014 no ha aparecido p\u00fablicamente desde que Damasco cay\u00f3 el domingo. Pero \u00e9l y su fuerza insurgente, Hayat Tahrir al-Sham, o HTS \u2014 muchos de cuyos combatientes son yihadistas \u2014 ser\u00e1n un actor principal.<\/p>\n\n\n\n<p>Durante a\u00f1os, Al Golani trabaj\u00f3 para consolidar el poder cuando estaba confinado en la provincia de Idlib, en el rinc\u00f3n noroeste de Siria, mientras el gobierno de Assad, respaldado por Ir\u00e1n y Rusia, parec\u00eda s\u00f3lido en gran parte del pa\u00eds.<\/p>\n\n\n\n<p>Maniobr\u00f3 entre organizaciones extremistas mientras eliminaba competidores y antiguos aliados. Busc\u00f3 pulir la imagen del \u201cgobierno de salvaci\u00f3n\u201d de facto que ha estado gobernando Idlib para ganarse a los gobiernos internacionales y tranquilizar a las minor\u00edas religiosas y \u00e9tnicas de Siria. Y tendi\u00f3 lazos con varias tribus y otros grupos.<\/p>\n\n\n\n<p>En el camino, Al Golani se deshizo de su atuendo de guerrillero islamista radical y se puso trajes para entrevistas de prensa, hablando de construir instituciones estatales y descentralizar el poder para reflejar la diversidad de Siria.<\/p>\n\n\n\n<figure class=\"wp-block-image\"><img decoding=\"async\" src=\"https:\/\/gdb.voanews.com\/f0386a37-f793-4762-b316-8a8e5c411f8e_w650_r1_s.jpg\" alt=\"El l\u00edder del grupo islamista sirio Hayat Tahrir al-Sham (HTS), Abu Mohammed al-Golani, se dirige a una multitud en la emblem\u00e1tica mezquita Omeya de la capital el 8 de diciembre de 2024.\"\/><figcaption class=\"wp-element-caption\">El l\u00edder del grupo islamista sirio Hayat Tahrir al-Sham (HTS), Abu Mohammed al-Golani, se dirige a una multitud en la emblem\u00e1tica mezquita Omeya de la capital el 8 de diciembre de 2024.<\/figcaption><\/figure>\n\n\n\n<p>\u201cSiria merece un sistema de gobierno institucional, no uno donde un solo gobernante tome decisiones arbitrarias\u201d, dijo en una entrevista con CNN la semana pasada, ofreciendo la posibilidad de que HTS eventualmente se disuelva despu\u00e9s de la ca\u00edda de Assad.<\/p>\n\n\n\n<p>\u201cNo juzgues por las palabras, sino por los actos\u201d, dijo.<\/p>\n\n\n\n<h3 class=\"wp-block-heading\">Los comienzos de Al Golani en Irak<\/h3>\n\n\n\n<p>Los lazos de Al Golani con Al Qaeda se remontan a 2003, cuando se uni\u00f3 a extremistas que combat\u00edan a las tropas estadounidenses en Irak. El miliciano sirio fue detenido por el ej\u00e9rcito de Estados Unidos pero permaneci\u00f3 en Irak. Durante ese tiempo, Al Qaeda usurp\u00f3 grupos afines y form\u00f3 el Estado Isl\u00e1mico de Irak, liderado por Abu Bakr al Baghdadi.<\/p>\n\n\n\n<p><video poster=\"https:\/\/gdb.voanews.com\/be354d0b-fec9-4bf2-a985-c01b0006b843_tv_w650_r1.jpg\" src=\"blob:https:\/\/www.vozdeamerica.com\/ea7c3928-76dd-4d1f-a6c1-34a196f5af81\" height=\"381\" width=\"676\"><\/video><\/p>\n\n\n\n<h5 class=\"wp-block-heading\"><a href=\"https:\/\/www.vozdeamerica.com\/a\/7892711.html\" target=\"_blank\" rel=\"noreferrer noopener\">L\u00edder de las fuerzas rebeldes sirias pide a los combatientes que se retiren de las call<\/a><\/h5>\n\n\n\n<hr class=\"wp-block-separator has-alpha-channel-opacity\"\/>\n\n\n\n<ul class=\"wp-block-list\">\n<li><a href=\"https:\/\/facebook.com\/sharer.php?u=https%3a%2f%2fwww.vozdeamerica.com%2fa%2f7892711.html\" target=\"_blank\" rel=\"noreferrer noopener\">Comparta en Facebook<\/a><\/li>\n\n\n\n<li><a href=\"https:\/\/twitter.com\/share?url=https%3a%2f%2fwww.vozdeamerica.com%2fa%2f7892711.html&amp;text=L%c3%adder+de+las+fuerzas+rebeldes+sirias+pide+a+los+combatientes+que+se+retiren+de+las+calles\" target=\"_blank\" rel=\"noreferrer noopener\">Comparta en Twitter<\/a><\/li>\n<\/ul>\n\n\n\n<hr class=\"wp-block-separator has-alpha-channel-opacity\"\/>\n\n\n\n<p><a href=\"https:\/\/www.vozdeamerica.com\/embed\/player\/Article\/7892711.html?type=video&amp;FullScreenMode=True\" target=\"_blank\" rel=\"noreferrer noopener\"><\/a><\/p>\n\n\n\n<p>&nbsp;Descargar&nbsp;<\/p>\n\n\n\n<p>En 2011, un levantamiento popular contra Assad en Siria desencaden\u00f3 una brutal represi\u00f3n gubernamental y llev\u00f3 a una guerra total. La influencia de Al Golani creci\u00f3 cuando Al Baghdadi lo envi\u00f3 a Siria para establecer una rama de Al Qaeda llamada Frente Nusra. Estados Unidos design\u00f3 al nuevo grupo como una organizaci\u00f3n terrorista. Esa designaci\u00f3n a\u00fan permanece y el gobierno de Estados Unidos ha puesto una recompensa de 10 millones de d\u00f3lares sobre su cabeza.<\/p>\n\n\n\n<h3 class=\"wp-block-heading\">El Frente Nusra y el conflicto sirio<\/h3>\n\n\n\n<p>A medida que la guerra civil en Siria se intensificaba en 2013, tambi\u00e9n lo hac\u00edan las ambiciones de Al Golani. Desafi\u00f3 los llamados de Al Baghdadi para disolver el Frente Nusra y fusionarlo con la operaci\u00f3n de Al Qaeda en Irak, para formar el Estado Isl\u00e1mico de Irak y Siria, o ISIS.<\/p>\n\n\n\n<p><video poster=\"https:\/\/gdb.voanews.com\/b160cb3b-6600-4f8f-bbc8-67461c0828a2_tv_w650_r1.jpg\" src=\"blob:https:\/\/www.vozdeamerica.com\/ce88c2ce-4d5d-4a67-94d4-3939c5217ec2\" height=\"381\" width=\"676\"><\/video><\/p>\n\n\n\n<h5 class=\"wp-block-heading\"><a href=\"https:\/\/www.vozdeamerica.com\/a\/7891802.html\" target=\"_blank\" rel=\"noreferrer noopener\">Videos muestran c\u00f3mo han sido saqueados los palacios de Assad en Siria<\/a><\/h5>\n\n\n\n<ul class=\"wp-block-list\">\n<li><a href=\"https:\/\/facebook.com\/sharer.php?u=https%3a%2f%2fwww.vozdeamerica.com%2fa%2f7891802.html\" target=\"_blank\" rel=\"noreferrer noopener\">Comparta en Facebook<\/a><\/li>\n\n\n\n<li><a href=\"https:\/\/twitter.com\/share?url=https%3a%2f%2fwww.vozdeamerica.com%2fa%2f7891802.html&amp;text=Videos+muestran+c%c3%b3mo+han+sido+saqueados+los+palacios+de+Assad+en+Siria\" target=\"_blank\" rel=\"noreferrer noopener\">Comparta en Twitter<\/a><\/li>\n<\/ul>\n\n\n\n<hr class=\"wp-block-separator has-alpha-channel-opacity\"\/>\n\n\n\n<p><a href=\"https:\/\/www.vozdeamerica.com\/embed\/player\/Article\/7891802.html?type=video&amp;FullScreenMode=True\" target=\"_blank\" rel=\"noreferrer noopener\"><\/a><\/p>\n\n\n\n<p>Al Golani, sin embargo, jur\u00f3 lealtad a Al Qaeda, que m\u00e1s tarde se desvincul\u00f3 de ISIS. El Frente Nusra luch\u00f3 contra ISIS y elimin\u00f3 gran parte de su competencia entre la oposici\u00f3n armada siria a Assad.<\/p>\n\n\n\n<p>En su primera entrevista en 2014, Al Golani mantuvo su rostro cubierto, dici\u00e9ndole a un reportero de la red qatar\u00ed Al-Jazeera que rechazaba las conversaciones pol\u00edticas en Ginebra para poner fin al conflicto. Dijo que su objetivo era ver a Siria gobernada bajo la ley isl\u00e1mica y dej\u00f3 claro que no hab\u00eda espacio para las minor\u00edas alau\u00edes, chi\u00edes, drusas y cristianas del pa\u00eds.<\/p>\n\n\n\n<h3 class=\"wp-block-heading\">Consolidando poder y cambio de imagen<\/h3>\n\n\n\n<p>En 2016, Al Golani mostr\u00f3 su rostro al p\u00fablico por primera vez en un mensaje de video que anunciaba que su grupo cambiaba su nombre a Jabhat Fateh al-Sham \u2014el Frente de Conquista de Siria\u2014 y cortaba sus lazos con Al Qaeda.<\/p>\n\n\n\n<p>\u201cEsta nueva organizaci\u00f3n no tiene afiliaci\u00f3n con ninguna entidad externa\u201d, dijo en el video, en el que aparec\u00eda con ropa militar y un turbante.<\/p>\n\n\n\n<p>El movimiento allan\u00f3 el camino para que Al Golani afirmara el control total sobre grupos armados divididos. Un a\u00f1o despu\u00e9s, su alianza se volvi\u00f3 a renombrar como Hayat Tahrir al-Sham \u2014 que significa Organizaci\u00f3n para Liberar Siria \u2014 mientras los grupos se fusionaban, consolidando el poder de Al Golani en la provincia de Idlib, en el noroeste de Siria.<\/p>\n\n\n\n<p>HTS luego choc\u00f3 con milicianos islamistas independientes que se opon\u00edan a la fusi\u00f3n, fortaleciendo a\u00fan m\u00e1s a Al Golani y su grupo como el poder l\u00edder en el noroeste de Siria, capaz de gobernar con mano de hierro.<\/p>\n\n\n\n<p><a href=\"https:\/\/www.vozdeamerica.com\/a\/primeras-reacciones-de-america-latina-a-la-crisis-politica-en-siria\/7891561.html\"><\/a><\/p>\n\n\n\n<p><a href=\"https:\/\/www.vozdeamerica.com\/a\/primeras-reacciones-de-america-latina-a-la-crisis-politica-en-siria\/7891561.html\">Tambi\u00e9n lea<\/a><\/p>\n\n\n\n<h4 class=\"wp-block-heading\"><a href=\"https:\/\/www.vozdeamerica.com\/a\/primeras-reacciones-de-america-latina-a-la-crisis-politica-en-siria\/7891561.html\">Reacciones desde Am\u00e9rica Latina a la crisis pol\u00edtica en Siria<\/a><\/h4>\n\n\n\n<p>Con su poder consolidado, Al Golani puso en marcha una transformaci\u00f3n que pocos podr\u00edan haber imaginado. Reemplazando su atuendo militar por camisa y pantalones, comenz\u00f3 a abogar por la tolerancia religiosa y el pluralismo.<\/p>\n\n\n\n<p>Hizo un llamado a la comunidad drusa en Idlib, a la que el Frente Nusra hab\u00eda atacado previamente, y visit\u00f3 a las familias de kurdos asesinados por milicias respaldadas por Turqu\u00eda.<\/p>\n\n\n\n<p>En 2021, Al Golani tuvo su primera entrevista con un periodista estadounidense en PBS. Vistiendo un blazer, con el cabello corto peinado hacia atr\u00e1s, el ahora m\u00e1s comedido l\u00edder de HTS dijo que su grupo no representaba una amenaza para Occidente y que las sanciones impuestas contra \u00e9l eran injustas.<\/p>\n\n\n\n<p>\u201cS\u00ed, hemos criticado las pol\u00edticas occidentales\u201d, dijo. \u201cPero librar una guerra contra Estados Unidos o Europa desde Siria, eso no es cierto. No dijimos que quer\u00edamos luchar\u201d.<\/p>\n","protected":false},"excerpt":{"rendered":"<p>El l\u00edder del grupo islamista sirio Hayat Tahrir al-Sham (HTS), que encabez\u00f3 una ofensiva rebelde para derrocar al gobierno en Siria, Abu Mohammed al-Jolani, se dirige a una multitud en la emblem\u00e1tica Mezquita Omeya de Damasco, el 8 de diciembre de 2024. diciembre 09, 2024 &nbsp;Vea comentarios Durante la lucha por derrocar al presidente sirio [&hellip;]<\/p>\n","protected":false},"author":28,"featured_media":0,"comment_status":"closed","ping_status":"closed","sticky":true,"template":"","format":"standard","meta":{"footnotes":""},"categories":[36,26,23],"tags":[],"class_list":["post-581603","post","type-post","status-publish","format-standard","hentry","category-hombresmujeresycosas","category-efemerides","category-internacional"],"_links":{"self":[{"href":"https:\/\/diariodominicano.com\/index.php?rest_route=\/wp\/v2\/posts\/581603","targetHints":{"allow":["GET"]}}],"collection":[{"href":"https:\/\/diariodominicano.com\/index.php?rest_route=\/wp\/v2\/posts"}],"about":[{"href":"https:\/\/diariodominicano.com\/index.php?rest_route=\/wp\/v2\/types\/post"}],"author":[{"embeddable":true,"href":"https:\/\/diariodominicano.com\/index.php?rest_route=\/wp\/v2\/users\/28"}],"replies":[{"embeddable":true,"href":"https:\/\/diariodominicano.com\/index.php?rest_route=%2Fwp%2Fv2%2Fcomments&post=581603"}],"version-history":[{"count":2,"href":"https:\/\/diariodominicano.com\/index.php?rest_route=\/wp\/v2\/posts\/581603\/revisions"}],"predecessor-version":[{"id":581606,"href":"https:\/\/diariodominicano.com\/index.php?rest_route=\/wp\/v2\/posts\/581603\/revisions\/581606"}],"wp:attachment":[{"href":"https:\/\/diariodominicano.com\/index.php?rest_route=%2Fwp%2Fv2%2Fmedia&parent=581603"}],"wp:term":[{"taxonomy":"category","embeddable":true,"href":"https:\/\/diariodominicano.com\/index.php?rest_route=%2Fwp%2Fv2%2Fcategories&post=581603"},{"taxonomy":"post_tag","embeddable":true,"href":"https:\/\/diariodominicano.com\/index.php?rest_route=%2Fwp%2Fv2%2Ftags&post=581603"}],"curies":[{"name":"wp","href":"https:\/\/api.w.org\/{rel}","templated":true}]}}