{"id":581584,"date":"2024-12-10T02:05:03","date_gmt":"2024-12-10T06:05:03","guid":{"rendered":"https:\/\/diariodominicano.com\/?p=581584"},"modified":"2024-12-10T02:05:06","modified_gmt":"2024-12-10T06:05:06","slug":"reconocido-microbiologo-scarlet-morillo-fernandez-asume-la-presidencia-de-ademicro","status":"publish","type":"post","link":"https:\/\/diariodominicano.com\/?p=581584","title":{"rendered":"Reconocido microbi\u00f3logo Scarlet Morillo Fern\u00e1ndez asume la presidencia de ADEMICRO"},"content":{"rendered":"\n<p>Santo Domingo, Rep\u00fablica Dominicana &#8211;&nbsp;<strong>30 de noviembre de 2024<\/strong>&nbsp;&#8211; En un acto solemne y lleno de entusiasmo, la&nbsp;<strong>Asociaci\u00f3n Dominicana de Microbiolog\u00eda (ADEMICRO) Inc.<\/strong>&nbsp;celebr\u00f3 la juramentaci\u00f3n de su nuevo Consejo Directivo, marcando el inicio de una etapa prometedora para la comunidad cient\u00edfica del pa\u00eds.<\/p>\n\n\n\n<p>El evento, que tuvo lugar en el auditorio Rosa Ang\u00e9lica De la Universidad Aut\u00f3noma de Santo Domingo (UASD), el evento cont\u00f3 con la participaci\u00f3n de destacadas figuras de la microbiolog\u00eda, autoridades acad\u00e9micas, representantes del sector salud y ambiental, y miembros de la asociaci\u00f3n. Durante la ceremonia, el Lic.&nbsp;<strong>Scarlet Morillo Fern\u00e1ndez<\/strong>, reconocido microbi\u00f3logo dominicano, asumi\u00f3 la presidencia de ADEMICRO, comprometi\u00e9ndose a liderar con visi\u00f3n e innovaci\u00f3n en beneficio del desarrollo de la microbiolog\u00eda en el pa\u00eds.<\/p>\n\n\n\n<p>En su discurso inaugural, el Lic. Morillo Fern\u00e1ndez destac\u00f3 los ejes principales de su gesti\u00f3n, que incluyen la implementaci\u00f3n de programas como:<\/p>\n\n\n\n<ul class=\"wp-block-list\">\n<li><strong>BioTalk<\/strong>, un programa especializado de ingl\u00e9s para microbi\u00f3logos.<\/li>\n\n\n\n<li><strong>Mundo Micelio<\/strong>, una experiencia de excursi\u00f3n cient\u00edfica centrada en el estudio de hongos.<\/li>\n\n\n\n<li><strong>Cafecito Cient\u00edfico<\/strong>, un espacio para la discusi\u00f3n y actualizaci\u00f3n de temas cient\u00edficos.<\/li>\n\n\n\n<li>La organizaci\u00f3n del\u00a0<strong>1er Simposio Nacional de Microbiolog\u00eda (SINAM 2025)<\/strong>, con miras a posicionar a la Rep\u00fablica Dominicana como referente regional en microbiolog\u00eda.<\/li>\n\n\n\n<li>La creaci\u00f3n del\u00a0<strong>Premio Nacional Louis Pasteur<\/strong>\u00a0y la\u00a0<strong>Medalla Anton van Leeuwenhoek<\/strong>, como m\u00e1ximos reconocimientos al m\u00e9rito cient\u00edfico en el campo de la microbiolog\u00eda.<\/li>\n\n\n\n<li>La continuidad de proyectos consolidados como el\u00a0<strong>Microcamping<\/strong>, jornadas de divulgaci\u00f3n cient\u00edfica y las\u00a0<strong>Mini Conferencias<\/strong>.<\/li>\n<\/ul>\n\n\n\n<p>Asimismo, enfatiz\u00f3 la importancia de la&nbsp;<strong>responsabilidad social<\/strong>, destacando el programa&nbsp;<strong>ADEMICRO con la Comunidad<\/strong>, que llevar\u00e1 jornadas de educaci\u00f3n y salud a comunidades vulnerables, y el desarrollo del&nbsp;<strong>2do Censo Nacional de Microbiolog\u00eda (CENAM 2025)<\/strong>.<\/p>\n\n\n\n<p>El nuevo Consejo Directivo reafirm\u00f3 su compromiso de fortalecer los lazos entre la academia, la industria y los sectores p\u00fablico y privado para impulsar la investigaci\u00f3n, la formaci\u00f3n y la pr\u00e1ctica profesional de la microbiolog\u00eda en el pa\u00eds.<\/p>\n\n\n\n<p>La ceremonia concluy\u00f3 con un llamado a la unidad y el trabajo colaborativo, bajo la visi\u00f3n de construir una microbiolog\u00eda m\u00e1s inclusiva, innovadora y al servicio de la sociedad dominicana.<\/p>\n\n\n\n<p>Para m\u00e1s informaci\u00f3n sobre los programas y actividades de ADEMICRO, visite nuestro website <a href=\"http:\/\/www.ademicrord.com\">www.ademicrord.com<\/a> o contacte a trav\u00e9s del correo ademicrord@gmail.com<img loading=\"lazy\" decoding=\"async\" width=\"569\" height=\"2\" src=\"\"><br>ADEMICRO Inc.<\/p>\n\n\n\n<p>Lic. Cristina Antigua<\/p>\n\n\n\n<p>Secretaria de Comunicaci\u00f3n e imagen institucional<\/p>\n","protected":false},"excerpt":{"rendered":"<p>Santo Domingo, Rep\u00fablica Dominicana &#8211;&nbsp;30 de noviembre de 2024&nbsp;&#8211; En un acto solemne y lleno de entusiasmo, la&nbsp;Asociaci\u00f3n Dominicana de Microbiolog\u00eda (ADEMICRO) Inc.&nbsp;celebr\u00f3 la juramentaci\u00f3n de su nuevo Consejo Directivo, marcando el inicio de una etapa prometedora para la comunidad cient\u00edfica del pa\u00eds. El evento, que tuvo lugar en el auditorio Rosa Ang\u00e9lica De la [&hellip;]<\/p>\n","protected":false},"author":28,"featured_media":0,"comment_status":"closed","ping_status":"closed","sticky":true,"template":"","format":"standard","meta":{"footnotes":""},"categories":[36,25],"tags":[],"class_list":["post-581584","post","type-post","status-publish","format-standard","hentry","category-hombresmujeresycosas","category-gente"],"_links":{"self":[{"href":"https:\/\/diariodominicano.com\/index.php?rest_route=\/wp\/v2\/posts\/581584","targetHints":{"allow":["GET"]}}],"collection":[{"href":"https:\/\/diariodominicano.com\/index.php?rest_route=\/wp\/v2\/posts"}],"about":[{"href":"https:\/\/diariodominicano.com\/index.php?rest_route=\/wp\/v2\/types\/post"}],"author":[{"embeddable":true,"href":"https:\/\/diariodominicano.com\/index.php?rest_route=\/wp\/v2\/users\/28"}],"replies":[{"embeddable":true,"href":"https:\/\/diariodominicano.com\/index.php?rest_route=%2Fwp%2Fv2%2Fcomments&post=581584"}],"version-history":[{"count":1,"href":"https:\/\/diariodominicano.com\/index.php?rest_route=\/wp\/v2\/posts\/581584\/revisions"}],"predecessor-version":[{"id":581585,"href":"https:\/\/diariodominicano.com\/index.php?rest_route=\/wp\/v2\/posts\/581584\/revisions\/581585"}],"wp:attachment":[{"href":"https:\/\/diariodominicano.com\/index.php?rest_route=%2Fwp%2Fv2%2Fmedia&parent=581584"}],"wp:term":[{"taxonomy":"category","embeddable":true,"href":"https:\/\/diariodominicano.com\/index.php?rest_route=%2Fwp%2Fv2%2Fcategories&post=581584"},{"taxonomy":"post_tag","embeddable":true,"href":"https:\/\/diariodominicano.com\/index.php?rest_route=%2Fwp%2Fv2%2Ftags&post=581584"}],"curies":[{"name":"wp","href":"https:\/\/api.w.org\/{rel}","templated":true}]}}