{"id":581479,"date":"2024-12-09T17:46:02","date_gmt":"2024-12-09T21:46:02","guid":{"rendered":"https:\/\/diariodominicano.com\/?p=581479"},"modified":"2024-12-09T17:46:11","modified_gmt":"2024-12-09T21:46:11","slug":"guterres-urge-apoyo-financiero-y-logistico-para-la-mision-liderada-por-kenya-para-hacer-frente-a-violencia-en-haiti","status":"publish","type":"post","link":"https:\/\/diariodominicano.com\/?p=581479","title":{"rendered":"Guterres, urge apoyo financiero y log\u00edstico para la Misi\u00f3n liderada por Kenya para hacer frente a violencia en Hait\u00ed"},"content":{"rendered":"\n<p>diariodominicano.com<\/p>\n\n\n\n<p>Naciones Unidas, 9 dic (Prensa Latina) El secretario general de la ONU, Ant\u00f3nio Guterres, conden\u00f3 hoy la continua violencia y las p\u00e9rdidas de vidas en Hait\u00ed tras la muerte de casi 200 personas entre el 6 y el 8 de diciembre.<\/p>\n\n\n\n<p>En un comunicado divulgado por su portavoz, el titular del organismo pidi\u00f3 a las autoridades del pa\u00eds caribe\u00f1o una investigaci\u00f3n exhaustiva as\u00ed como garant\u00edas de que los autores de los abusos y violaciones de los derechos humanos sean llevados ante la justicia.<\/p>\n\n\n\n<p>El pronunciamiento fue divulgado luego de que una banda armada matara al menos a 184 personas, entre ellas 127 hombres y mujeres mayores de edad en el barrio de Wharf J\u00e9r\u00e9mie, en Cit\u00e9 Soleil.<\/p>\n\n\n\n<p>Guterres urgi\u00f3 a proporcionar apoyo financiero y log\u00edstico necesario para la Misi\u00f3n Multinacional liderada por Kenya, aprobada por el Consejo de Seguridad desde 2023.<\/p>\n\n\n\n<p>Asimismo, inst\u00f3 a todas las partes interesadas haitianas a acelerar el progreso de la transici\u00f3n pol\u00edtica.<\/p>\n\n\n\n<p>El Gobierno de transici\u00f3n haitiano reconoci\u00f3 la masacre al asegurar que m\u00e1s de 100 personas fueron asesinadas en el barrio de Cit\u00e9 Soleil.<\/p>\n\n\n\n<p>Una nota del Ejecutivo prometi\u00f3 llevar ante la justicia a los responsables de \u201cesta carnicer\u00eda indescriptible\u201d.<\/p>\n\n\n\n<p>jha\/ebr<\/p>\n","protected":false},"excerpt":{"rendered":"<p>diariodominicano.com Naciones Unidas, 9 dic (Prensa Latina) El secretario general de la ONU, Ant\u00f3nio Guterres, conden\u00f3 hoy la continua violencia y las p\u00e9rdidas de vidas en Hait\u00ed tras la muerte de casi 200 personas entre el 6 y el 8 de diciembre. En un comunicado divulgado por su portavoz, el titular del organismo pidi\u00f3 a [&hellip;]<\/p>\n","protected":false},"author":5,"featured_media":581480,"comment_status":"closed","ping_status":"closed","sticky":true,"template":"","format":"standard","meta":{"footnotes":""},"categories":[112,23,27],"tags":[],"class_list":["post-581479","post","type-post","status-publish","format-standard","has-post-thumbnail","hentry","category-haiti","category-internacional","category-portada"],"_links":{"self":[{"href":"https:\/\/diariodominicano.com\/index.php?rest_route=\/wp\/v2\/posts\/581479","targetHints":{"allow":["GET"]}}],"collection":[{"href":"https:\/\/diariodominicano.com\/index.php?rest_route=\/wp\/v2\/posts"}],"about":[{"href":"https:\/\/diariodominicano.com\/index.php?rest_route=\/wp\/v2\/types\/post"}],"author":[{"embeddable":true,"href":"https:\/\/diariodominicano.com\/index.php?rest_route=\/wp\/v2\/users\/5"}],"replies":[{"embeddable":true,"href":"https:\/\/diariodominicano.com\/index.php?rest_route=%2Fwp%2Fv2%2Fcomments&post=581479"}],"version-history":[{"count":1,"href":"https:\/\/diariodominicano.com\/index.php?rest_route=\/wp\/v2\/posts\/581479\/revisions"}],"predecessor-version":[{"id":581481,"href":"https:\/\/diariodominicano.com\/index.php?rest_route=\/wp\/v2\/posts\/581479\/revisions\/581481"}],"wp:featuredmedia":[{"embeddable":true,"href":"https:\/\/diariodominicano.com\/index.php?rest_route=\/wp\/v2\/media\/581480"}],"wp:attachment":[{"href":"https:\/\/diariodominicano.com\/index.php?rest_route=%2Fwp%2Fv2%2Fmedia&parent=581479"}],"wp:term":[{"taxonomy":"category","embeddable":true,"href":"https:\/\/diariodominicano.com\/index.php?rest_route=%2Fwp%2Fv2%2Fcategories&post=581479"},{"taxonomy":"post_tag","embeddable":true,"href":"https:\/\/diariodominicano.com\/index.php?rest_route=%2Fwp%2Fv2%2Ftags&post=581479"}],"curies":[{"name":"wp","href":"https:\/\/api.w.org\/{rel}","templated":true}]}}