{"id":581473,"date":"2024-12-09T17:27:27","date_gmt":"2024-12-09T21:27:27","guid":{"rendered":"https:\/\/diariodominicano.com\/?p=581473"},"modified":"2024-12-09T17:27:35","modified_gmt":"2024-12-09T21:27:35","slug":"opret-coloca-las-primeras-vigas-para-futura-linea-del-metro-en-direccion-a-la-prolongacion-27-de-febrero","status":"publish","type":"post","link":"https:\/\/diariodominicano.com\/?p=581473","title":{"rendered":"Opret coloca las primeras vigas para futura l\u00ednea del Metro en direcci\u00f3n a la prolongaci\u00f3n 27 de Febrero"},"content":{"rendered":"\n<p>diariodominicano.com<\/p>\n\n\n\n<p>Santo Domingo,\u2002R. D., 9 de diciembre, 2024.\u2013 La Oficina para el Reordenamiento del Transporte\u00a0<strong>(Opret)<\/strong>\u00a0anunci\u00f3 hoy sobre los trabajos de colocaci\u00f3n de las\u00a0<strong>primeras dos vigas en la\u00a0<\/strong>intersecci\u00f3n de la\u00a0<strong>prolongaci\u00f3n 27 de Febrero con la autopista Duarte<\/strong>. Este avance forma parte de la construcci\u00f3n de la\u00a0<strong>L\u00ednea 2C del Metro de Santo Domingo<\/strong>, que conectar\u00e1 a\u00a0<strong>Los Alcarrizos<\/strong>\u00a0con el sistema de transporte masivo de la capital.\u00a0<\/p>\n\n\n\n<p>Adem\u00e1s, establece una previsi\u00f3n estrat\u00e9gica para la&nbsp;<strong>futura integraci\u00f3n con el Tren Metropolitano,<\/strong>&nbsp;cuya &nbsp;construcci\u00f3n fue anunciada por el&nbsp;<strong>presidente Luis Abinader<\/strong>&nbsp;y se encuentra en fase de estructuraci\u00f3n.<\/p>\n\n\n\n<p>La instalaci\u00f3n de estas vigas busca garantizar que&nbsp;<strong>no se interrumpa el servicio de la L\u00ednea 2<\/strong>&nbsp;del Metro cuando se construya la futura l\u00ednea que conectar\u00e1 la prolongaci\u00f3n 27 de Febrero con la Plaza de la Bandera en una de sus etapas. Esta estrategia asegura una&nbsp;<strong>integraci\u00f3n total entre las l\u00edneas existentes y las que se desarrollar\u00e1n en los pr\u00f3ximos a\u00f1os<\/strong>, alineadas con el nuevo plan<strong>&nbsp;maestro de expansi\u00f3n<\/strong>&nbsp;del sistema de transporte masivo de Santo Domingo.<\/p>\n\n\n\n<p><em>\u00abLa colocaci\u00f3n de estas vigas refleja el compromiso de Opret con la planificaci\u00f3n estrat\u00e9gica y el desarrollo sostenible. Este paso es clave para la interconexi\u00f3n de las actuales L\u00edneas 1 y 2 del Metro de Santo Domingo, las L\u00edneas 1 y 2 del Telef\u00e9rico de Santo Domingo, la L\u00ednea 3 del Telef\u00e9rico anunciada recientemente y el futuro Tren Metropolitano, que ser\u00e1 un pilar fundamental del transporte urbano en la capital\u00bb<\/em>, destac\u00f3 el Ing.&nbsp;<strong>Rafael Santos P\u00e9rez<\/strong>, director ejecutivo de Opret.<\/p>\n\n\n\n<p>El funcionario tambi\u00e9n resalt\u00f3 el&nbsp;<strong>respaldo firme del presidente Luis Abinader<\/strong>, cuyo apoyo ha sido esencial para la materializaci\u00f3n de estos proyectos de infraestructura clave.<\/p>\n\n\n\n<p>Dichas obras no solo representan un\u00a0<strong>avance en la movilidad de los ciudadanos<\/strong>, sino que tambi\u00e9n consolidan la visi\u00f3n de\u00a0<strong>un transporte p\u00fablico eficiente, sostenible<\/strong>\u00a0<strong>y completamente integrad<\/strong>o, en beneficio del pa\u00eds.<\/p>\n\n\n\n<p>Fuente: Direcci\u00f3n de Estrategia y Comunicaci\u00f3n<\/p>\n\n\n\n<p>Ministerio Administrativo de la Presidencia de la Rep\u00fablica Dominicana<\/p>\n","protected":false},"excerpt":{"rendered":"<p>diariodominicano.com Santo Domingo,\u2002R. D., 9 de diciembre, 2024.\u2013 La Oficina para el Reordenamiento del Transporte\u00a0(Opret)\u00a0anunci\u00f3 hoy sobre los trabajos de colocaci\u00f3n de las\u00a0primeras dos vigas en la\u00a0intersecci\u00f3n de la\u00a0prolongaci\u00f3n 27 de Febrero con la autopista Duarte. Este avance forma parte de la construcci\u00f3n de la\u00a0L\u00ednea 2C del Metro de Santo Domingo, que conectar\u00e1 a\u00a0Los Alcarrizos\u00a0con [&hellip;]<\/p>\n","protected":false},"author":5,"featured_media":581474,"comment_status":"closed","ping_status":"closed","sticky":true,"template":"","format":"standard","meta":{"footnotes":""},"categories":[20,27],"tags":[],"class_list":["post-581473","post","type-post","status-publish","format-standard","has-post-thumbnail","hentry","category-dominicana-hoy","category-portada"],"_links":{"self":[{"href":"https:\/\/diariodominicano.com\/index.php?rest_route=\/wp\/v2\/posts\/581473","targetHints":{"allow":["GET"]}}],"collection":[{"href":"https:\/\/diariodominicano.com\/index.php?rest_route=\/wp\/v2\/posts"}],"about":[{"href":"https:\/\/diariodominicano.com\/index.php?rest_route=\/wp\/v2\/types\/post"}],"author":[{"embeddable":true,"href":"https:\/\/diariodominicano.com\/index.php?rest_route=\/wp\/v2\/users\/5"}],"replies":[{"embeddable":true,"href":"https:\/\/diariodominicano.com\/index.php?rest_route=%2Fwp%2Fv2%2Fcomments&post=581473"}],"version-history":[{"count":1,"href":"https:\/\/diariodominicano.com\/index.php?rest_route=\/wp\/v2\/posts\/581473\/revisions"}],"predecessor-version":[{"id":581475,"href":"https:\/\/diariodominicano.com\/index.php?rest_route=\/wp\/v2\/posts\/581473\/revisions\/581475"}],"wp:featuredmedia":[{"embeddable":true,"href":"https:\/\/diariodominicano.com\/index.php?rest_route=\/wp\/v2\/media\/581474"}],"wp:attachment":[{"href":"https:\/\/diariodominicano.com\/index.php?rest_route=%2Fwp%2Fv2%2Fmedia&parent=581473"}],"wp:term":[{"taxonomy":"category","embeddable":true,"href":"https:\/\/diariodominicano.com\/index.php?rest_route=%2Fwp%2Fv2%2Fcategories&post=581473"},{"taxonomy":"post_tag","embeddable":true,"href":"https:\/\/diariodominicano.com\/index.php?rest_route=%2Fwp%2Fv2%2Ftags&post=581473"}],"curies":[{"name":"wp","href":"https:\/\/api.w.org\/{rel}","templated":true}]}}