{"id":581434,"date":"2024-12-09T14:56:13","date_gmt":"2024-12-09T18:56:13","guid":{"rendered":"https:\/\/diariodominicano.com\/?p=581434"},"modified":"2024-12-09T14:56:16","modified_gmt":"2024-12-09T18:56:16","slug":"programa-de-inclusion-y-accesibilidad-de-la-asociacion-cibao-queda-finalista-en-premios-corresponsables","status":"publish","type":"post","link":"https:\/\/diariodominicano.com\/?p=581434","title":{"rendered":"Programa de Inclusi\u00f3n y Accesibilidad de la Asociaci\u00f3n Cibao queda finalista en Premios Corresponsables"},"content":{"rendered":"\n<p><strong><em>El programa fue seleccionado como finalista dentro de un grupo de 972 candidaturas de 15 pa\u00edses<\/em><\/strong><\/p>\n\n\n\n<p><strong>Espa\u00f1a<\/strong>.- El&nbsp;<strong>Programa de Inclusi\u00f3n y Accesibilidad para Personas con Discapacidad<\/strong>&nbsp;de la Asociaci\u00f3n Cibao de Ahorros y Pr\u00e9stamos fue reconocido como una de las iniciativas finalistas en la categor\u00eda Grandes Empresas de la&nbsp;<strong>XV edici\u00f3n de Premios Corresponsables&nbsp;<\/strong>en Espa\u00f1a; un galard\u00f3n que exalta las acciones sostenibles y de responsabilidad social de las empresas de Iberoam\u00e9rica.&nbsp;<\/p>\n\n\n\n<p>Este programa de la Asociaci\u00f3n Cibao busca eliminar las barreras de accesibilidad en 8 \u00e1mbitos funcionales: cultura y trato digno, canales digitales, accesibilidad f\u00edsica y edificaciones, servicios en el punto de venta, proceso de selecci\u00f3n y contrataci\u00f3n, comunicaci\u00f3n interna y externa, responsabilidad extendida con proveedores e inversi\u00f3n social.<\/p>\n\n\n\n<p>Yara Hern\u00e1ndez, VP de Comunicaciones y Sostenibilidad manifest\u00f3 que esta iniciativa institucional forma parte de visi\u00f3n de sostenibilidad de triple saldo que tiene la Asociaci\u00f3n Cibao, con la cual persigue el imperativo de la rentabilidad y los resultados financieros, al tiempo que cuidamos y respetamos a las personas y al medioambiente.&nbsp;&nbsp;<\/p>\n\n\n\n<p>\u201cEste enfoque integral garantiza la creaci\u00f3n de un entorno accesible e inclusivo para todas las personas, especialmente aquellas con discapacidad. Desde la Unidad de Inclusi\u00f3n y Educaci\u00f3n Financiera de la instituci\u00f3n, junto con la Comisi\u00f3n de Inclusi\u00f3n y Accesibilidad, se supervisa la implementaci\u00f3n de estas iniciativas y se asegura el cumplimiento de la Pol\u00edtica de Inclusi\u00f3n\u201d, agreg\u00f3.&nbsp;<\/p>\n\n\n\n<p>Entre sus logros m\u00e1s destacados est\u00e1n la adecuaci\u00f3n de sus espacios f\u00edsicos para personas con discapacidad, implementaci\u00f3n de pr\u00e1cticas inclusivas en los procesos de selecci\u00f3n y contrataci\u00f3n personal, sensibilizaci\u00f3n a colaboradores y proveedores, pr\u00e1cticas de comunicaci\u00f3n inclusiva e integraci\u00f3n de funciones de accesibilidad web al sitio corporativo de la Asociaci\u00f3n.&nbsp;<\/p>\n\n\n\n<p>Una de las iniciativas m\u00e1s innovadoras del programa es el Centro Virtual de Lengua de Se\u00f1as, que ofrece asistencia a personas con discapacidad auditiva, facilitando su acceso a los servicios financieros.<\/p>\n\n\n\n<p><strong>Sobre Premios Corresponsables<\/strong><\/p>\n\n\n\n<p>La Fundaci\u00f3n Corresponsables nace en 2010 con el objetivo de extender la responsabilidad social, tanto a todo tipo de organizaciones, como al conjunto de la sociedad, incidiendo en aquellos colectivos que cuentan con pocos recursos para comunicar sus actuaciones responsables. Los Premios Corresponsables en Iberoam\u00e9rica, son unos galardones a trav\u00e9s de los que premia y pone en valor las mejores iniciativas y buenas pr\u00e1cticas de RSE, sostenibilidad y comunicaci\u00f3n corresponsable en Iberoam\u00e9rica. A lo largo de sus 15 ediciones, los Premios&nbsp;<a href=\"http:\/\/www.corresponsables.com\/categoria\/corresponsables\/\" target=\"_blank\" rel=\"noreferrer noopener\">Corresponsables<\/a>&nbsp;han recibido un total de 6,777 candidaturas de 17 pa\u00edses.&#8211;<\/p>\n\n\n\n<p><strong>Nadelyn Franco Caro<\/strong>\u00a0&lt;nadelyn@mediaticos.com.do> <\/p>\n","protected":false},"excerpt":{"rendered":"<p>El programa fue seleccionado como finalista dentro de un grupo de 972 candidaturas de 15 pa\u00edses Espa\u00f1a.- El&nbsp;Programa de Inclusi\u00f3n y Accesibilidad para Personas con Discapacidad&nbsp;de la Asociaci\u00f3n Cibao de Ahorros y Pr\u00e9stamos fue reconocido como una de las iniciativas finalistas en la categor\u00eda Grandes Empresas de la&nbsp;XV edici\u00f3n de Premios Corresponsables&nbsp;en Espa\u00f1a; un galard\u00f3n [&hellip;]<\/p>\n","protected":false},"author":7,"featured_media":0,"comment_status":"closed","ping_status":"closed","sticky":false,"template":"","format":"standard","meta":{"footnotes":""},"categories":[18],"tags":[],"class_list":["post-581434","post","type-post","status-publish","format-standard","hentry","category-economia"],"_links":{"self":[{"href":"https:\/\/diariodominicano.com\/index.php?rest_route=\/wp\/v2\/posts\/581434","targetHints":{"allow":["GET"]}}],"collection":[{"href":"https:\/\/diariodominicano.com\/index.php?rest_route=\/wp\/v2\/posts"}],"about":[{"href":"https:\/\/diariodominicano.com\/index.php?rest_route=\/wp\/v2\/types\/post"}],"author":[{"embeddable":true,"href":"https:\/\/diariodominicano.com\/index.php?rest_route=\/wp\/v2\/users\/7"}],"replies":[{"embeddable":true,"href":"https:\/\/diariodominicano.com\/index.php?rest_route=%2Fwp%2Fv2%2Fcomments&post=581434"}],"version-history":[{"count":1,"href":"https:\/\/diariodominicano.com\/index.php?rest_route=\/wp\/v2\/posts\/581434\/revisions"}],"predecessor-version":[{"id":581440,"href":"https:\/\/diariodominicano.com\/index.php?rest_route=\/wp\/v2\/posts\/581434\/revisions\/581440"}],"wp:attachment":[{"href":"https:\/\/diariodominicano.com\/index.php?rest_route=%2Fwp%2Fv2%2Fmedia&parent=581434"}],"wp:term":[{"taxonomy":"category","embeddable":true,"href":"https:\/\/diariodominicano.com\/index.php?rest_route=%2Fwp%2Fv2%2Fcategories&post=581434"},{"taxonomy":"post_tag","embeddable":true,"href":"https:\/\/diariodominicano.com\/index.php?rest_route=%2Fwp%2Fv2%2Ftags&post=581434"}],"curies":[{"name":"wp","href":"https:\/\/api.w.org\/{rel}","templated":true}]}}