{"id":581396,"date":"2024-12-09T12:42:16","date_gmt":"2024-12-09T16:42:16","guid":{"rendered":"https:\/\/diariodominicano.com\/?p=581396"},"modified":"2024-12-09T14:42:01","modified_gmt":"2024-12-09T18:42:01","slug":"bombazo-navideno-2-0-la-mejor-fiesta-de-fin-de-ano-para-despedir-el-2024","status":"publish","type":"post","link":"https:\/\/diariodominicano.com\/?p=581396","title":{"rendered":"\u201cBombazo Navide\u00f1o 2.0\u201d La mejor fiesta de fin de a\u00f1o para despedir el 2024"},"content":{"rendered":"\n<p><strong>El ic\u00f3nico merenguero dominicano Rubby P\u00e9rez ser\u00e1 la atracci\u00f3n principal del concierto<\/strong><\/p>\n\n\n\n<p><strong>La Romana, RD.-<\/strong>&nbsp;\u201cEl Bombazo Navide\u00f1o 2.0\u201d se ha convertido en una tradici\u00f3n en cuanto a fiestas de fin de a\u00f1o se trata, para esta ocasi\u00f3n, el protagonista es un peso pesado de la m\u00fasica nacional y popular dominicana, el cantante Rubby P\u00e9rez.<\/p>\n\n\n\n<p>Rubby P\u00e9rez, quien estar\u00e1 acompa\u00f1ado del poeta de la bachata Ram\u00f3n Torres y el icono hig\u00fceyano del merengue Emmy Caradura, se preparan para el \u201cBombazo Navide\u00f1o 2.0\u201d, seg\u00fan inform\u00f3 la producci\u00f3n del evento, definido por muchos como el principal concierto de fin de a\u00f1o y que tendr\u00e1 lugar el s\u00e1bado 28 de diciembre en la Explanada Taberna Bar de Hig\u00fcey, donde \u00c1ngel Productions ha preparado una experiencia que promete ser memorable.<\/p>\n\n\n\n<figure class=\"wp-block-gallery has-nested-images columns-default is-cropped wp-block-gallery-1 is-layout-flex wp-block-gallery-is-layout-flex\">\n<figure class=\"wp-block-image size-large\"><img loading=\"lazy\" decoding=\"async\" width=\"640\" height=\"640\" data-id=\"581417\" src=\"https:\/\/diariodominicano.com\/wp-content\/uploads\/2024\/12\/Ramon_Torres_Cantante.jpg\" alt=\"\" class=\"wp-image-581417\" srcset=\"https:\/\/diariodominicano.com\/wp-content\/uploads\/2024\/12\/Ramon_Torres_Cantante.jpg 640w, https:\/\/diariodominicano.com\/wp-content\/uploads\/2024\/12\/Ramon_Torres_Cantante-300x300.jpg 300w, https:\/\/diariodominicano.com\/wp-content\/uploads\/2024\/12\/Ramon_Torres_Cantante-150x150.jpg 150w, https:\/\/diariodominicano.com\/wp-content\/uploads\/2024\/12\/Ramon_Torres_Cantante-88x88.jpg 88w\" sizes=\"auto, (max-width: 640px) 100vw, 640px\" \/><\/figure>\n<\/figure>\n\n\n\n<p>La relevancia de este evento radica en su cartelera, que ha permitido que se constituya en el encuentro por excelencia de fin de a\u00f1o ya que siempre re\u00fane artistas de primera l\u00ednea para el deleite del p\u00fablico que asiste.<\/p>\n\n\n\n<p>Rubby P\u00e9rez es\u00a0reconocido internacionalmente por su talento y trayectoria y ofrecer\u00e1n lo mejor de su repertorio en un ambiente \u00fanico y lleno de energ\u00eda, desde cl\u00e1sicos inolvidables hasta sus \u00faltimos \u00e9xitos, lo que promete ser una experiencia inigualable para todos los asistentes.<\/p>\n\n\n\n<figure class=\"wp-block-gallery has-nested-images columns-default is-cropped wp-block-gallery-2 is-layout-flex wp-block-gallery-is-layout-flex\">\n<figure class=\"wp-block-image size-large\"><img loading=\"lazy\" decoding=\"async\" width=\"1024\" height=\"1024\" data-id=\"581416\" src=\"https:\/\/diariodominicano.com\/wp-content\/uploads\/2024\/12\/Emmy-Caradura-1024x1024.jpg\" alt=\"\" class=\"wp-image-581416\" srcset=\"https:\/\/diariodominicano.com\/wp-content\/uploads\/2024\/12\/Emmy-Caradura-1024x1024.jpg 1024w, https:\/\/diariodominicano.com\/wp-content\/uploads\/2024\/12\/Emmy-Caradura-300x300.jpg 300w, https:\/\/diariodominicano.com\/wp-content\/uploads\/2024\/12\/Emmy-Caradura-150x150.jpg 150w, https:\/\/diariodominicano.com\/wp-content\/uploads\/2024\/12\/Emmy-Caradura-768x768.jpg 768w, https:\/\/diariodominicano.com\/wp-content\/uploads\/2024\/12\/Emmy-Caradura-88x88.jpg 88w, https:\/\/diariodominicano.com\/wp-content\/uploads\/2024\/12\/Emmy-Caradura-816x816.jpg 816w, https:\/\/diariodominicano.com\/wp-content\/uploads\/2024\/12\/Emmy-Caradura.jpg 1080w\" sizes=\"auto, (max-width: 1024px) 100vw, 1024px\" \/><figcaption class=\"wp-element-caption\">Emmy Caradura<\/figcaption><\/figure>\n<\/figure>\n\n\n\n<p>En su repertorio no podr\u00e1n faltar canciones como \u201cVolver\u00e9\u201d \u201cNo voy a llorar\u201d, \u201cHazme olvidarla\u201d, \u201cAdicto\u201d, \u201cYo s\u00e9 que es mentira\u201d, \u201cLocamente enamorado\u201d y \u201cElla me viv\u00eda\u201d, \u201cBuscando tus besos\u201d, \u201cEnamorado de ella\u201d, entre muchos m\u00e1s.&nbsp;<\/p>\n\n\n\n<p>Adem\u00e1s de los artistas invitados, en \u201cEl Bombazo Navide\u00f1o\u201d, los presentes disfrutar\u00e1n de la animaci\u00f3n de importantes figuras de la comunicaci\u00f3n que har\u00e1n de la noche una velada especial.<\/p>\n\n\n\n<figure class=\"wp-block-gallery has-nested-images columns-default is-cropped wp-block-gallery-3 is-layout-flex wp-block-gallery-is-layout-flex\">\n<figure class=\"wp-block-image size-large\"><img loading=\"lazy\" decoding=\"async\" width=\"931\" height=\"1024\" data-id=\"581415\" src=\"https:\/\/diariodominicano.com\/wp-content\/uploads\/2024\/12\/Bombazo-Navideno-2.0-931x1024.jpg\" alt=\"\" class=\"wp-image-581415\" srcset=\"https:\/\/diariodominicano.com\/wp-content\/uploads\/2024\/12\/Bombazo-Navideno-2.0-931x1024.jpg 931w, https:\/\/diariodominicano.com\/wp-content\/uploads\/2024\/12\/Bombazo-Navideno-2.0-273x300.jpg 273w, https:\/\/diariodominicano.com\/wp-content\/uploads\/2024\/12\/Bombazo-Navideno-2.0-768x845.jpg 768w, https:\/\/diariodominicano.com\/wp-content\/uploads\/2024\/12\/Bombazo-Navideno-2.0-1396x1536.jpg 1396w, https:\/\/diariodominicano.com\/wp-content\/uploads\/2024\/12\/Bombazo-Navideno-2.0-816x898.jpg 816w, https:\/\/diariodominicano.com\/wp-content\/uploads\/2024\/12\/Bombazo-Navideno-2.0.jpg 1454w\" sizes=\"auto, (max-width: 931px) 100vw, 931px\" \/><figcaption class=\"wp-element-caption\">Bombazo Navideno 2.0<\/figcaption><\/figure>\n<\/figure>\n\n\n\n<p>Entre los animadores de este gran fiest\u00f3n se encuentran, Amelia Alc\u00e1ntara, Marleny 028, Alex Macias, Dj Lebr\u00f3n y como invitado especial Johan Delgado.<\/p>\n\n\n\n<p>\u201cEsta ser\u00e1 una de las fiestas m\u00e1s grandes de este a\u00f1o en La Romana, tal vez la m\u00e1s grande as\u00ed que no se la pueden perder\u201d, afirm\u00f3&nbsp;\u00c1ngel Productions.<\/p>\n\n\n\n<p>Para m\u00e1s informaci\u00f3n llamar a los tel\u00e9fonos 809.813.5208 y 829.266.5606<\/p>\n\n\n\n<p><strong>Nieves Aimee Disla Martinez<\/strong>\u00a0&lt;nievesadm@gmail.com> <\/p>\n","protected":false},"excerpt":{"rendered":"<p>El ic\u00f3nico merenguero dominicano Rubby P\u00e9rez ser\u00e1 la atracci\u00f3n principal del concierto La Romana, RD.-&nbsp;\u201cEl Bombazo Navide\u00f1o 2.0\u201d se ha convertido en una tradici\u00f3n en cuanto a fiestas de fin de a\u00f1o se trata, para esta ocasi\u00f3n, el protagonista es un peso pesado de la m\u00fasica nacional y popular dominicana, el cantante Rubby P\u00e9rez. Rubby [&hellip;]<\/p>\n","protected":false},"author":7,"featured_media":581421,"comment_status":"closed","ping_status":"closed","sticky":false,"template":"","format":"standard","meta":{"footnotes":""},"categories":[25],"tags":[1118],"class_list":["post-581396","post","type-post","status-publish","format-standard","has-post-thumbnail","hentry","category-gente","tag-bombazo-navideno-2-0"],"_links":{"self":[{"href":"https:\/\/diariodominicano.com\/index.php?rest_route=\/wp\/v2\/posts\/581396","targetHints":{"allow":["GET"]}}],"collection":[{"href":"https:\/\/diariodominicano.com\/index.php?rest_route=\/wp\/v2\/posts"}],"about":[{"href":"https:\/\/diariodominicano.com\/index.php?rest_route=\/wp\/v2\/types\/post"}],"author":[{"embeddable":true,"href":"https:\/\/diariodominicano.com\/index.php?rest_route=\/wp\/v2\/users\/7"}],"replies":[{"embeddable":true,"href":"https:\/\/diariodominicano.com\/index.php?rest_route=%2Fwp%2Fv2%2Fcomments&post=581396"}],"version-history":[{"count":2,"href":"https:\/\/diariodominicano.com\/index.php?rest_route=\/wp\/v2\/posts\/581396\/revisions"}],"predecessor-version":[{"id":581423,"href":"https:\/\/diariodominicano.com\/index.php?rest_route=\/wp\/v2\/posts\/581396\/revisions\/581423"}],"wp:featuredmedia":[{"embeddable":true,"href":"https:\/\/diariodominicano.com\/index.php?rest_route=\/wp\/v2\/media\/581421"}],"wp:attachment":[{"href":"https:\/\/diariodominicano.com\/index.php?rest_route=%2Fwp%2Fv2%2Fmedia&parent=581396"}],"wp:term":[{"taxonomy":"category","embeddable":true,"href":"https:\/\/diariodominicano.com\/index.php?rest_route=%2Fwp%2Fv2%2Fcategories&post=581396"},{"taxonomy":"post_tag","embeddable":true,"href":"https:\/\/diariodominicano.com\/index.php?rest_route=%2Fwp%2Fv2%2Ftags&post=581396"}],"curies":[{"name":"wp","href":"https:\/\/api.w.org\/{rel}","templated":true}]}}