{"id":581388,"date":"2024-12-09T10:29:39","date_gmt":"2024-12-09T14:29:39","guid":{"rendered":"https:\/\/diariodominicano.com\/?p=581388"},"modified":"2024-12-09T10:29:45","modified_gmt":"2024-12-09T14:29:45","slug":"policia-nacional-en-santiago-arresta-a-el-flaco-por-agresion-y-tentativa-de-robo","status":"publish","type":"post","link":"https:\/\/diariodominicano.com\/?p=581388","title":{"rendered":"Polic\u00eda Nacional en Santiago arresta a \u201cEl Flaco\u201d por agresi\u00f3n y tentativa de robo"},"content":{"rendered":"\n<p>diariodominicano.com<\/p>\n\n\n\n<p><strong>Santiago, R. D.,<\/strong>\u2002<strong> 9 de diciembre de 2024.-<\/strong>\u00a0La Polic\u00eda Nacional, a trav\u00e9s de la Divisi\u00f3n de Investigaci\u00f3n de Delitos contra la Propiedad, con sede en el destacamento del sector Mari L\u00f3pez, inform\u00f3 sobre la detenci\u00f3n de Ariel Jos\u00e9 Pe\u00f1a, alias \u201cEl Flaco\u201d, de 20 a\u00f1os, acusado de participar en un intento de robo y agresi\u00f3n f\u00edsica ocurrido el pasado 18 de noviembre en el sector Hato Mayor, de esta ciudad.<\/p>\n\n\n\n<p>Seg\u00fan la denuncia presentada por la v\u00edctima, el incidente ocurri\u00f3 mientras se dirig\u00eda a su lugar de trabajo. En el trayecto, fue interceptado por dos individuos que intentaron despojarlo de sus pertenencias. Al resistirse al asalto, fue agredido con un arma blanca y una piedra, lo que le provoc\u00f3 m\u00faltiples lesiones en la cabeza y otras partes del cuerpo.<\/p>\n\n\n\n<p>Tras las investigaciones, y en cumplimiento de la orden de arresto No. AJ0032402-2024, Ariel Jos\u00e9 Pe\u00f1a fue capturado. La v\u00edctima lo identific\u00f3 como uno de los responsables del hecho.<\/p>\n\n\n\n<p>El detenido ser\u00e1 puesto a disposici\u00f3n del Ministerio P\u00fablico para los fines legales correspondientes. Las autoridades contin\u00faan las investigaciones para localizar al otro implicado y&nbsp; presentarlo ante la justicia.<\/p>\n\n\n\n<p><strong>Oficina de Informaci\u00f3n y Comunicaciones Estrat\u00e9gicas de la Direcci\u00f3n Regional Cibao Central de la Polic\u00eda Nacional<\/strong><\/p>\n\n\n\n<figure class=\"wp-block-table\"><table><tbody><tr><td><strong>policia nacional<\/strong><\/td><\/tr><\/tbody><\/table><\/figure>\n","protected":false},"excerpt":{"rendered":"<p>diariodominicano.com Santiago, R. D.,\u2002 9 de diciembre de 2024.-\u00a0La Polic\u00eda Nacional, a trav\u00e9s de la Divisi\u00f3n de Investigaci\u00f3n de Delitos contra la Propiedad, con sede en el destacamento del sector Mari L\u00f3pez, inform\u00f3 sobre la detenci\u00f3n de Ariel Jos\u00e9 Pe\u00f1a, alias \u201cEl Flaco\u201d, de 20 a\u00f1os, acusado de participar en un intento de robo y [&hellip;]<\/p>\n","protected":false},"author":5,"featured_media":266065,"comment_status":"closed","ping_status":"closed","sticky":true,"template":"","format":"standard","meta":{"footnotes":""},"categories":[29,27],"tags":[],"class_list":["post-581388","post","type-post","status-publish","format-standard","has-post-thumbnail","hentry","category-policiasucesos","category-portada"],"_links":{"self":[{"href":"https:\/\/diariodominicano.com\/index.php?rest_route=\/wp\/v2\/posts\/581388","targetHints":{"allow":["GET"]}}],"collection":[{"href":"https:\/\/diariodominicano.com\/index.php?rest_route=\/wp\/v2\/posts"}],"about":[{"href":"https:\/\/diariodominicano.com\/index.php?rest_route=\/wp\/v2\/types\/post"}],"author":[{"embeddable":true,"href":"https:\/\/diariodominicano.com\/index.php?rest_route=\/wp\/v2\/users\/5"}],"replies":[{"embeddable":true,"href":"https:\/\/diariodominicano.com\/index.php?rest_route=%2Fwp%2Fv2%2Fcomments&post=581388"}],"version-history":[{"count":1,"href":"https:\/\/diariodominicano.com\/index.php?rest_route=\/wp\/v2\/posts\/581388\/revisions"}],"predecessor-version":[{"id":581389,"href":"https:\/\/diariodominicano.com\/index.php?rest_route=\/wp\/v2\/posts\/581388\/revisions\/581389"}],"wp:featuredmedia":[{"embeddable":true,"href":"https:\/\/diariodominicano.com\/index.php?rest_route=\/wp\/v2\/media\/266065"}],"wp:attachment":[{"href":"https:\/\/diariodominicano.com\/index.php?rest_route=%2Fwp%2Fv2%2Fmedia&parent=581388"}],"wp:term":[{"taxonomy":"category","embeddable":true,"href":"https:\/\/diariodominicano.com\/index.php?rest_route=%2Fwp%2Fv2%2Fcategories&post=581388"},{"taxonomy":"post_tag","embeddable":true,"href":"https:\/\/diariodominicano.com\/index.php?rest_route=%2Fwp%2Fv2%2Ftags&post=581388"}],"curies":[{"name":"wp","href":"https:\/\/api.w.org\/{rel}","templated":true}]}}