{"id":581385,"date":"2024-12-09T10:25:32","date_gmt":"2024-12-09T14:25:32","guid":{"rendered":"https:\/\/diariodominicano.com\/?p=581385"},"modified":"2024-12-09T10:25:40","modified_gmt":"2024-12-09T14:25:40","slug":"trump-reitera-promesa-de-indulto-a-atacantes-al-capitolio-de-eeuu","status":"publish","type":"post","link":"https:\/\/diariodominicano.com\/?p=581385","title":{"rendered":"Trump reitera promesa de indulto a atacantes al Capitolio de EEUU"},"content":{"rendered":"\n<p>diariodominicano.com<\/p>\n\n\n\n<p>Washington, 9 dic (Prensa Latina) El presidente electo de Estados Unidos, Donald Trump, reiter\u00f3 su promesa de que indultar\u00e1 a todos los que hoy cumplen sentencia por el ataque al Capitolio federal el 6 de enero de 2021.<\/p>\n\n\n\n<p>As\u00ed lo confirm\u00f3 en su primera entrevista televisiva desde su victoria electoral, donde repas\u00f3 una serie de sus compromisos de campa\u00f1a, incluidos los relacionados con el tema migratorio, la atenci\u00f3n m\u00e9dica y sus planes para el Departamento de Justicia.<\/p>\n\n\n\n<p>En la entrevista, concedida a NBC News y transmitida la v\u00edspera, el republicano dijo que en su primer d\u00eda en el cargo perdonar\u00e1 a las personas encarceladas por su papel en el mot\u00edn de hace m\u00e1s de tres a\u00f1os.<\/p>\n\n\n\n<p>\u00abEl primer d\u00eda. S\u00ed, estoy buscando estos indultos\u00bb, dijo Trump en el programa \u2018Meet the Press\u2019.<\/p>\n\n\n\n<p>Seg\u00fan el Departamento de Justicia (DOJ), m\u00e1s de mil 500 personas han sido arrestadas o acusadas en relaci\u00f3n con el asalto a la sede del Congreso aquel 6 de enero y casi 900 de ellas se declararon culpables.<\/p>\n\n\n\n<p>Respecto al asunto de la retribuci\u00f3n, que fue uno de los ejes de su campa\u00f1a en 2024, se\u00f1al\u00f3 que no ordenar\u00eda que persiguieran a sus rivales pol\u00edticos, pero los que eligi\u00f3 -si son confirmados- para los puestos clave del Departamento de Justicia y el FBI podr\u00edan hacerlo si quisieran.<\/p>\n\n\n\n<p>Adem\u00e1s de atacar al presidente Joe Biden y al fiscal especial Jack Smith que llev\u00f3 sus casos de mal manejo de documentos clasificados e interferencia electoral, Trump tambi\u00e9n critic\u00f3 muy fuerte al Comit\u00e9 Selecto de la C\u00e1mara de Representantes que investig\u00f3 el ataque al Capitolio y hasta pidi\u00f3 llevar a prisi\u00f3n a sus miembros.<\/p>\n\n\n\n<p>\u00ab(La exrepresentante Liz) Cheney estaba detr\u00e1s de esto. Lo mismo ocurre con Benny Thompson y todos los miembros de ese comit\u00e9. Sinceramente, deber\u00edan ir a la c\u00e1rcel\u00bb, expres\u00f3, aunque luego intent\u00f3 sacudirse la responsabilidad de una eventual decisi\u00f3n y sugiri\u00f3 que de eso se encargar\u00eda el DOJ.<\/p>\n\n\n\n<p>Cheney respondi\u00f3 a los comentarios de Trump, calific\u00e1ndolos de \u00abcontinuaci\u00f3n de su ataque al estado de derecho y los fundamentos de nuestra rep\u00fablica\u00bb.<\/p>\n\n\n\n<p>La excongresista advirti\u00f3 en un comunicado que \u201ccualquier abogado que intente seguir ese camino se ver\u00eda r\u00e1pidamente involucrado en una conducta sancionable\u00bb.<\/p>\n\n\n\n<p>De manera que ante las continuas amenazas de Trump a lo largo de su campa\u00f1a y ahora durante la transici\u00f3n, Biden est\u00e1 considerando indultos preventivos a algunos de los que han recibido su ira, rese\u00f1\u00f3 la televisora.<\/p>\n\n\n\n<p>Adem\u00e1s de Cheney tambi\u00e9n est\u00e1n en la mira del pr\u00f3ximo 47 Presidente el senador dem\u00f3crata electo Adam Schiff, que fue parte de la investigaci\u00f3n de la C\u00e1mara de Representantes sobre el 6 de enero, y el doctor Anthony Fauci, exdirector del Instituto Nacional de Alergias y Enfermedades Infecciosas.<\/p>\n\n\n\n<p>Por cierto, Philip Sean Grillo, se burl\u00f3 el viernes pasado de la decisi\u00f3n de un juez federal de enviarlo inmediatamente a prisi\u00f3n por un a\u00f1o por su rol en lo del Capitolio. Cuando lo esposaban grit\u00f3: \u201cDe todos modos, Trump me va a indultar\u201d.<\/p>\n\n\n\n<p>rc\/dfm<\/p>\n","protected":false},"excerpt":{"rendered":"<p>diariodominicano.com Washington, 9 dic (Prensa Latina) El presidente electo de Estados Unidos, Donald Trump, reiter\u00f3 su promesa de que indultar\u00e1 a todos los que hoy cumplen sentencia por el ataque al Capitolio federal el 6 de enero de 2021. As\u00ed lo confirm\u00f3 en su primera entrevista televisiva desde su victoria electoral, donde repas\u00f3 una serie [&hellip;]<\/p>\n","protected":false},"author":5,"featured_media":581386,"comment_status":"closed","ping_status":"closed","sticky":true,"template":"","format":"standard","meta":{"footnotes":""},"categories":[23,27],"tags":[],"class_list":["post-581385","post","type-post","status-publish","format-standard","has-post-thumbnail","hentry","category-internacional","category-portada"],"_links":{"self":[{"href":"https:\/\/diariodominicano.com\/index.php?rest_route=\/wp\/v2\/posts\/581385","targetHints":{"allow":["GET"]}}],"collection":[{"href":"https:\/\/diariodominicano.com\/index.php?rest_route=\/wp\/v2\/posts"}],"about":[{"href":"https:\/\/diariodominicano.com\/index.php?rest_route=\/wp\/v2\/types\/post"}],"author":[{"embeddable":true,"href":"https:\/\/diariodominicano.com\/index.php?rest_route=\/wp\/v2\/users\/5"}],"replies":[{"embeddable":true,"href":"https:\/\/diariodominicano.com\/index.php?rest_route=%2Fwp%2Fv2%2Fcomments&post=581385"}],"version-history":[{"count":1,"href":"https:\/\/diariodominicano.com\/index.php?rest_route=\/wp\/v2\/posts\/581385\/revisions"}],"predecessor-version":[{"id":581387,"href":"https:\/\/diariodominicano.com\/index.php?rest_route=\/wp\/v2\/posts\/581385\/revisions\/581387"}],"wp:featuredmedia":[{"embeddable":true,"href":"https:\/\/diariodominicano.com\/index.php?rest_route=\/wp\/v2\/media\/581386"}],"wp:attachment":[{"href":"https:\/\/diariodominicano.com\/index.php?rest_route=%2Fwp%2Fv2%2Fmedia&parent=581385"}],"wp:term":[{"taxonomy":"category","embeddable":true,"href":"https:\/\/diariodominicano.com\/index.php?rest_route=%2Fwp%2Fv2%2Fcategories&post=581385"},{"taxonomy":"post_tag","embeddable":true,"href":"https:\/\/diariodominicano.com\/index.php?rest_route=%2Fwp%2Fv2%2Ftags&post=581385"}],"curies":[{"name":"wp","href":"https:\/\/api.w.org\/{rel}","templated":true}]}}