{"id":581380,"date":"2024-12-09T10:14:18","date_gmt":"2024-12-09T14:14:18","guid":{"rendered":"https:\/\/diariodominicano.com\/?p=581380"},"modified":"2024-12-09T10:14:26","modified_gmt":"2024-12-09T14:14:26","slug":"dialogaran-presidente-dominicano-y-emir-del-estado-de-qatar","status":"publish","type":"post","link":"https:\/\/diariodominicano.com\/?p=581380","title":{"rendered":"Dialogar\u00e1n presidente dominicano y emir del Estado de Qatar"},"content":{"rendered":"\n<p>diariodominicano.com<\/p>\n\n\n\n<p>Santo Domingo, 9 dic ( Prensa Latina) El presidente dominicano, Luis Abinader, sostendr\u00e1 hoy una reuni\u00f3n con Tamim Bin Hamad Al Thani, emir del Estado de Qatar, durante su \u00faltimo d\u00eda de visita oficial a ese pa\u00eds, informaron fuentes oficiales.<\/p>\n\n\n\n<p>El gobernante tambi\u00e9n realizar\u00e1 un recorrido por el Aeropuerto Internacional Hamad de Qatar, el cual recibi\u00f3 el Premio a la mejor terminar a\u00e9rea del mundo.<\/p>\n\n\n\n<p>La v\u00edspera el mandatario particip\u00f3 en el panel \u201cPerspectivas de Cooperaci\u00f3n en un Mundo Fragmentado\u201d, que se desarroll\u00f3 en el Foro Mundial de Doha.<\/p>\n\n\n\n<p>En ese escenario, el jefe de Estado destac\u00f3 que la cooperaci\u00f3n desempe\u00f1a un rol trascendental, y explic\u00f3 que en el caso de la Rep\u00fablica Dominicana \u00abpas\u00f3 de ser un Estado meramente receptor a convertirse en un Estado dual, que m\u00e1s all\u00e1 de recibir tambi\u00e9n ofrece y gestiona colaboraci\u00f3n\u00bb, indic\u00f3 la direcci\u00f3n de prensa del dignatario.<\/p>\n\n\n\n<p>Este domingo Abinader sostuvo reuniones con altos funcionarios de esa naci\u00f3n de las \u00e1reas de educaci\u00f3n, comercio e industria, turismo, salud p\u00fablica, transporte y defensa.<\/p>\n\n\n\n<p>Asimismo, particip\u00f3 en encuentros con empresarios, inversionistas y desarrolladores de Qatar, con el prop\u00f3sito de incentivar la inversi\u00f3n extranjera en la Rep\u00fablica Dominicana y desarrollar nuevas empresas que aporten miles de empleos al pa\u00eds, indic\u00f3 el sitio de la Presidencia.<\/p>\n\n\n\n<p>Abinader est\u00e1 acompa\u00f1ado por una comitiva que integran los ministros de Hacienda, Jos\u00e9 Manuel Vicente; de Energ\u00eda y Minas, Joel Santos; el viceministro de Asuntos Econ\u00f3micos y de Cooperaci\u00f3n de la canciller\u00eda, Hugo Rivera, y la directora ejecutiva del Centro de Exportaci\u00f3n e Inversi\u00f3n, Biviana Riveiro.<\/p>\n\n\n\n<p>Tambi\u00e9n forman parte de la delegaci\u00f3n el secretario general del Gabinete Presidencial, Eilyn Beltr\u00e1n; la asistente personal del mandatario, Mercedes Pichardo; el director de Prensa del presidente, Daniel Garc\u00eda Archibald, y el embajador dominicano en Qatar, Georges Bahsa Hazim.<\/p>\n\n\n\n<p>rc\/mpv<\/p>\n","protected":false},"excerpt":{"rendered":"<p>diariodominicano.com Santo Domingo, 9 dic ( Prensa Latina) El presidente dominicano, Luis Abinader, sostendr\u00e1 hoy una reuni\u00f3n con Tamim Bin Hamad Al Thani, emir del Estado de Qatar, durante su \u00faltimo d\u00eda de visita oficial a ese pa\u00eds, informaron fuentes oficiales. El gobernante tambi\u00e9n realizar\u00e1 un recorrido por el Aeropuerto Internacional Hamad de Qatar, el [&hellip;]<\/p>\n","protected":false},"author":5,"featured_media":581381,"comment_status":"closed","ping_status":"closed","sticky":true,"template":"","format":"standard","meta":{"footnotes":""},"categories":[20,27],"tags":[],"class_list":["post-581380","post","type-post","status-publish","format-standard","has-post-thumbnail","hentry","category-dominicana-hoy","category-portada"],"_links":{"self":[{"href":"https:\/\/diariodominicano.com\/index.php?rest_route=\/wp\/v2\/posts\/581380","targetHints":{"allow":["GET"]}}],"collection":[{"href":"https:\/\/diariodominicano.com\/index.php?rest_route=\/wp\/v2\/posts"}],"about":[{"href":"https:\/\/diariodominicano.com\/index.php?rest_route=\/wp\/v2\/types\/post"}],"author":[{"embeddable":true,"href":"https:\/\/diariodominicano.com\/index.php?rest_route=\/wp\/v2\/users\/5"}],"replies":[{"embeddable":true,"href":"https:\/\/diariodominicano.com\/index.php?rest_route=%2Fwp%2Fv2%2Fcomments&post=581380"}],"version-history":[{"count":1,"href":"https:\/\/diariodominicano.com\/index.php?rest_route=\/wp\/v2\/posts\/581380\/revisions"}],"predecessor-version":[{"id":581382,"href":"https:\/\/diariodominicano.com\/index.php?rest_route=\/wp\/v2\/posts\/581380\/revisions\/581382"}],"wp:featuredmedia":[{"embeddable":true,"href":"https:\/\/diariodominicano.com\/index.php?rest_route=\/wp\/v2\/media\/581381"}],"wp:attachment":[{"href":"https:\/\/diariodominicano.com\/index.php?rest_route=%2Fwp%2Fv2%2Fmedia&parent=581380"}],"wp:term":[{"taxonomy":"category","embeddable":true,"href":"https:\/\/diariodominicano.com\/index.php?rest_route=%2Fwp%2Fv2%2Fcategories&post=581380"},{"taxonomy":"post_tag","embeddable":true,"href":"https:\/\/diariodominicano.com\/index.php?rest_route=%2Fwp%2Fv2%2Ftags&post=581380"}],"curies":[{"name":"wp","href":"https:\/\/api.w.org\/{rel}","templated":true}]}}