{"id":581360,"date":"2024-12-09T00:46:15","date_gmt":"2024-12-09T04:46:15","guid":{"rendered":"https:\/\/diariodominicano.com\/?p=581360"},"modified":"2024-12-09T00:46:22","modified_gmt":"2024-12-09T04:46:22","slug":"ipc-de-china-sube-02-en-noviembre","status":"publish","type":"post","link":"https:\/\/diariodominicano.com\/?p=581360","title":{"rendered":"IPC de China sube 0,2% en noviembre"},"content":{"rendered":"\n<p><em>spanish.news.cn<\/em>|<em>&nbsp;2024-12-09 09:52:30<\/em>|<\/p>\n\n\n\n<p>BEIJING, 9 dic (Xinhua) &#8212;&nbsp;El \u00edndice de precios al consumidor (IPC) de China, uno de los principales indicadores de la inflaci\u00f3n, subi\u00f3 un 0,2 por ciento interanual en noviembre, inform\u00f3 hoy lunes el Bur\u00f3 Nacional de Estad\u00edsticas (BNE).<\/p>\n\n\n\n<p>La cifra fue inferior al incremento del 0,3 por ciento registrado en octubre, en gran parte debido a una ralentizaci\u00f3n en el aumento de los precios de los alimentos, analiz\u00f3 Dong Lijuan, estad\u00edstica jefe del BNE.<\/p>\n\n\n\n<p>El IPC subyacente, que excluye los precios de los alimentos y la energ\u00eda, subi\u00f3 un 0,3 por ciento interanual en noviembre, frente al 0,2 por ciento de octubre.<\/p>\n\n\n\n<p>En t\u00e9rminos mensuales, el IPC cay\u00f3 un 0,6 por ciento, tras el descenso del 0,3 por ciento de octubre.<\/p>\n\n\n\n<p>Los datos del BNE tambi\u00e9n mostraron que el \u00edndice de precios al productor (IPP), que mide los costos de los bienes a puerta de f\u00e1brica, registr\u00f3 una ca\u00edda del 2,5 por ciento interanual, alej\u00e1ndose del descenso del 2,9 por ciento registrado en octubre.<\/p>\n\n\n\n<p>En t\u00e9rminos intermensuales, el mes pasado el IPP registr\u00f3 un aumento del 0,1 por ciento, frente a la disminuci\u00f3n del 0,1 por ciento experimentada en octubre.&nbsp;<\/p>\n\n\n\n<p><a href=\"https:\/\/www.facebook.com\/sharer\/sharer.php?u=https:\/\/spanish.news.cn\/20241209\/10f0a2c2acb4426cb75b32f3189331c0\/c.html\" target=\"_blank\" rel=\"noreferrer noopener\"><\/a>&nbsp;<a href=\"https:\/\/twitter.com\/intent\/tweet?text=IPC%20de%20China%20sube%200,2%25%20en%20noviembre&amp;url=https:\/\/spanish.news.cn\/20241209\/10f0a2c2acb4426cb75b32f3189331c0\/c.html\" target=\"_blank\" rel=\"noreferrer noopener\"><\/a>&nbsp;<a target=\"_blank\" href=\"https:\/\/service.weibo.com\/share\/share.php?title=IPC%20de%20China%20sube%200,2%25%20en%20noviembre&amp;url=https:\/\/spanish.news.cn\/20241209\/10f0a2c2acb4426cb75b32f3189331c0\/c.html\" rel=\"noreferrer noopener\"><\/a>&nbsp;<a><\/a><\/p>\n\n\n\n<figure class=\"wp-block-image\"><img decoding=\"async\" src=\"https:\/\/imgs.news.cn\/res\/xhwimg\/spanish\/20170522\/img\/jc-xfa.png\" alt=\"\"\/><\/figure>\n","protected":false},"excerpt":{"rendered":"<p>spanish.news.cn|&nbsp;2024-12-09 09:52:30| BEIJING, 9 dic (Xinhua) &#8212;&nbsp;El \u00edndice de precios al consumidor (IPC) de China, uno de los principales indicadores de la inflaci\u00f3n, subi\u00f3 un 0,2 por ciento interanual en noviembre, inform\u00f3 hoy lunes el Bur\u00f3 Nacional de Estad\u00edsticas (BNE). La cifra fue inferior al incremento del 0,3 por ciento registrado en octubre, en gran [&hellip;]<\/p>\n","protected":false},"author":28,"featured_media":0,"comment_status":"closed","ping_status":"closed","sticky":true,"template":"","format":"standard","meta":{"footnotes":""},"categories":[18,23],"tags":[],"class_list":["post-581360","post","type-post","status-publish","format-standard","hentry","category-economia","category-internacional"],"_links":{"self":[{"href":"https:\/\/diariodominicano.com\/index.php?rest_route=\/wp\/v2\/posts\/581360","targetHints":{"allow":["GET"]}}],"collection":[{"href":"https:\/\/diariodominicano.com\/index.php?rest_route=\/wp\/v2\/posts"}],"about":[{"href":"https:\/\/diariodominicano.com\/index.php?rest_route=\/wp\/v2\/types\/post"}],"author":[{"embeddable":true,"href":"https:\/\/diariodominicano.com\/index.php?rest_route=\/wp\/v2\/users\/28"}],"replies":[{"embeddable":true,"href":"https:\/\/diariodominicano.com\/index.php?rest_route=%2Fwp%2Fv2%2Fcomments&post=581360"}],"version-history":[{"count":1,"href":"https:\/\/diariodominicano.com\/index.php?rest_route=\/wp\/v2\/posts\/581360\/revisions"}],"predecessor-version":[{"id":581361,"href":"https:\/\/diariodominicano.com\/index.php?rest_route=\/wp\/v2\/posts\/581360\/revisions\/581361"}],"wp:attachment":[{"href":"https:\/\/diariodominicano.com\/index.php?rest_route=%2Fwp%2Fv2%2Fmedia&parent=581360"}],"wp:term":[{"taxonomy":"category","embeddable":true,"href":"https:\/\/diariodominicano.com\/index.php?rest_route=%2Fwp%2Fv2%2Fcategories&post=581360"},{"taxonomy":"post_tag","embeddable":true,"href":"https:\/\/diariodominicano.com\/index.php?rest_route=%2Fwp%2Fv2%2Ftags&post=581360"}],"curies":[{"name":"wp","href":"https:\/\/api.w.org\/{rel}","templated":true}]}}