{"id":581335,"date":"2024-12-09T00:31:54","date_gmt":"2024-12-09T04:31:54","guid":{"rendered":"https:\/\/diariodominicano.com\/?p=581335"},"modified":"2024-12-09T00:32:00","modified_gmt":"2024-12-09T04:32:00","slug":"mexico-usara-medios-legales-para-defender-a-connacionales-en-eeuu-fotos","status":"publish","type":"post","link":"https:\/\/diariodominicano.com\/?p=581335","title":{"rendered":"M\u00e9xico usar\u00e1 medios legales para defender a connacionales en EEUU (+Fotos)"},"content":{"rendered":"\n<p>Ciudad de M\u00e9xico, 8 dic (Prensa Latina) El canciller de M\u00e9xico, Juan Ram\u00f3n de la Fuente, afirm\u00f3 que su pa\u00eds utilizar\u00e1 las v\u00edas legales para defender a los connacionales en Estados Unidos, ante las amenazas de deportaciones, refieren hoy medios de prensa.<\/p>\n\n\n\n<ul class=\"wp-block-list\">\n<li><a href=\"https:\/\/www.prensa-latina.cu\/2024\/12\/08\/\"><time>diciembre 8, 2024 | 10:49<\/time><\/a><\/li>\n<\/ul>\n\n\n\n<ul class=\"wp-block-list\">\n<li><a href=\"https:\/\/www.prensa-latina.cu\/2024\/12\/08\/mexico-usara-medios-legales-para-defender-a-connacionales-en-eeuu\/#\"><\/a><\/li>\n\n\n\n<li><a href=\"https:\/\/www.prensa-latina.cu\/2024\/12\/08\/mexico-usara-medios-legales-para-defender-a-connacionales-en-eeuu\/#\"><\/a><\/li>\n\n\n\n<li><a href=\"https:\/\/www.prensa-latina.cu\/2024\/12\/08\/mexico-usara-medios-legales-para-defender-a-connacionales-en-eeuu\/#\"><\/a><\/li>\n\n\n\n<li><a href=\"https:\/\/www.prensa-latina.cu\/2024\/12\/08\/mexico-usara-medios-legales-para-defender-a-connacionales-en-eeuu\/#\"><\/a><\/li>\n<\/ul>\n\n\n\n<p>A nombre de la presidenta Claudia Sheinbaum, el secretario de Relaciones Exteriores refrend\u00f3 en Nueva York que estas personas no est\u00e1n solas y que el Estado mexicano, representado por su red consular, est\u00e1 preparado para apoyar, acompa\u00f1ar, proteger y preservar sus derechos.<\/p>\n\n\n\n<figure class=\"wp-block-image\"><img decoding=\"async\" src=\"https:\/\/www.prensa-latina.cu\/wp-content\/uploads\/2024\/12\/Juan-Ramon-de-la-Fuente-canciller2.jpg\" alt=\"\" class=\"wp-image-1408161\"\/><\/figure>\n\n\n\n<p>\u201cNo hay en estos momentos otra prioridad de la pol\u00edtica exterior de M\u00e9xico que nuestros connacionales\u201d, se\u00f1al\u00f3 De la Fuente, quien reiter\u00f3 la instrucci\u00f3n al equipo consular para tener capacidad de respuesta r\u00e1pida y efectiva en la protecci\u00f3n de estas personas.<\/p>\n\n\n\n<p>En un encuentro sostenido en esa ciudad estadounidense, el titular solicit\u00f3 a los c\u00f3nsules visitar los centros de detenci\u00f3n en sus respectivas circunscripciones y seguir en contacto con las autoridades migratorias para supervisar el cumplimiento en el respeto a los derechos humanos.<\/p>\n\n\n\n<figure class=\"wp-block-image\"><img decoding=\"async\" src=\"https:\/\/www.prensa-latina.cu\/wp-content\/uploads\/2024\/12\/Juan-Ramon-de-la-Fuente-canciller3.jpg\" alt=\"\" class=\"wp-image-1408160\"\/><\/figure>\n\n\n\n<p>De acuerdo con un comunicado de la Secretar\u00eda de Relaciones Exteriores, el canciller llam\u00f3 a seguir fortaleciendo y construyendo alianzas comunitarias con diversas organizaciones sociales y civiles que contribuyan a la defensa de los connacionales.<\/p>\n\n\n\n<p>\u201cHay que salir a buscarlas, hay que salir a verlos. No son tiempos de oficina, son tiempos de salir a hacer trabajo comunitario con estas alianzas, tejerlas y tenerlas listas, convencerlos de la necesidad que tenemos de trabajar juntos\u201d, expres\u00f3.<\/p>\n\n\n\n<figure class=\"wp-block-image\"><img decoding=\"async\" src=\"https:\/\/www.prensa-latina.cu\/wp-content\/uploads\/2024\/12\/Juan-Ramon-de-la-Fuente-canciller4.jpg\" alt=\"\" class=\"wp-image-1408159\"\/><\/figure>\n\n\n\n<p>De la Fuente se reuni\u00f3 ayer con el embajador de M\u00e9xico en Estados Unidos, Esteban Moctezuma; el representante ante la ONU, H\u00e9ctor Vasconcelos, y seis c\u00f3nsules de la costa noreste de Nueva York, para trazar las prioridades de los Consulados y generar confianza entre los connacionales frente a los desaf\u00edos.<\/p>\n\n\n\n<p>El presidente electo de Estados Unidos, Donald Trump, prometi\u00f3 llevar a cabo las mayores deportaciones en la historia del pa\u00eds.<\/p>\n\n\n\n<p>Datos del Peterson Institute for International Economics difundidos por Sheinbaum en d\u00edas recientes se\u00f1alan que por cada 10 inmigrantes en la fuerza laboral de Estados Unidos, se crean uno o dos empleos para los propios estadounidenses.<\/p>\n\n\n\n<p>El 80 por ciento de los salarios que los trabajadores mexicanos ganan en aquel pa\u00eds se consumen all\u00ed, refiri\u00f3 la mandataria, al a\u00f1adir que si dejaran de hacer esto, la econom\u00eda de Estados Unidos se contraer\u00eda en m\u00e1s de un punto de su Producto Interno Bruto.<\/p>\n\n\n\n<p>\u201cEliminar el consumo de las y los trabajadores mexicanos, f\u00edjense bien, ser\u00eda equivalente -esto es una publicaci\u00f3n acad\u00e9mica-, a destruir el valor generado por la totalidad de la agricultura, la pesca y la silvicultura en los Estados Unidos\u201d, apunt\u00f3.<\/p>\n\n\n\n<p>oda\/las<\/p>\n\n\n\n<ul class=\"wp-block-list\">\n<li>#<a href=\"https:\/\/www.prensa-latina.cu\/etiqueta\/eeuu\/\">eeuu<\/a>\u00a0#<a href=\"https:\/\/www.prensa-latina.cu\/etiqueta\/mexico\/\">M\u00e9xico<\/a><\/li>\n<\/ul>\n","protected":false},"excerpt":{"rendered":"<p>Ciudad de M\u00e9xico, 8 dic (Prensa Latina) El canciller de M\u00e9xico, Juan Ram\u00f3n de la Fuente, afirm\u00f3 que su pa\u00eds utilizar\u00e1 las v\u00edas legales para defender a los connacionales en Estados Unidos, ante las amenazas de deportaciones, refieren hoy medios de prensa. A nombre de la presidenta Claudia Sheinbaum, el secretario de Relaciones Exteriores refrend\u00f3 [&hellip;]<\/p>\n","protected":false},"author":28,"featured_media":581336,"comment_status":"closed","ping_status":"closed","sticky":true,"template":"","format":"standard","meta":{"footnotes":""},"categories":[23,24],"tags":[],"class_list":["post-581335","post","type-post","status-publish","format-standard","has-post-thumbnail","hentry","category-internacional","category-justicia-y-derecho"],"_links":{"self":[{"href":"https:\/\/diariodominicano.com\/index.php?rest_route=\/wp\/v2\/posts\/581335","targetHints":{"allow":["GET"]}}],"collection":[{"href":"https:\/\/diariodominicano.com\/index.php?rest_route=\/wp\/v2\/posts"}],"about":[{"href":"https:\/\/diariodominicano.com\/index.php?rest_route=\/wp\/v2\/types\/post"}],"author":[{"embeddable":true,"href":"https:\/\/diariodominicano.com\/index.php?rest_route=\/wp\/v2\/users\/28"}],"replies":[{"embeddable":true,"href":"https:\/\/diariodominicano.com\/index.php?rest_route=%2Fwp%2Fv2%2Fcomments&post=581335"}],"version-history":[{"count":1,"href":"https:\/\/diariodominicano.com\/index.php?rest_route=\/wp\/v2\/posts\/581335\/revisions"}],"predecessor-version":[{"id":581337,"href":"https:\/\/diariodominicano.com\/index.php?rest_route=\/wp\/v2\/posts\/581335\/revisions\/581337"}],"wp:featuredmedia":[{"embeddable":true,"href":"https:\/\/diariodominicano.com\/index.php?rest_route=\/wp\/v2\/media\/581336"}],"wp:attachment":[{"href":"https:\/\/diariodominicano.com\/index.php?rest_route=%2Fwp%2Fv2%2Fmedia&parent=581335"}],"wp:term":[{"taxonomy":"category","embeddable":true,"href":"https:\/\/diariodominicano.com\/index.php?rest_route=%2Fwp%2Fv2%2Fcategories&post=581335"},{"taxonomy":"post_tag","embeddable":true,"href":"https:\/\/diariodominicano.com\/index.php?rest_route=%2Fwp%2Fv2%2Ftags&post=581335"}],"curies":[{"name":"wp","href":"https:\/\/api.w.org\/{rel}","templated":true}]}}