{"id":581264,"date":"2024-12-08T17:55:04","date_gmt":"2024-12-08T21:55:04","guid":{"rendered":"https:\/\/diariodominicano.com\/?p=581264"},"modified":"2024-12-08T19:20:33","modified_gmt":"2024-12-08T23:20:33","slug":"notre-dame-de-paris-reabre-oficialmente-sus-puertas","status":"publish","type":"post","link":"https:\/\/diariodominicano.com\/?p=581264","title":{"rendered":"Notre-Dame de Par\u00eds reabre oficialmente sus puertas"},"content":{"rendered":"\n<p>diariodominicano.com<\/p>\n\n\n\n<p>Par\u00eds, 7 dic (Prensa Latina) Rejuvenecida en sus m\u00e1s de ocho siglos de historia, la catedral Notre-Dame de Par\u00eds reabri\u00f3 hoy oficialmente sus puertas con adornos esencialmente de estilo g\u00f3tico en una ceremonia que atrajo a mandatarios y personalidades de varios continentes.<\/p>\n\n\n\n<p>Transcurrieron m\u00e1s de cinco a\u00f1os desde aquel fat\u00eddico 15 de abril del 2019, cuando un voraz incendio \u2014cuyas causas siguen sin esclarecerse\u2014 estuvo a escasos minutos de destruir el templo declarado en 1991 por la Unesco Patrimonio de la Humanidad, testigo de acontecimientos como la Revoluci\u00f3n Francesa y la coronaci\u00f3n de Napole\u00f3n.<\/p>\n\n\n\n<p>Notre-Dame regresa como un s\u00edmbolo indiscutible de la Ciudad de la Luz, y en su resurrecci\u00f3n resulta m\u00e1s que merecido el homenaje a aquellos incansables y heroicos bomberos que la salvaron y a los artesanos y otros trabajadores que le devolvieron su esplendor.<\/p>\n\n\n\n<p>En la reinauguraci\u00f3n de la catedral casi ba\u00f1ada por el tambi\u00e9n patrimonial r\u00edo Sena, un documental record\u00f3 las duras im\u00e1genes del asalto de las llamas, que derribaron la aguja de 93 metros de altura dise\u00f1ada por el arquitecto autodidacta Eug\u00e8ne-Emmanuel Viollet-le-Duc, y las posteriores labores de reconstrucci\u00f3n.<\/p>\n\n\n\n<p>Afuera, una muchedumbre desafiaba la fr\u00eda y lluviosa noche parisina para robarle alg\u00fan instante de protagonismo a la vieja dama de estampas g\u00f3ticas, pero un estricto dispositivo de seguridad la mantuvo lejos, sin que dejara de ser un privilegio ser parte de las 40 mil personas aceptadas en las inmediaciones.<\/p>\n\n\n\n<p>El sonido de las campanas y del restaurado gran \u00f3rgano de Notre-Dame, despu\u00e9s de m\u00e1s de un lustro de silencio, marca desde ya una jornada relevante, aderezada por la presencia de personalidades que suelen acaparar titulares de prensa, desde los estadounidense Donald Trump y Elon Musk hasta el heredero de la corona brit\u00e1nica, el pr\u00edncipe William.<\/p>\n\n\n\n<p>En sus palabras a los cerca de dos mil invitados, el presidente Emmanuel Macron expres\u00f3 su gratitud a la naci\u00f3n francesa, en particular a los que salvaron y ayudaron de alguna manera a recuperar el templo.<\/p>\n\n\n\n<p>Las piedras, la madera y los vitrales pudieron desaparecer, y nunca m\u00e1s hubi\u00e9semos escuchado las campanas de la catedral, advirti\u00f3.<\/p>\n\n\n\n<p>Uno de los grandes ausentes de la ceremonia de reapertura, el papa Francisco, destac\u00f3 en su mensaje, le\u00eddo por la m\u00e1xima figura del Arzobispado de Par\u00eds, Laurent Ulrich, la importancia de que las puertas de Notre-Dame se abran siempre generosas y gratuitamente al p\u00fablico.<\/p>\n\n\n\n<p>La ministra de Cultura, Rachida Dati (dimitente), desat\u00f3 en los \u00faltimos d\u00edas la pol\u00e9mica al sugerir el cobro de la entrada a la famosa catedral.<\/p>\n\n\n\n<p>jcm\/wmr<\/p>\n","protected":false},"excerpt":{"rendered":"<p>diariodominicano.com Par\u00eds, 7 dic (Prensa Latina) Rejuvenecida en sus m\u00e1s de ocho siglos de historia, la catedral Notre-Dame de Par\u00eds reabri\u00f3 hoy oficialmente sus puertas con adornos esencialmente de estilo g\u00f3tico en una ceremonia que atrajo a mandatarios y personalidades de varios continentes. Transcurrieron m\u00e1s de cinco a\u00f1os desde aquel fat\u00eddico 15 de abril del [&hellip;]<\/p>\n","protected":false},"author":5,"featured_media":581265,"comment_status":"closed","ping_status":"closed","sticky":true,"template":"","format":"standard","meta":{"footnotes":""},"categories":[23],"tags":[],"class_list":["post-581264","post","type-post","status-publish","format-standard","has-post-thumbnail","hentry","category-internacional"],"_links":{"self":[{"href":"https:\/\/diariodominicano.com\/index.php?rest_route=\/wp\/v2\/posts\/581264","targetHints":{"allow":["GET"]}}],"collection":[{"href":"https:\/\/diariodominicano.com\/index.php?rest_route=\/wp\/v2\/posts"}],"about":[{"href":"https:\/\/diariodominicano.com\/index.php?rest_route=\/wp\/v2\/types\/post"}],"author":[{"embeddable":true,"href":"https:\/\/diariodominicano.com\/index.php?rest_route=\/wp\/v2\/users\/5"}],"replies":[{"embeddable":true,"href":"https:\/\/diariodominicano.com\/index.php?rest_route=%2Fwp%2Fv2%2Fcomments&post=581264"}],"version-history":[{"count":1,"href":"https:\/\/diariodominicano.com\/index.php?rest_route=\/wp\/v2\/posts\/581264\/revisions"}],"predecessor-version":[{"id":581266,"href":"https:\/\/diariodominicano.com\/index.php?rest_route=\/wp\/v2\/posts\/581264\/revisions\/581266"}],"wp:featuredmedia":[{"embeddable":true,"href":"https:\/\/diariodominicano.com\/index.php?rest_route=\/wp\/v2\/media\/581265"}],"wp:attachment":[{"href":"https:\/\/diariodominicano.com\/index.php?rest_route=%2Fwp%2Fv2%2Fmedia&parent=581264"}],"wp:term":[{"taxonomy":"category","embeddable":true,"href":"https:\/\/diariodominicano.com\/index.php?rest_route=%2Fwp%2Fv2%2Fcategories&post=581264"},{"taxonomy":"post_tag","embeddable":true,"href":"https:\/\/diariodominicano.com\/index.php?rest_route=%2Fwp%2Fv2%2Ftags&post=581264"}],"curies":[{"name":"wp","href":"https:\/\/api.w.org\/{rel}","templated":true}]}}