{"id":581246,"date":"2024-12-08T17:32:31","date_gmt":"2024-12-08T21:32:31","guid":{"rendered":"https:\/\/diariodominicano.com\/?p=581246"},"modified":"2024-12-08T19:21:52","modified_gmt":"2024-12-08T23:21:52","slug":"situacion-de-emergencia-en-sureno-estado-de-brasil-por-lluvias","status":"publish","type":"post","link":"https:\/\/diariodominicano.com\/?p=581246","title":{"rendered":"Situaci\u00f3n de emergencia en sure\u00f1o estado de Brasil por lluvias"},"content":{"rendered":"\n<p>diariodominicano.com<\/p>\n\n\n\n<p>Brasilia, 8 dic (Prensa Latina) Ciudades del sure\u00f1o estado brasile\u00f1o de Santa Catarina activaron hoy un plan de contingencia y decretaron situaci\u00f3n de emergencia por las lluvias que afectaron unos 24 municipios y a m\u00e1s de mil 300 personas en varias regiones.<\/p>\n\n\n\n<p>Las autoridades de la divisi\u00f3n territorial contabilizan los da\u00f1os por las precipitaciones que empezaron el s\u00e1bado y que deben seguir hasta ma\u00f1ana.<\/p>\n\n\n\n<p>Araquari, en el norte del estado, decret\u00f3 una situaci\u00f3n de emergencia, mientras que Guaramirim, en la misma zona, activ\u00f3 un plan de contingencia ante la posibilidad de inundaciones y la retirada de los residentes de lugares con peligro, seg\u00fan la Defensa Civil.<\/p>\n\n\n\n<p>Hasta el momento no se registran heridos en Santa Catarina y al menos 200 personas tuvieron que dejar sus hogares en Bom Retiro, en la Sierra catarinense.<\/p>\n\n\n\n<p>Las ciudades m\u00e1s afectadas por los mayores vol\u00famenes de aguaceros son las del norte, Sierra y Oeste. En Joinville, el agua invadi\u00f3 iglesias, escuelas y residencias.<\/p>\n\n\n\n<p>Seg\u00fan datos de la Central de Monitoreo de la Defensa Civil, el municipio de Dion\u00edsio Cerqueira, en el oeste, lidera los acumulativos de precipitaci\u00f3n con 186,4 mil\u00edmetros de lluvia en las \u00faltimas 48 horas, causando serios riesgos de deslizamientos.<\/p>\n\n\n\n<p>El \u00f3rgano de socorro contin\u00faa monitoreando las condiciones clim\u00e1ticas y alerta a la poblaci\u00f3n sobre \u00e1reas de riesgo.<\/p>\n\n\n\n<p>npg\/ocs<\/p>\n","protected":false},"excerpt":{"rendered":"<p>diariodominicano.com Brasilia, 8 dic (Prensa Latina) Ciudades del sure\u00f1o estado brasile\u00f1o de Santa Catarina activaron hoy un plan de contingencia y decretaron situaci\u00f3n de emergencia por las lluvias que afectaron unos 24 municipios y a m\u00e1s de mil 300 personas en varias regiones. Las autoridades de la divisi\u00f3n territorial contabilizan los da\u00f1os por las precipitaciones [&hellip;]<\/p>\n","protected":false},"author":5,"featured_media":581249,"comment_status":"closed","ping_status":"closed","sticky":true,"template":"","format":"standard","meta":{"footnotes":""},"categories":[23],"tags":[],"class_list":["post-581246","post","type-post","status-publish","format-standard","has-post-thumbnail","hentry","category-internacional"],"_links":{"self":[{"href":"https:\/\/diariodominicano.com\/index.php?rest_route=\/wp\/v2\/posts\/581246","targetHints":{"allow":["GET"]}}],"collection":[{"href":"https:\/\/diariodominicano.com\/index.php?rest_route=\/wp\/v2\/posts"}],"about":[{"href":"https:\/\/diariodominicano.com\/index.php?rest_route=\/wp\/v2\/types\/post"}],"author":[{"embeddable":true,"href":"https:\/\/diariodominicano.com\/index.php?rest_route=\/wp\/v2\/users\/5"}],"replies":[{"embeddable":true,"href":"https:\/\/diariodominicano.com\/index.php?rest_route=%2Fwp%2Fv2%2Fcomments&post=581246"}],"version-history":[{"count":1,"href":"https:\/\/diariodominicano.com\/index.php?rest_route=\/wp\/v2\/posts\/581246\/revisions"}],"predecessor-version":[{"id":581250,"href":"https:\/\/diariodominicano.com\/index.php?rest_route=\/wp\/v2\/posts\/581246\/revisions\/581250"}],"wp:featuredmedia":[{"embeddable":true,"href":"https:\/\/diariodominicano.com\/index.php?rest_route=\/wp\/v2\/media\/581249"}],"wp:attachment":[{"href":"https:\/\/diariodominicano.com\/index.php?rest_route=%2Fwp%2Fv2%2Fmedia&parent=581246"}],"wp:term":[{"taxonomy":"category","embeddable":true,"href":"https:\/\/diariodominicano.com\/index.php?rest_route=%2Fwp%2Fv2%2Fcategories&post=581246"},{"taxonomy":"post_tag","embeddable":true,"href":"https:\/\/diariodominicano.com\/index.php?rest_route=%2Fwp%2Fv2%2Ftags&post=581246"}],"curies":[{"name":"wp","href":"https:\/\/api.w.org\/{rel}","templated":true}]}}