{"id":581224,"date":"2024-12-08T17:12:14","date_gmt":"2024-12-08T21:12:14","guid":{"rendered":"https:\/\/diariodominicano.com\/?p=581224"},"modified":"2024-12-08T19:25:00","modified_gmt":"2024-12-08T23:25:00","slug":"el-futuro-de-siria-debe-ser-decidido-por-su-pueblo-dice-iran","status":"publish","type":"post","link":"https:\/\/diariodominicano.com\/?p=581224","title":{"rendered":"El futuro de Siria debe ser decidido por su pueblo, dice Ir\u00e1n"},"content":{"rendered":"\n<p>diariodominicano.com<\/p>\n\n\n\n<p>TEHER\u00c1N, 8 dic (Xinhua) &#8212; Ir\u00e1n expres\u00f3 hoy domingo su convicci\u00f3n de que el pueblo sirio debe tener el derecho exclusivo de determinar su propio futuro, libre de cualquier interferencia o imposici\u00f3n extranjera. En respuesta a los acontecimientos recientes en Siria, incluyendo la ca\u00edda del Gobierno del presidente Bashar al-Assad, la canciller\u00eda iran\u00ed dijo en un comunicado que \u00ab&#8230; la determinaci\u00f3n del futuro de Siria y la toma de decisiones sobre su destino son exclusivamente responsabilidad del pueblo sirio, sin ninguna interferencia destructiva o imposici\u00f3n externa\u00bb. El ministerio agreg\u00f3 que para lograr eso, es necesario poner fin a los conflictos militares en el pa\u00eds lo antes posible, prevenir las acciones terroristas y empezar el di\u00e1logo nacional que involucre a todos los sectores de la sociedad de Siria para formar un Gobierno incluyendote que represente. a todo el pueblo sirio. El comunicado agreg\u00f3 que Ir\u00e1n no escatimar\u00e1 ning\u00fan esfuerzo para ayudar a garantizar la seguridad y estabilidad en Siria y que continuar\u00e1n las consultas con todas las partes influyentes, en especial en la regi\u00f3n de Asia Occidental. Esta ma\u00f1ana, fuerzas opositoras tomaron por asalto la embajada de Ir\u00e1n en Damasco tras capturar la capital siria. El vocero de la canciller\u00eda iran\u00ed, Esmaeil Baghaei, confirm\u00f3 que la embajada hab\u00eda sido evacuada antes de la incursi\u00f3n.<\/p>\n","protected":false},"excerpt":{"rendered":"<p>diariodominicano.com TEHER\u00c1N, 8 dic (Xinhua) &#8212; Ir\u00e1n expres\u00f3 hoy domingo su convicci\u00f3n de que el pueblo sirio debe tener el derecho exclusivo de determinar su propio futuro, libre de cualquier interferencia o imposici\u00f3n extranjera. En respuesta a los acontecimientos recientes en Siria, incluyendo la ca\u00edda del Gobierno del presidente Bashar al-Assad, la canciller\u00eda iran\u00ed dijo [&hellip;]<\/p>\n","protected":false},"author":5,"featured_media":581227,"comment_status":"closed","ping_status":"closed","sticky":true,"template":"","format":"standard","meta":{"footnotes":""},"categories":[23],"tags":[],"class_list":["post-581224","post","type-post","status-publish","format-standard","has-post-thumbnail","hentry","category-internacional"],"_links":{"self":[{"href":"https:\/\/diariodominicano.com\/index.php?rest_route=\/wp\/v2\/posts\/581224","targetHints":{"allow":["GET"]}}],"collection":[{"href":"https:\/\/diariodominicano.com\/index.php?rest_route=\/wp\/v2\/posts"}],"about":[{"href":"https:\/\/diariodominicano.com\/index.php?rest_route=\/wp\/v2\/types\/post"}],"author":[{"embeddable":true,"href":"https:\/\/diariodominicano.com\/index.php?rest_route=\/wp\/v2\/users\/5"}],"replies":[{"embeddable":true,"href":"https:\/\/diariodominicano.com\/index.php?rest_route=%2Fwp%2Fv2%2Fcomments&post=581224"}],"version-history":[{"count":1,"href":"https:\/\/diariodominicano.com\/index.php?rest_route=\/wp\/v2\/posts\/581224\/revisions"}],"predecessor-version":[{"id":581228,"href":"https:\/\/diariodominicano.com\/index.php?rest_route=\/wp\/v2\/posts\/581224\/revisions\/581228"}],"wp:featuredmedia":[{"embeddable":true,"href":"https:\/\/diariodominicano.com\/index.php?rest_route=\/wp\/v2\/media\/581227"}],"wp:attachment":[{"href":"https:\/\/diariodominicano.com\/index.php?rest_route=%2Fwp%2Fv2%2Fmedia&parent=581224"}],"wp:term":[{"taxonomy":"category","embeddable":true,"href":"https:\/\/diariodominicano.com\/index.php?rest_route=%2Fwp%2Fv2%2Fcategories&post=581224"},{"taxonomy":"post_tag","embeddable":true,"href":"https:\/\/diariodominicano.com\/index.php?rest_route=%2Fwp%2Fv2%2Ftags&post=581224"}],"curies":[{"name":"wp","href":"https:\/\/api.w.org\/{rel}","templated":true}]}}